{"id":472730,"date":"2025-10-18T15:08:14","date_gmt":"2025-10-18T15:08:14","guid":{"rendered":"https:\/\/www.europesays.com\/fr\/472730\/"},"modified":"2025-10-18T15:08:14","modified_gmt":"2025-10-18T15:08:14","slug":"saint-etienne-controle-au-volant-dune-puissante-berline-en-possession-de-cannabis-et-sans-permis-valide","status":"publish","type":"post","link":"https:\/\/www.europesays.com\/fr\/472730\/","title":{"rendered":"Saint-Etienne. Contr\u00f4l\u00e9 au volant d\u2019une puissante berline en possession de cannabis et sans permis valide"},"content":{"rendered":"<p>Mercredi 15\u00a0octobre, les policiers de la Brigade anticriminalit\u00e9 se trouvent rue du docteur R\u00e9my-Annino, dans le quartier de Bergson \u00e0 Saint-Etienne, quand ils d\u00e9cident de proc\u00e9der au contr\u00f4le du conducteur d\u2019un v\u00e9hicule de type Audi RS 3.<\/p>\n<p>Au cours de la fouille de s\u00e9curit\u00e9, les fonctionnaires d\u00e9couvrent que ce dernier est porteur d\u2019une vingtaine de grammes de r\u00e9sine de cannabis.<\/p>\n<p>  Son v\u00e9hicule plac\u00e9 en fourri\u00e8re<\/p>\n<p>Mais ils ne vont pas s\u2019arr\u00eater en si bon chemin et poursuivre leurs investigations. En passant, le nom du jeune homme au volant dans le fichier, les forces de l\u2019ordre s\u2019aper\u00e7oivent que ce dernier circule avec un permis de conduire invalide, dans la mesure o\u00f9 son solde de points est nul.<\/p>\n<p>\u00c2g\u00e9 de 31 ans, le conducteur de la puissante berline a finalement \u00e9t\u00e9 interpell\u00e9 avant d\u2019\u00eatre plac\u00e9 en garde \u00e0 vue. \u00c0 l\u2019issue, il s\u2019est vu signifier une convocation devant le tribunal correctionnel de Saint-Etienne au cours des prochaines. Il devra notamment r\u00e9pondre de l\u2019usage de produits stup\u00e9fiants et de d\u00e9faut de permis de conduire. Son v\u00e9hicule a \u00e9t\u00e9 plac\u00e9 en fourri\u00e8re.<\/p>\n","protected":false},"excerpt":{"rendered":"Mercredi 15\u00a0octobre, les policiers de la Brigade anticriminalit\u00e9 se trouvent rue du docteur R\u00e9my-Annino, dans le quartier de&hellip;\n","protected":false},"author":2,"featured_media":472731,"comment_status":"","ping_status":"","sticky":false,"template":"","format":"standard","meta":{"footnotes":""},"categories":[9653],"tags":[1111,11,2430,271,272,7539,1777,674,274,1011,27,3367,12,25,4001,7538,104],"class_list":{"0":"post-472730","1":"post","2":"type-post","3":"status-publish","4":"format-standard","5":"has-post-thumbnail","7":"category-saint-etienne","8":"tag-actu","9":"tag-actualites","10":"tag-auvergne-rhone-alpes","11":"tag-crime","12":"tag-delit-et-contravention","13":"tag-edition-loire-sud","14":"tag-eu","15":"tag-europe","16":"tag-faits-divers-justice","17":"tag-fr","18":"tag-france","19":"tag-loire","20":"tag-news","21":"tag-republique-francaise","22":"tag-saint-etienne","23":"tag-saint-etienne-ville","24":"tag-societe"},"share_on_mastodon":{"url":"https:\/\/pubeurope.com\/@fr\/115395802241800474","error":""},"_links":{"self":[{"href":"https:\/\/www.europesays.com\/fr\/wp-json\/wp\/v2\/posts\/472730","targetHints":{"allow":["GET"]}}],"collection":[{"href":"https:\/\/www.europesays.com\/fr\/wp-json\/wp\/v2\/posts"}],"about":[{"href":"https:\/\/www.europesays.com\/fr\/wp-json\/wp\/v2\/types\/post"}],"author":[{"embeddable":true,"href":"https:\/\/www.europesays.com\/fr\/wp-json\/wp\/v2\/users\/2"}],"replies":[{"embeddable":true,"href":"https:\/\/www.europesays.com\/fr\/wp-json\/wp\/v2\/comments?post=472730"}],"version-history":[{"count":0,"href":"https:\/\/www.europesays.com\/fr\/wp-json\/wp\/v2\/posts\/472730\/revisions"}],"wp:featuredmedia":[{"embeddable":true,"href":"https:\/\/www.europesays.com\/fr\/wp-json\/wp\/v2\/media\/472731"}],"wp:attachment":[{"href":"https:\/\/www.europesays.com\/fr\/wp-json\/wp\/v2\/media?parent=472730"}],"wp:term":[{"taxonomy":"category","embeddable":true,"href":"https:\/\/www.europesays.com\/fr\/wp-json\/wp\/v2\/categories?post=472730"},{"taxonomy":"post_tag","embeddable":true,"href":"https:\/\/www.europesays.com\/fr\/wp-json\/wp\/v2\/tags?post=472730"}],"curies":[{"name":"wp","href":"https:\/\/api.w.org\/{rel}","templated":true}]}}