{"id":472732,"date":"2025-10-18T15:09:13","date_gmt":"2025-10-18T15:09:13","guid":{"rendered":"https:\/\/www.europesays.com\/fr\/472732\/"},"modified":"2025-10-18T15:09:13","modified_gmt":"2025-10-18T15:09:13","slug":"claude-lemesle-le-parolier-des-stars-de-la-chanson-francaise-sur-scene","status":"publish","type":"post","link":"https:\/\/www.europesays.com\/fr\/472732\/","title":{"rendered":"Claude Lemesle, le parolier des stars de la chanson fran\u00e7aise sur sc\u00e8ne"},"content":{"rendered":"<p>Claude Lemesle, l\u2019homme aux 4\u00a0000 chansons, sera sur la sc\u00e8ne de l\u2019espace Jean-Jaur\u00e8s. Il chantera quelques-unes des chansons qu\u2019il a \u00e9crites pour certains de ses grands interpr\u00e8tes comme Serge Reggiani, Joe Dassin, Alice Dona, Michel Fugain, Gilbert B\u00e9caud et tant d\u2019autres. Il interpr\u00e9tera aussi quelques \u00ab\u00a0belles inconnues\u00a0\u00bb. Dans cette version acoustique, l\u2019artiste sera accompagn\u00e9 \u00e0 la guitare par Philippe Hervou\u00ebt.<\/p>\n<p class=\"note\">Jeudi 23\u00a0octobre, \u00e0 20\u00a0h\u00a030, \u00e0 l\u2019espace Jean-Jaur\u00e8s, place des Arts, \u00e0 Tomblaine. Tarif\u00a0: 15\u00a0\u20ac. R\u00e9servations au 03\u00a083\u00a033\u00a027\u00a050.<\/p>\n","protected":false},"excerpt":{"rendered":"Claude Lemesle, l\u2019homme aux 4\u00a0000 chansons, sera sur la sc\u00e8ne de l\u2019espace Jean-Jaur\u00e8s. Il chantera quelques-unes des chansons&hellip;\n","protected":false},"author":2,"featured_media":472733,"comment_status":"","ping_status":"","sticky":false,"template":"","format":"standard","meta":{"footnotes":""},"categories":[9635],"tags":[1111,11,1687,1704,1777,674,1011,27,775,11260,873,1702,12,25,11703],"class_list":{"0":"post-472732","1":"post","2":"type-post","3":"status-publish","4":"format-standard","5":"has-post-thumbnail","7":"category-nancy","8":"tag-actu","9":"tag-actualites","10":"tag-culture-loisirs","11":"tag-edition-nancy-et-agglomeration","12":"tag-eu","13":"tag-europe","14":"tag-fr","15":"tag-france","16":"tag-grand-est","17":"tag-metropole-du-grand-nancy-54b4","18":"tag-musique","19":"tag-nancy","20":"tag-news","21":"tag-republique-francaise","22":"tag-tomblaine"},"share_on_mastodon":{"url":"https:\/\/pubeurope.com\/@fr\/115395806156253246","error":""},"_links":{"self":[{"href":"https:\/\/www.europesays.com\/fr\/wp-json\/wp\/v2\/posts\/472732","targetHints":{"allow":["GET"]}}],"collection":[{"href":"https:\/\/www.europesays.com\/fr\/wp-json\/wp\/v2\/posts"}],"about":[{"href":"https:\/\/www.europesays.com\/fr\/wp-json\/wp\/v2\/types\/post"}],"author":[{"embeddable":true,"href":"https:\/\/www.europesays.com\/fr\/wp-json\/wp\/v2\/users\/2"}],"replies":[{"embeddable":true,"href":"https:\/\/www.europesays.com\/fr\/wp-json\/wp\/v2\/comments?post=472732"}],"version-history":[{"count":0,"href":"https:\/\/www.europesays.com\/fr\/wp-json\/wp\/v2\/posts\/472732\/revisions"}],"wp:featuredmedia":[{"embeddable":true,"href":"https:\/\/www.europesays.com\/fr\/wp-json\/wp\/v2\/media\/472733"}],"wp:attachment":[{"href":"https:\/\/www.europesays.com\/fr\/wp-json\/wp\/v2\/media?parent=472732"}],"wp:term":[{"taxonomy":"category","embeddable":true,"href":"https:\/\/www.europesays.com\/fr\/wp-json\/wp\/v2\/categories?post=472732"},{"taxonomy":"post_tag","embeddable":true,"href":"https:\/\/www.europesays.com\/fr\/wp-json\/wp\/v2\/tags?post=472732"}],"curies":[{"name":"wp","href":"https:\/\/api.w.org\/{rel}","templated":true}]}}