{"id":472743,"date":"2025-10-18T15:15:14","date_gmt":"2025-10-18T15:15:14","guid":{"rendered":"https:\/\/www.europesays.com\/fr\/472743\/"},"modified":"2025-10-18T15:15:14","modified_gmt":"2025-10-18T15:15:14","slug":"decouvrez-les-nouveautes-de-la-mediatheque-du-petit-quevilly","status":"publish","type":"post","link":"https:\/\/www.europesays.com\/fr\/472743\/","title":{"rendered":"d\u00e9couvrez les nouveaut\u00e9s de la m\u00e9diath\u00e8que du Petit-Quevilly"},"content":{"rendered":"<p>            Par<br \/>\n        <strong><br \/>\n            <a href=\"https:\/\/actu.fr\/auteur\/fmass\" title=\"Consulter tous les articles de Fabien Massin\" target=\"_blank\" rel=\"noopener\">Fabien Massin<\/a><br \/>\n        <\/strong><\/p>\n<p>        Publi\u00e9 le<\/p>\n<p>            18 oct. 2025 \u00e0 16h38        <\/p>\n<p>Des livres, des disques, des DVDs, des journaux, des services num\u00e9riques\u2026 et d\u00e9sormais des plantes et des loisirs cr\u00e9atifs. Depuis la rentr\u00e9e de septembre\u00a02025,<strong> la m\u00e9diath\u00e8que Fran\u00e7ois-Truffaut, au Petit-Quevilly<\/strong>, dans l\u2019agglo de<a href=\"https:\/\/actu.fr\/normandie\/rouen_76540\" target=\"_blank\" rel=\"noopener\"> Rouen (Seine-Maritime)<\/a>, propose deux nouveaux services\u2009: une <strong>bouturoth\u00e8que<\/strong> et une <strong>cr\u00e9ath\u00e8que<\/strong>.<\/p>\n<p>Des services sur le principe du troc<\/p>\n<p class=\" wall-content\">\u00ab\u2009L\u2019id\u00e9e, dans un contexte de transition \u00e9cologique, est de proposer de nouveaux services \u00e0 la m\u00e9diath\u00e8que sur le principe du troc\u2009\u00bb, explique Laur\u00e8ne Pain-Prado, directrice de la m\u00e9diath\u00e8que.<\/p>\n<p class=\" wall-content\">C\u00f4t\u00e9 plantes, les boutures sont d\u00e9pos\u00e9es par les particuliers<strong> dans un meuble install\u00e9 au rez-de-chauss\u00e9e de la biblioth\u00e8que<\/strong>, parmi les rang\u00e9es de livres. Chaque bouture doit comporter une notice descriptive (essence, plante d\u2019int\u00e9rieure ou d\u2019ext\u00e9rieur). Ensuite, quand une bouture est pr\u00eate, on peut la ramener chez soi. Pour cela, pas besoin d\u2019inscription,<strong> c\u2019est totalement libre<\/strong>.<\/p>\n<p>Pas d\u2019inscription<\/p>\n<p class=\" wall-content\">\u00ab<strong>\u2009On entre librement dans toutes les biblioth\u00e8ques publiques<\/strong> sans avoir besoin de s\u2019inscrire\u2009\u00bb, rappelle d\u2019ailleurs Laur\u00e8ne Pain-Prado.<\/p>\n<p class=\" wall-content\">Non loin de la bouturoth\u00e8que se trouve la <strong>cr\u00e9ath\u00e8que<\/strong>. L\u00e0, on y trouve des chutes de tissus, de fils \u00e0 coudre, de papiers divers, etc. \u00c0 noter qu\u2019aucun investissement neuf n\u2019a \u00e9t\u00e9 r\u00e9alis\u00e9 pour mettre en place ces nouveaux services, seul du mat\u00e9riel de r\u00e9cup\u00e9ration a \u00e9t\u00e9 utilis\u00e9.<\/p>\n<p class=\" wall-content\">\n    <img   decoding=\"async\" loading=\"lazy\" src=\"https:\/\/www.europesays.com\/fr\/wp-content\/uploads\/2025\/10\/boutures-jardinage-rouen-960x640.jpg\" alt=\"Les boutures sont accompagn\u00e9es d'une petite notice descriptive. \" width=\"960\" height=\"640\"\/><br \/>\n    Les boutures sont accompagn\u00e9es d\u2019une petite notice descriptive. (\u00a9FM\/76actu)<br \/>\n    <img   decoding=\"async\" loading=\"lazy\" src=\"https:\/\/www.europesays.com\/fr\/wp-content\/uploads\/2025\/10\/creatheque-petit-quevilly-rouen-loisirs-creatifs-960x640.jpg\" alt=\"Du c\u00f4t\u00e9 de la cr\u00e9ath\u00e8que. \" width=\"960\" height=\"640\"\/><br \/>\n    Du c\u00f4t\u00e9 de la cr\u00e9ath\u00e8que. (\u00a9FM\/76actu)<\/p>\n<p class=\" wall-content\">Par ailleurs, \u00e0 l\u2019entr\u00e9e de la m\u00e9diath\u00e8que, sur un portemanteau, on peut \u00e9galement d\u00e9poser des tote-bags dont on ne sert plus et inversement se servir si l\u2019on en a besoin, pour ramener une pile de livres emprunt\u00e9s sur place, par exemple.<\/p>\n<p>Suivez l\u2019actualit\u00e9 de Rouen sur notre <a href=\"https:\/\/www.whatsapp.com\/channel\/0029VaKfnf99hXF2ddApFB1D\" target=\"_blank\" rel=\"noopener\">cha\u00eene WhatsApp<\/a> et sur notre <a href=\"https:\/\/www.tiktok.com\/@76actu.fr?lang=fr\" target=\"_blank\" rel=\"noopener\">compte TikTok<\/a><\/p>\n<p class=\" wall-content\">Personnalisez votre actualit\u00e9 en ajoutant vos villes et m\u00e9dias en favori avec <a href=\"https:\/\/moncompte.actu.fr\" title=\"D\u00e9couvez Mon Actu\" rel=\"nofollow noopener\" data-trk=\"{&quot;cta&quot;:{&quot;action&quot;:&quot;https:\\\/\\\/moncompte.actu.fr&quot;,&quot;category&quot;:&quot;mon compte&quot;,&quot;from&quot;:&quot;article footer&quot;,&quot;name&quot;:&quot;Mon actu&quot;,&quot;type&quot;:&quot;cta&quot;}}\" target=\"_blank\">Mon Actu<\/a>.<\/p>\n<p>                    <script async src=\"\/\/www.tiktok.com\/embed.js\"><\/script><\/p>\n","protected":false},"excerpt":{"rendered":"Par Fabien Massin Publi\u00e9 le 18 oct. 2025 \u00e0 16h38 Des livres, des disques, des DVDs, des journaux,&hellip;\n","protected":false},"author":2,"featured_media":472744,"comment_status":"","ping_status":"","sticky":false,"template":"","format":"standard","meta":{"footnotes":""},"categories":[9587],"tags":[1111,11,9086,436,1777,674,1011,27,2575,1652,12,5161,25,9590],"class_list":{"0":"post-472743","1":"post","2":"type-post","3":"status-publish","4":"format-standard","5":"has-post-thumbnail","7":"category-rouen","8":"tag-actu","9":"tag-actualites","10":"tag-bon-plan-a-rouen","11":"tag-environnement","12":"tag-eu","13":"tag-europe","14":"tag-fr","15":"tag-france","16":"tag-jardinage","17":"tag-loisirs-culture","18":"tag-news","19":"tag-normandie","20":"tag-republique-francaise","21":"tag-rouen"},"share_on_mastodon":{"url":"https:\/\/pubeurope.com\/@fr\/115395830639370691","error":""},"_links":{"self":[{"href":"https:\/\/www.europesays.com\/fr\/wp-json\/wp\/v2\/posts\/472743","targetHints":{"allow":["GET"]}}],"collection":[{"href":"https:\/\/www.europesays.com\/fr\/wp-json\/wp\/v2\/posts"}],"about":[{"href":"https:\/\/www.europesays.com\/fr\/wp-json\/wp\/v2\/types\/post"}],"author":[{"embeddable":true,"href":"https:\/\/www.europesays.com\/fr\/wp-json\/wp\/v2\/users\/2"}],"replies":[{"embeddable":true,"href":"https:\/\/www.europesays.com\/fr\/wp-json\/wp\/v2\/comments?post=472743"}],"version-history":[{"count":0,"href":"https:\/\/www.europesays.com\/fr\/wp-json\/wp\/v2\/posts\/472743\/revisions"}],"wp:featuredmedia":[{"embeddable":true,"href":"https:\/\/www.europesays.com\/fr\/wp-json\/wp\/v2\/media\/472744"}],"wp:attachment":[{"href":"https:\/\/www.europesays.com\/fr\/wp-json\/wp\/v2\/media?parent=472743"}],"wp:term":[{"taxonomy":"category","embeddable":true,"href":"https:\/\/www.europesays.com\/fr\/wp-json\/wp\/v2\/categories?post=472743"},{"taxonomy":"post_tag","embeddable":true,"href":"https:\/\/www.europesays.com\/fr\/wp-json\/wp\/v2\/tags?post=472743"}],"curies":[{"name":"wp","href":"https:\/\/api.w.org\/{rel}","templated":true}]}}