{"id":472745,"date":"2025-10-18T15:16:15","date_gmt":"2025-10-18T15:16:15","guid":{"rendered":"https:\/\/www.europesays.com\/fr\/472745\/"},"modified":"2025-10-18T15:16:15","modified_gmt":"2025-10-18T15:16:15","slug":"un-circuit-a-faible-trafic-de-55-km-de-forges-les-eaux-a-rouen-en-velo","status":"publish","type":"post","link":"https:\/\/www.europesays.com\/fr\/472745\/","title":{"rendered":"un circuit \u00e0 faible trafic de 55 km de Forges-les-Eaux \u00e0 Rouen en v\u00e9lo"},"content":{"rendered":"<p>            Par<br \/>\n        <strong><br \/>\n            <a href=\"https:\/\/actu.fr\/auteur\/laurent-hellier\" title=\"Consulter tous les articles de Laurent Hellier\" target=\"_blank\" rel=\"noopener\">Laurent Hellier<\/a><br \/>\n        <\/strong><\/p>\n<p>        Publi\u00e9 le<\/p>\n<p>            18 oct. 2025 \u00e0 16h36        <\/p>\n<p><b>Vendredi 17 octobre 2025<\/b>, Bertrand Bellanger, pr\u00e9sident du D\u00e9partement de la<b> Seine-Maritime<\/b>,\u00a0 \u00c9ric Herbet, pr\u00e9sident de la Communaut\u00e9 de Communes Inter Caux Vexin et <a href=\"https:\/\/actu.fr\/normandie\/gournay-en-bray_76312\/mouvement-social-a-gournay-en-bray-eric-picard-maire-repond-aux-revendications-des-manifestants_63122744.html\" target=\"_blank\" rel=\"noopener\">\u00c9ric Picard<\/a>, Pr\u00e9sident de la\u00a0 Communaut\u00e9 de Communes des<a href=\"https:\/\/actu.fr\/normandie\/gournay-en-bray_76312\/petite-enfance-et-dechetterie-a-gournay-en-bray-des-lacunes-importantes-selon-la-chambre-des-comptes_63260657.html\" target=\"_blank\" rel=\"noopener\"> 4 Rivi\u00e8res en Bray<\/a>, ont inaugur\u00e9 la V\u00e9loroute des Thermes au Domaine de\u00a0 <b>Bois-H\u00e9roult<\/b>. Cette <b>V\u00e9loroute <\/b>est disponible depuis le mois d\u2019avril 2025. Il ne restait plus qu\u2019\u00e0 l\u2019inaugurer.<\/p>\n<p>V\u00e9loroute des Thermes jusqu\u2019\u00e0 Rouen<\/p>\n<p class=\" wall-content\">\u00ab\u00a0La cr\u00e9ation de la <b>V\u00e9loroute <\/b>des Thermes est n\u00e9e de la volont\u00e9 du D\u00e9partement de la Seine-Maritime de d\u00e9velopper l\u2019offre touristique aupr\u00e8s des cyclistes, de plus en plus nombreux sur le territoire, et\u00a0 d\u2019en faire un outil de mobilit\u00e9 du quotidien pour accompagner de nouvelles\u00a0 habitudes\u00a0\u00bb explique le D\u00e9partement dans un communiqu\u00e9.<\/p>\n<p class=\" wall-content\">La V\u00e9loroute des Thermes couvre un itin\u00e9raire cyclable de 55 km reliant <a href=\"https:\/\/actu.fr\/normandie\/forges-les-eaux_76276\" target=\"_blank\" rel=\"noopener\">Forges-les-Eaux<\/a> \u00e0 Rouen. C\u2019est donc aussi l\u2019occasion de raccorder l\u2019<a href=\"https:\/\/actu.fr\/tag\/avenue-verte\" target=\"_blank\" rel=\"noopener\">Avenue Verte Londres-Paris<\/a> et la Seine \u00e0 v\u00e9lo.<\/p>\n<p>    <img   decoding=\"async\" loading=\"lazy\" class=\"size-large\" src=\"https:\/\/www.europesays.com\/fr\/wp-content\/uploads\/2025\/10\/f5c463de12f860ac463de12f8fdc46v-960x640.jpg\" alt=\"Eric Picard, pr\u00e9sident de la communaut\u00e9 de communes des 4Rivi\u00e8res \u00e9tait \u00e0 Bois-H\u00e9roult pour l'inauguration de la v\u00e9loroute\" width=\"960\" height=\"640\"\/><br \/>\n    Eric Picard, pr\u00e9sident de la communaut\u00e9 de communes des 4Rivi\u00e8res \u00e9tait \u00e0 Bois-H\u00e9roult pour l\u2019inauguration de la v\u00e9loroute des Thermes. \u00a9D\u00e9partement 76Forges, Roncherolles-en-Bray, Rouvray-Catillon\u2026<\/p>\n<p class=\" wall-content\">\u00ab\u00a0Int\u00e9gr\u00e9 au <a href=\"https:\/\/www.seinemaritime.fr\/aides-et-demarches\/amenagements-cyclables-inscrits-au-schema-directeur-departemental-des-veloroutes\/\" target=\"_blank\" rel=\"noopener\">Sch\u00e9ma Directeur D\u00e9partemental des\u00a0 V\u00e9loroutes et Voies Vertes de la Seine-Maritime,<\/a> cet am\u00e9nagement cyclable a \u00e9t\u00e9 retenu en Commission\u00a0D\u00e9partementale Sites et Itin\u00e9raires le 14 d\u00e9cembre 2023 et s\u2019inscrit majoritairement sur des voies \u00e0 faible trafic\u00a0\u00bb d\u00e9taille le D\u00e9partement.\u00a0\u00a0<\/p>\n<p class=\" wall-content\">Cette <b>V\u00e9loroute <\/b>des Thermes permet de traverser<b> 17 communes<\/b> en partant de Forges-les-Eaux et donc de l\u2019Avenue verte. Ensuite, il n\u2019y a plus qu\u2019\u00e0 p\u00e9daler : Roncherolles-en-Bray, Rouvray-Catillon, Bosc-Edeline, Bois-H\u00e9roult, Bois-Guilbert, H\u00e9ronchelles, Rebets, Boissay, Catenay, Blainville-Crevon, La Vieux Rue, Morgny-la-Pommeraye, Quincampoix, Isneauville, Bois-Guillaume et Rouen.<\/p>\n<p>Vid\u00e9os : en ce moment sur Actu<br \/>\n    <a href=\"https:\/\/www.facebook.com\/plugins\/post.php?href=https%3A%2F%2Fwww.facebook.com%2Fseinemaritimedepartement%2Fposts%2Fpfbid0WTFytRGkz3NiurZErP4ECasgMVsznA3YizrYfetSsYVeKNoCub8AZ55fPg5xCCBbl&amp;show_text=true&amp;width=350\" title=\"Ouvrie le lien\" target=\"_blank\" rel=\"noopener\">Cliquez ici pour visualiser le contenu<\/a><\/p>\n<p class=\" wall-content\">Cet\u00a0<b>itin\u00e9raire cyclable<\/b> permet \u00e9galement de boucler le Tour de la Seine-Maritime \u00e0 v\u00e9lo. Ce circuit propose aux cyclotouristes de d\u00e9couvrir la diversit\u00e9 des paysages impressionnants de la Seine-Maritime \u00e0 travers le Pays de Bray, la C\u00f4te d\u2019Alb\u00e2tre et la Vall\u00e9e de la Seine en circulant sur les v\u00e9loroutes de l\u2019Avenue Verte London-Paris,\u00a0la V\u00e9lomaritime ou la V\u00e9loroute du Lin et La Seine \u00e0 V\u00e9lo.<\/p>\n<p>Votre r\u00e9gion, votre actu !<\/p>\n<p>Recevez chaque jour les infos qui comptent pour vous.<\/p>\n<p>\t<a href=\"https:\/\/actu.fr\/newsletter\" class=\"ac-btn ac-btn--corner ac-btn--medium ac-btn--blue800\" target=\"_blank\" rel=\"noopener\">S&rsquo;incrire<\/a><\/p>\n<p class=\" wall-content\">Le D\u00e9partement de la Seine Maritime a assur\u00e9 le pilotage du projet, ainsi que le financement de la signalisation\u00a0 mise en place durant l\u2019\u00e9t\u00e9 2025, \u00e0 hauteur de 46 000 \u20ac TTC pour la fourniture et la pose de la signalisation verticale.<\/p>\n<p class=\" wall-content\">Personnalisez votre actualit\u00e9 en ajoutant vos villes et m\u00e9dias en favori avec <a href=\"https:\/\/moncompte.actu.fr\" title=\"D\u00e9couvez Mon Actu\" rel=\"nofollow noopener\" data-trk=\"{&quot;cta&quot;:{&quot;action&quot;:&quot;https:\\\/\\\/moncompte.actu.fr&quot;,&quot;category&quot;:&quot;mon compte&quot;,&quot;from&quot;:&quot;article footer&quot;,&quot;name&quot;:&quot;Mon actu&quot;,&quot;type&quot;:&quot;cta&quot;}}\" target=\"_blank\">Mon Actu<\/a>.<\/p>\n","protected":false},"excerpt":{"rendered":"Par Laurent Hellier Publi\u00e9 le 18 oct. 2025 \u00e0 16h36 Vendredi 17 octobre 2025, Bertrand Bellanger, pr\u00e9sident du&hellip;\n","protected":false},"author":2,"featured_media":472746,"comment_status":"","ping_status":"","sticky":false,"template":"","format":"standard","meta":{"footnotes":""},"categories":[9587],"tags":[1111,11,1777,674,1011,27,12,5161,10175,4798,25,9590,104],"class_list":{"0":"post-472745","1":"post","2":"type-post","3":"status-publish","4":"format-standard","5":"has-post-thumbnail","7":"category-rouen","8":"tag-actu","9":"tag-actualites","10":"tag-eu","11":"tag-europe","12":"tag-fr","13":"tag-france","14":"tag-news","15":"tag-normandie","16":"tag-pays-de-bray","17":"tag-pistes-cyclables","18":"tag-republique-francaise","19":"tag-rouen","20":"tag-societe"},"share_on_mastodon":{"url":"https:\/\/pubeurope.com\/@fr\/115395833757486944","error":""},"_links":{"self":[{"href":"https:\/\/www.europesays.com\/fr\/wp-json\/wp\/v2\/posts\/472745","targetHints":{"allow":["GET"]}}],"collection":[{"href":"https:\/\/www.europesays.com\/fr\/wp-json\/wp\/v2\/posts"}],"about":[{"href":"https:\/\/www.europesays.com\/fr\/wp-json\/wp\/v2\/types\/post"}],"author":[{"embeddable":true,"href":"https:\/\/www.europesays.com\/fr\/wp-json\/wp\/v2\/users\/2"}],"replies":[{"embeddable":true,"href":"https:\/\/www.europesays.com\/fr\/wp-json\/wp\/v2\/comments?post=472745"}],"version-history":[{"count":0,"href":"https:\/\/www.europesays.com\/fr\/wp-json\/wp\/v2\/posts\/472745\/revisions"}],"wp:featuredmedia":[{"embeddable":true,"href":"https:\/\/www.europesays.com\/fr\/wp-json\/wp\/v2\/media\/472746"}],"wp:attachment":[{"href":"https:\/\/www.europesays.com\/fr\/wp-json\/wp\/v2\/media?parent=472745"}],"wp:term":[{"taxonomy":"category","embeddable":true,"href":"https:\/\/www.europesays.com\/fr\/wp-json\/wp\/v2\/categories?post=472745"},{"taxonomy":"post_tag","embeddable":true,"href":"https:\/\/www.europesays.com\/fr\/wp-json\/wp\/v2\/tags?post=472745"}],"curies":[{"name":"wp","href":"https:\/\/api.w.org\/{rel}","templated":true}]}}