{"id":472747,"date":"2025-10-18T15:18:00","date_gmt":"2025-10-18T15:18:00","guid":{"rendered":"https:\/\/www.europesays.com\/fr\/472747\/"},"modified":"2025-10-18T15:18:00","modified_gmt":"2025-10-18T15:18:00","slug":"quantique-alain-aspect-un-prix-nobel-de-physique-a-grenoble-einstein-navait-pas-raison","status":"publish","type":"post","link":"https:\/\/www.europesays.com\/fr\/472747\/","title":{"rendered":"Quantique. Alain Aspect, un\u00a0prix Nobel de physique \u00e0 Grenoble : \u00ab\u00a0Einstein n\u2019avait pas raison\u00a0\u00bb"},"content":{"rendered":"<p>Alain Aspect, c\u2019est un \u00ab\u00a0palmar\u00e8s\u00a0\u00bb qui laisse r\u00eaveur. 16 prix, dont le Nobel en 2022, membre de neuf acad\u00e9mies, directeur de recherche \u00e9m\u00e9rite au CNRS affili\u00e9 \u00e0 l\u2019ENS Paris Saclay. Et il a ceci de singulier qu\u2019il a \u00ab\u00a0crois\u00e9 le fer\u00a0\u00bb avec Albert Einstein. Il a d\u00e9montr\u00e9 que, sur sa vision du quantique, \u00ab\u00a0il n\u2019avait pas raison\u00a0\u00bb. Subtil. Car on ne peut dire de celui qui ne \u00ab\u00a0savait pas faire autre chose qu\u2019exceller\u00a0\u00bb, qu\u2019il s\u2019\u00e9tait tromp\u00e9. Et Aspect, l\u2019homme comme le physicien, rend cet hommage absolu\u00a0: \u00ab\u00a0Sans lui, qui a mis le doigt sur le sujet, je ne serais pas l\u00e0 aujourd\u2019hui.\u00a0\u00bb<\/p>\n<p>Les photons au service d\u2019une \u00e9nigme<\/p>\n<p>Ala&#8230;<\/p>\n","protected":false},"excerpt":{"rendered":"Alain Aspect, c\u2019est un \u00ab\u00a0palmar\u00e8s\u00a0\u00bb qui laisse r\u00eaveur. 16 prix, dont le Nobel en 2022, membre de neuf&hellip;\n","protected":false},"author":2,"featured_media":472748,"comment_status":"","ping_status":"","sticky":false,"template":"","format":"standard","meta":{"footnotes":""},"categories":[9566],"tags":[1111,11,2430,9810,33,112,1777,674,1795,1011,27,2731,2732,108,12,25,767,20932],"class_list":{"0":"post-472747","1":"post","2":"type-post","3":"status-publish","4":"format-standard","5":"has-post-thumbnail","7":"category-grenoble","8":"tag-actu","9":"tag-actualites","10":"tag-auvergne-rhone-alpes","11":"tag-direct-entreprises","12":"tag-economie","13":"tag-edition-grenoble-agglomeration","14":"tag-eu","15":"tag-europe","16":"tag-fil-web","17":"tag-fr","18":"tag-france","19":"tag-grenoble","20":"tag-grenoble-bassin","21":"tag-isere","22":"tag-news","23":"tag-republique-francaise","24":"tag-science-et-technologie","25":"tag-tech-and-fest"},"share_on_mastodon":{"url":"https:\/\/pubeurope.com\/@fr\/115395841436374052","error":""},"_links":{"self":[{"href":"https:\/\/www.europesays.com\/fr\/wp-json\/wp\/v2\/posts\/472747","targetHints":{"allow":["GET"]}}],"collection":[{"href":"https:\/\/www.europesays.com\/fr\/wp-json\/wp\/v2\/posts"}],"about":[{"href":"https:\/\/www.europesays.com\/fr\/wp-json\/wp\/v2\/types\/post"}],"author":[{"embeddable":true,"href":"https:\/\/www.europesays.com\/fr\/wp-json\/wp\/v2\/users\/2"}],"replies":[{"embeddable":true,"href":"https:\/\/www.europesays.com\/fr\/wp-json\/wp\/v2\/comments?post=472747"}],"version-history":[{"count":0,"href":"https:\/\/www.europesays.com\/fr\/wp-json\/wp\/v2\/posts\/472747\/revisions"}],"wp:featuredmedia":[{"embeddable":true,"href":"https:\/\/www.europesays.com\/fr\/wp-json\/wp\/v2\/media\/472748"}],"wp:attachment":[{"href":"https:\/\/www.europesays.com\/fr\/wp-json\/wp\/v2\/media?parent=472747"}],"wp:term":[{"taxonomy":"category","embeddable":true,"href":"https:\/\/www.europesays.com\/fr\/wp-json\/wp\/v2\/categories?post=472747"},{"taxonomy":"post_tag","embeddable":true,"href":"https:\/\/www.europesays.com\/fr\/wp-json\/wp\/v2\/tags?post=472747"}],"curies":[{"name":"wp","href":"https:\/\/api.w.org\/{rel}","templated":true}]}}