{"id":472751,"date":"2025-10-18T15:20:30","date_gmt":"2025-10-18T15:20:30","guid":{"rendered":"https:\/\/www.europesays.com\/fr\/472751\/"},"modified":"2025-10-18T15:20:30","modified_gmt":"2025-10-18T15:20:30","slug":"blesse-apres-avoir-chute-dun-immeuble-en-ille-et-vilaine","status":"publish","type":"post","link":"https:\/\/www.europesays.com\/fr\/472751\/","title":{"rendered":"Bless\u00e9 apr\u00e8s avoir chut\u00e9 d\u2019un immeuble en Ille-et-Vilaine"},"content":{"rendered":"<p>Les secours ont \u00e9t\u00e9 alert\u00e9s vers 18 h 30, pour un individu tomb\u00e9 d\u2019un immeuble situ\u00e9 sur la rue du port \u00e0 Cancale. Selon les premiers \u00e9l\u00e9ments de l\u2019enqu\u00eate, l\u2019homme \u00e2g\u00e9 de 38 ans, pour une raison qui reste \u00e0 \u00e9tablir, se serait retrouv\u00e9 accroch\u00e9 au balcon d\u2019un appartement o\u00f9 il se trouvait avec d\u2019autres personnes. Suspendu dans le vide, au second \u00e9tage de l\u2019immeuble, il aurait finalement chut\u00e9 en contrebas. Les pompiers d\u00e9p\u00each\u00e9s sur place ont pris en charge la victime souffrant d\u2019une fracture au niveau de la cheville. L\u2019homme a \u00e9t\u00e9 transport\u00e9 au centre hospitalier de Saint-Malo. Une enqu\u00eate de gendarmerie a \u00e9t\u00e9 ouverte afin de d\u00e9terminer les circonstances exactes de cette chute.<\/p>\n","protected":false},"excerpt":{"rendered":"Les secours ont \u00e9t\u00e9 alert\u00e9s vers 18 h 30, pour un individu tomb\u00e9 d\u2019un immeuble situ\u00e9 sur la&hellip;\n","protected":false},"author":2,"featured_media":472752,"comment_status":"","ping_status":"","sticky":false,"template":"","format":"standard","meta":{"footnotes":""},"categories":[2821],"tags":[1111,11,829,765,1777,674,118,1011,27,848,12,584,25],"class_list":{"0":"post-472751","1":"post","2":"type-post","3":"status-publish","4":"format-standard","5":"has-post-thumbnail","7":"category-rennes","8":"tag-actu","9":"tag-actualites","10":"tag-bretagne","11":"tag-en-continu","12":"tag-eu","13":"tag-europe","14":"tag-faits-divers","15":"tag-fr","16":"tag-france","17":"tag-ille-et-vilaine","18":"tag-news","19":"tag-rennes","20":"tag-republique-francaise"},"share_on_mastodon":{"url":"https:\/\/pubeurope.com\/@fr\/115395849395338506","error":""},"_links":{"self":[{"href":"https:\/\/www.europesays.com\/fr\/wp-json\/wp\/v2\/posts\/472751","targetHints":{"allow":["GET"]}}],"collection":[{"href":"https:\/\/www.europesays.com\/fr\/wp-json\/wp\/v2\/posts"}],"about":[{"href":"https:\/\/www.europesays.com\/fr\/wp-json\/wp\/v2\/types\/post"}],"author":[{"embeddable":true,"href":"https:\/\/www.europesays.com\/fr\/wp-json\/wp\/v2\/users\/2"}],"replies":[{"embeddable":true,"href":"https:\/\/www.europesays.com\/fr\/wp-json\/wp\/v2\/comments?post=472751"}],"version-history":[{"count":0,"href":"https:\/\/www.europesays.com\/fr\/wp-json\/wp\/v2\/posts\/472751\/revisions"}],"wp:featuredmedia":[{"embeddable":true,"href":"https:\/\/www.europesays.com\/fr\/wp-json\/wp\/v2\/media\/472752"}],"wp:attachment":[{"href":"https:\/\/www.europesays.com\/fr\/wp-json\/wp\/v2\/media?parent=472751"}],"wp:term":[{"taxonomy":"category","embeddable":true,"href":"https:\/\/www.europesays.com\/fr\/wp-json\/wp\/v2\/categories?post=472751"},{"taxonomy":"post_tag","embeddable":true,"href":"https:\/\/www.europesays.com\/fr\/wp-json\/wp\/v2\/tags?post=472751"}],"curies":[{"name":"wp","href":"https:\/\/api.w.org\/{rel}","templated":true}]}}