{"id":472755,"date":"2025-10-18T15:22:12","date_gmt":"2025-10-18T15:22:12","guid":{"rendered":"https:\/\/www.europesays.com\/fr\/472755\/"},"modified":"2025-10-18T15:22:12","modified_gmt":"2025-10-18T15:22:12","slug":"les-vite-dit-conseil-municipal-christel-kohler-out-thomas-remond-in","status":"publish","type":"post","link":"https:\/\/www.europesays.com\/fr\/472755\/","title":{"rendered":"Les vite dit. Conseil municipal \u00a0: Christel Kohler out, Thomas R\u00e9mond in"},"content":{"rendered":"<p>C\u2019est Thomas R\u00e9mond, <a href=\"https:\/\/www.dna.fr\/politique\/2014\/11\/26\/thomas-remond-reelu-president-du-modem-alsace\" target=\"_blank\" rel=\"nofollow noopener\">ancien pr\u00e9sident du MoDem Alsace<\/a>, d\u00e9j\u00e0 conseiller municipal sous Roland Ries, n\u00b0\u00a013 sur la liste Unis pour Strasbourg d\u2019Alain Fontanel et Jean-Philippe Vetter, qui entre au conseil municipal de Strasbourg suite \u00e0 la d\u00e9mission de Christel Kohler.<\/p>\n<p>  Convention citoyenne pour le tram nord\u00a0: Peps 21 salue la m\u00e9thode<\/p>\n<p>L\u2019association Peps 21 salue \u00ab\u00a0les nombreuses convergences entre <a href=\"https:\/\/www.dna.fr\/politique\/2024\/09\/11\/un-president-d-association-defend-les-contributions-de-l-enquete-publique-pour-un-autre-trace\" target=\"_blank\" rel=\"nofollow noopener\">les analyses de l\u2019association Peps 21<\/a> et celles de la Convention citoyenne\u00a0\u00bb. Peps 21 partage la vision des citoyens consult\u00e9s et salue la m\u00e9thode employ\u00e9e. \u00ab\u00a0Les conventions citoyennes pour le climat d\u2019une part, sur la fin de vie d\u2019autre part, ont d\u00e9montr\u00e9 la richesse de cette innovation d\u00e9mocratique\u00a0\u00bb, estime Peps 21. Seul regret\u00a0: \u00ab\u00a0que l\u2019organisation de cette convention citoyenne soit intervenue tr\u00e8s tardivement (et a posteriori)\u00a0\u00bb. Ce qui expliquerait qu\u2019elle \u00ab\u00a0ait \u00e9t\u00e9 incomprise\u00a0\u00bb.<\/p>\n<p>  Le prix europ\u00e9en de la meilleure r\u00e9novation attribu\u00e9 \u00e0 Parcus<\/p>\n<p>Le prix europ\u00e9en de la meilleure r\u00e9novation a \u00e9t\u00e9 remport\u00e9 par Parcus pour <a href=\"https:\/\/www.dna.fr\/economie\/2024\/10\/22\/apres-renovation-complete-le-parking-wilson-compte-977-places\" target=\"_blank\" rel=\"nofollow noopener\">la r\u00e9novation du parking P3 Wilson de Strasbourg<\/a>, au congr\u00e8s des EPA (European Parking Association) les 17 et 18\u00a0septembre \u00e0 Bruxelles.<\/p>\n<p>Parmi les 13 dossiers de candidature d\u00e9pos\u00e9s, les membres du jury en ont pr\u00e9s\u00e9lectionn\u00e9 trois. Strasbourg \u00e9tait en lice contre le dossier de r\u00e9novation du parking Gambetta \u00e0 Bordeaux et celui de Parme.<\/p>\n<p>Une d\u00e9l\u00e9gation constitu\u00e9e de trois membres du jury s\u2019est rendue dans chacun de ces parkings au mois de juillet.<\/p>\n<p>Le jury a qualifi\u00e9 la r\u00e9novation du parking P3 Wilson de \u00ab\u00a0projet merveilleux\u00a0\u00bb et de \u00ab\u00a0bel exemple de la mani\u00e8re dont une structure innovante peut \u00eatre repens\u00e9e de mani\u00e8re durable et contemporaine, puis encore am\u00e9lior\u00e9e\u00a0\u00bb. De quoi ravir les \u00e9quipes derri\u00e8re cette r\u00e9alisation\u00a0: Ruedi Baur Atelier 10\u00a0Milliards humains, Cabinet Lama.<\/p>\n","protected":false},"excerpt":{"rendered":"C\u2019est Thomas R\u00e9mond, ancien pr\u00e9sident du MoDem Alsace, d\u00e9j\u00e0 conseiller municipal sous Roland Ries, n\u00b0\u00a013 sur la liste&hellip;\n","protected":false},"author":2,"featured_media":472756,"comment_status":"","ping_status":"","sticky":false,"template":"","format":"standard","meta":{"footnotes":""},"categories":[2820],"tags":[1111,11,1984,2880,1777,674,1011,27,775,12,25,640,2879],"class_list":{"0":"post-472755","1":"post","2":"type-post","3":"status-publish","4":"format-standard","5":"has-post-thumbnail","7":"category-strasbourg","8":"tag-actu","9":"tag-actualites","10":"tag-conseil-municipal","11":"tag-edition-strasbourg","12":"tag-eu","13":"tag-europe","14":"tag-fr","15":"tag-france","16":"tag-grand-est","17":"tag-news","18":"tag-republique-francaise","19":"tag-strasbourg","20":"tag-strasbourg-ville"},"share_on_mastodon":{"url":"https:\/\/pubeurope.com\/@fr\/115395857259491042","error":""},"_links":{"self":[{"href":"https:\/\/www.europesays.com\/fr\/wp-json\/wp\/v2\/posts\/472755","targetHints":{"allow":["GET"]}}],"collection":[{"href":"https:\/\/www.europesays.com\/fr\/wp-json\/wp\/v2\/posts"}],"about":[{"href":"https:\/\/www.europesays.com\/fr\/wp-json\/wp\/v2\/types\/post"}],"author":[{"embeddable":true,"href":"https:\/\/www.europesays.com\/fr\/wp-json\/wp\/v2\/users\/2"}],"replies":[{"embeddable":true,"href":"https:\/\/www.europesays.com\/fr\/wp-json\/wp\/v2\/comments?post=472755"}],"version-history":[{"count":0,"href":"https:\/\/www.europesays.com\/fr\/wp-json\/wp\/v2\/posts\/472755\/revisions"}],"wp:featuredmedia":[{"embeddable":true,"href":"https:\/\/www.europesays.com\/fr\/wp-json\/wp\/v2\/media\/472756"}],"wp:attachment":[{"href":"https:\/\/www.europesays.com\/fr\/wp-json\/wp\/v2\/media?parent=472755"}],"wp:term":[{"taxonomy":"category","embeddable":true,"href":"https:\/\/www.europesays.com\/fr\/wp-json\/wp\/v2\/categories?post=472755"},{"taxonomy":"post_tag","embeddable":true,"href":"https:\/\/www.europesays.com\/fr\/wp-json\/wp\/v2\/tags?post=472755"}],"curies":[{"name":"wp","href":"https:\/\/api.w.org\/{rel}","templated":true}]}}