{"id":472757,"date":"2025-10-18T15:23:11","date_gmt":"2025-10-18T15:23:11","guid":{"rendered":"https:\/\/www.europesays.com\/fr\/472757\/"},"modified":"2025-10-18T15:23:11","modified_gmt":"2025-10-18T15:23:11","slug":"psg-strasbourg-les-notes-des-parisiens-dans-la-presse","status":"publish","type":"post","link":"https:\/\/www.europesays.com\/fr\/472757\/","title":{"rendered":"PSG \/ Strasbourg &#8211; Les notes des Parisiens dans la presse"},"content":{"rendered":"<p>Ce vendredi soir, le PSG et le RC Strasbourg ont offert un<br \/>\nbeau spectacle en ouverture de la 8e journ\u00e9e de Ligue 1 (3-3). Si<br \/>\nquelques Parisiens retrouvent des sensations, d\u2019autres continuent<br \/>\nde d\u00e9cevoir.<\/p>\n<p>Pour son match post-tr\u00eave internationale, <strong><a href=\"https:\/\/canal-supporters.com\/strasbourg-zaire-emery-doue-la-conference-de-presse-de-luis-enrique\/\" title=\"\" target=\"_blank\" rel=\"noopener\">Luis Enrique<\/a><\/strong> a d\u00e9cid\u00e9 de faire tourner dans<br \/>\nles grandes largeurs son effectif avant la rencontre de<br \/>\n<strong>Ligue des champions<\/strong> face au <strong>Bayer<br \/>\nLeverkusen<\/strong> mardi prochain. Et dans ce choc du championnat<br \/>\nface au <strong>RC Strasbourg<\/strong>, les deux \u00e9quipes ont offert<br \/>\nun tr\u00e8s beau spectacle avec un nul prolifique (3-3).<\/p>\n<p>Za\u00efre-Emery en<br \/>\nforme, Beraldo d\u00e9\u00e7oit encore<\/p>\n<p>Dans cette rencontre \u00e0 rebondissements, le capitaine du soir<br \/>\n<strong><a href=\"https:\/\/canal-supporters.com\/zaire-emery-on-a-su-remonter-cela-montre-le-caractere-de-cette-equipe\/\" title=\"\" target=\"_blank\" rel=\"noopener\">Warren Za\u00efre-Emery<\/a><\/strong> a brill\u00e9. Le Titi obtient<br \/>\nla note de <strong>7\/10<\/strong> dans <strong><a href=\"https:\/\/www.lequipe.fr\/Football\/Article\/Les-notes-de-psg-strasbourg-la-folle-soiree-de-panichelli-beraldo-a-encore-souffert\/1602554\" target=\"_blank\" rel=\"noopener\" title=\"\">L\u2019Equipe<\/a><\/strong>.<br \/>\n\u00ab\u00a0Install\u00e9 en sentinelle, le capitaine a \u00e9t\u00e9 \u2013 de loin \u2013<br \/>\nle meilleur Parisien. Impactant dans le duel, saignant dans ses<br \/>\nprises de balles, il a amen\u00e9 un volume de courses assez<br \/>\nconsid\u00e9rable. Il a sans cesse tent\u00e9 d\u2019amener de la vitesse et de la<br \/>\nverticalit\u00e9 au jeu parisien. Lui a tent\u00e9 d\u2019\u00e9coper face \u00e0 la<br \/>\nma\u00eetrise alsacienne. Il est l\u2019auteur de bons retours. Et si son<br \/>\nrappel en Espoirs et sa prise de paroles publique l\u2019avaient<br \/>\nlib\u00e9r\u00e9\u00a0?\u00a0\u00bb En revanche, la d\u00e9fense parisienne a<br \/>\ngrandement souffert \u00e0 l\u2019image de <strong>Lucas Beraldo<\/strong>,<br \/>\nune nouvelle fois d\u00e9cevant. \u00ab\u00a0Le d\u00e9fenseur montre toujours<br \/>\nune qualit\u00e9 de passe tr\u00e8s int\u00e9ressante \u00e0 la relance _ son long<br \/>\nballon pour <strong>D\u00e9sir\u00e9 Dou\u00e9<\/strong> avant le penalty en est un<br \/>\nexemple (57e) _, mais il a trop souffert dans ses duels d\u00e9fensifs<br \/>\nface \u00e0 <strong>Panichelli<\/strong>. En bient\u00f4t deux ans, le<br \/>\nBr\u00e9silien affiche encore les m\u00eames limites. Remplac\u00e9 par<br \/>\n<strong>Willian Pacho<\/strong> (61e)\u00a0\u00bb, analyse le<br \/>\nquotidien sportif, qui lui octroie la pire du note du match<br \/>\n(<strong>3\/10<\/strong>) avec <strong>Ibrahim Mbaye<\/strong> :<br \/>\n\u00ab\u00a0Il a mieux fini \u2013 \u00e0 gauche \u2013 qu\u2019il n\u2019a commenc\u00e9 \u2013 \u00e0<br \/>\ndroite. Pour sa cinqui\u00e8me titularisation de la saison en L1, la<br \/>\ntroisi\u00e8me d\u2019affil\u00e9e, il a \u00e9t\u00e9 longtemps \u00e9t\u00e9 d\u2019une discr\u00e9tion<br \/>\nabsolue. Sa premi\u00e8re action int\u00e9ressante est intervenue \u00e0 la 53e<br \/>\nminute sur un centre \u00e0 destination de <strong>Ramos<\/strong>. Des<br \/>\nefforts d\u00e9fensifs louables.\u00a0\u00bb<\/p>\n<p>De retour \u00e0 la comp\u00e9tition apr\u00e8s plus d\u2019un mois d\u2019absence,<br \/>\n<strong>D\u00e9sir\u00e9 Dou\u00e9<\/strong> a livr\u00e9 une partition contrast\u00e9e et<br \/>\nr\u00e9colte la note de <strong>5\/10<\/strong> dans L\u2019Equipe et<br \/>\n<strong><a href=\"https:\/\/www.leparisien.fr\/sports\/football\/psg\/psg-strasbourg-3-3-les-notes-des-joueurs-parisiens-avec-zaire-emery-robuste-mayulu-en-sauveur-17-10-2025-OZB4RTFDHJHULES6RRKCK2L6MM.php\" target=\"_blank\" rel=\"noopener\" title=\"\">Le<br \/>\nParisien<\/a><\/strong>. \u00ab\u00a0Le num\u00e9ro 14 a altern\u00e9 le<br \/>\nmeilleur et le pire pour son retour. Il sert d\u2019appui pour d\u00e9livrer<br \/>\n\u00e0 <strong>Barcola<\/strong> la balle de l\u2019ouverture du score (6e) et<br \/>\nd\u00e9croche un p\u00e9nalty pr\u00e9cieux (56e). Mais il est coupable de laisser<br \/>\nson fr\u00e8re <strong>Guela<\/strong> centrer sans opposition sur<br \/>\nl\u2019\u00e9galisation (27e) et offre ensuite un cadeau \u00e0<br \/>\n<strong>Moreira<\/strong> sur le deuxi\u00e8me but alsacien.\u00a0\u00bb<br \/>\nTitularis\u00e9 au poste de lat\u00e9ral droit, <strong>Senny Mayulu<\/strong><br \/>\ncontinue de marquer des points. \u00ab\u00a0\u00c0 nouveau statut,<br \/>\nnouvelles responsabilit\u00e9s. <strong>Senny Mayulu<\/strong> a, apr\u00e8s<br \/>\navoir \u00e9t\u00e9 align\u00e9 en pointe, d\u00e9but\u00e9 en tant que lat\u00e9ral droit. S\u2019il<br \/>\nn\u2019a pas h\u00e9sit\u00e9 \u00e0 apporter le surnombre au milieu et m\u00eame \u00e0 frapper<br \/>\nau but, son apport est d\u2019abord rest\u00e9 neutre, jusqu\u2019\u00e0 ce d\u00e9calage de<br \/>\n<strong>Lee<\/strong> et\u00a0une \u00e9galisation en deux<br \/>\ntemps\u00a0d\u00e9croch\u00e9e \u00e0 l\u2019abn\u00e9gation (79e)\u00a0\u00bb, complimente<br \/>\nle quotidien francilien qui lui donne la note de<br \/>\n<strong>6\/10<\/strong>. Le quotidien Le Parisien met<br \/>\n\u00e9galement en avant le match de <strong>Lee Kang-In<\/strong><br \/>\n(<strong>6\/10<\/strong>) : \u00ab\u00a0Le Cor\u00e9en a cette singularit\u00e9<br \/>\nde bouger \u00e9norm\u00e9ment, d\u2019\u00eatre pr\u00e9cieux dans les petits espaces pour<br \/>\nconserver le ballon, servir de relais et appuyer les d\u00e9calages.<br \/>\nC\u2019est d\u2019ailleurs dans ce r\u00f4le, apr\u00e8s avoir \u00e9t\u00e9 servi par<br \/>\n<strong>Zabarnyi<\/strong>, qu\u2019il d\u00e9cale <strong>Mayulu<\/strong><br \/>\ndans la surface pour l\u2019\u00e9galisation (79e). Pas en r\u00e9ussite sur sa<br \/>\nfrappe du gauche renvoy\u00e9e par le poteau (71e).\u00a0\u00bb<\/p>\n<ul class=\"wp-block-list\">\n<li>Les notes du <strong>PSG<\/strong> (L\u2019Equipe) : Chevalier 5 \u2013 Mayulu 5, Zabarnyi 4, Beraldo 3, L.Hernandez 4 \u2013 Lee 4, Za\u00efre-Emery 7, Dou\u00e9 5 \u2013 Mbaye 3, G.Ramos 4, Barcola 5 \/ Luis Enrique 4<\/li>\n<li>Les notes du <strong>PSG<\/strong> (Le Parisien) : Chevalier 4.5 \u2013 Mayulu 6, Zabarnyi 4.5, Beraldo 4.5, L.Hernandez 4.5 \u2013 Lee 6, Za\u00efre-Emery 7, Dou\u00e9 5 \u2013 Mbaye 4.5, G.Ramos 4, Barcola 5.5<\/li>\n<\/ul>\n<p>Youtube :<br \/>\n<strong><a href=\"https:\/\/www.youtube.com\/@CanalSupportersParis\/videos\" target=\"_blank\" rel=\"noopener\" title=\"\">Canal Supporters<br \/>\nParis<\/a><\/strong><\/p>\n","protected":false},"excerpt":{"rendered":"Ce vendredi soir, le PSG et le RC Strasbourg ont offert un beau spectacle en ouverture de la&hellip;\n","protected":false},"author":2,"featured_media":471535,"comment_status":"","ping_status":"","sticky":false,"template":"","format":"standard","meta":{"footnotes":""},"categories":[2820],"tags":[59510,1111,11,12460,785,81,38756,787,1643,1777,674,1011,27,86,775,5049,66,17477,1612,1613,12,17791,91,92,93,50653,57394,25,640,96,29675,1621],"class_list":{"0":"post-472757","1":"post","2":"type-post","3":"status-publish","4":"format-standard","5":"has-post-thumbnail","7":"category-strasbourg","8":"tag-8e-journee-ligue-1","9":"tag-actu","10":"tag-actualites","11":"tag-barcola","12":"tag-beraldo","13":"tag-canal-supporters","14":"tag-chevalier","15":"tag-cs","16":"tag-doue","17":"tag-eu","18":"tag-europe","19":"tag-fr","20":"tag-france","21":"tag-goncalo-ramos","22":"tag-grand-est","23":"tag-lee-kang-in","24":"tag-ligue-1","25":"tag-lucas-hernandez","26":"tag-mayulu","27":"tag-mbaye","28":"tag-news","29":"tag-notes-psg","30":"tag-paris-saint-germain","31":"tag-paris-sg","32":"tag-psg","33":"tag-psg-strasbourg","34":"tag-psg-rcsa","35":"tag-republique-francaise","36":"tag-strasbourg","37":"tag-une","38":"tag-zabarnyi","39":"tag-zaire-emery"},"share_on_mastodon":{"url":"https:\/\/pubeurope.com\/@fr\/115395861045451362","error":""},"_links":{"self":[{"href":"https:\/\/www.europesays.com\/fr\/wp-json\/wp\/v2\/posts\/472757","targetHints":{"allow":["GET"]}}],"collection":[{"href":"https:\/\/www.europesays.com\/fr\/wp-json\/wp\/v2\/posts"}],"about":[{"href":"https:\/\/www.europesays.com\/fr\/wp-json\/wp\/v2\/types\/post"}],"author":[{"embeddable":true,"href":"https:\/\/www.europesays.com\/fr\/wp-json\/wp\/v2\/users\/2"}],"replies":[{"embeddable":true,"href":"https:\/\/www.europesays.com\/fr\/wp-json\/wp\/v2\/comments?post=472757"}],"version-history":[{"count":0,"href":"https:\/\/www.europesays.com\/fr\/wp-json\/wp\/v2\/posts\/472757\/revisions"}],"wp:featuredmedia":[{"embeddable":true,"href":"https:\/\/www.europesays.com\/fr\/wp-json\/wp\/v2\/media\/471535"}],"wp:attachment":[{"href":"https:\/\/www.europesays.com\/fr\/wp-json\/wp\/v2\/media?parent=472757"}],"wp:term":[{"taxonomy":"category","embeddable":true,"href":"https:\/\/www.europesays.com\/fr\/wp-json\/wp\/v2\/categories?post=472757"},{"taxonomy":"post_tag","embeddable":true,"href":"https:\/\/www.europesays.com\/fr\/wp-json\/wp\/v2\/tags?post=472757"}],"curies":[{"name":"wp","href":"https:\/\/api.w.org\/{rel}","templated":true}]}}