{"id":472758,"date":"2025-10-18T15:25:22","date_gmt":"2025-10-18T15:25:22","guid":{"rendered":"https:\/\/www.europesays.com\/fr\/472758\/"},"modified":"2025-10-18T15:25:22","modified_gmt":"2025-10-18T15:25:22","slug":"nice-ouvre-deja-le-score","status":"publish","type":"post","link":"https:\/\/www.europesays.com\/fr\/472758\/","title":{"rendered":"Nice ouvre d\u00e9j\u00e0 le score"},"content":{"rendered":"<p>&#13;<br \/>\n                                                    En direct&#13;<br \/>\n                        &#13;\n                                            <\/p>\n<p>L&rsquo;OL se d\u00e9place \u00e0 Nice ce samedi \u00e0 17 heures pour le compte de la 8e journ\u00e9e de Ligue 1. D\u00e9faits \u00e0 domicile par Toulouse juste avant la tr\u00eave internationale, les Lyonnais vont chercher \u00e0 se relancer chez des Azur\u00e9ens en difficult\u00e9 depuis le d\u00e9but de la saison. Suivez cette rencontre en direct comment\u00e9.<\/p>\n<p>&#13;<br \/>\n              Martin Beaud &#8211; &#13;<br \/>\n        &#13;<br \/>\n          Aujourd&rsquo;hui \u00e0 16:30&#13;<br \/>\n    &#13;<br \/>\n                  | mis \u00e0 jour aujourd&rsquo;hui \u00e0 17:22&#13;<br \/>\n              &#8211; Temps de lecture : &#13;<br \/>\n  &#13;\n<\/p>\n<p>                        &#13;<br \/>\n    &#13;<br \/>\n    &#13;<br \/>\n    <a href=\"https:\/\/cdn-s-www.leprogres.fr\/images\/BDAE744D-F4DB-49F1-A71E-412751C81020\/NW_raw\/malick-fofana-photo-stephane-guiochon-1760716139.jpg\" title=\"Malick Fofana Photo St\u00e9phane Guiochon\" class=\"chocolat-image GA-tracking\" data-ga_type=\"click\" data-ga_category=\"D\u00e9tail\" data-ga_action=\"zoomer\" data-ga_label=\"aggrandir image\" target=\"_blank\" rel=\"noopener\">&#13;<br \/>\n        <img src=\"https:\/\/www.europesays.com\/fr\/wp-content\/uploads\/2025\/10\/malick-fofana-photo-stephane-guiochon-1760716139.jpg\"   alt=\"Malick Fofana Photo St\u00e9phane Guiochon\" fetchpriority=\"high\" decoding=\"async\" data-mobile=\"NW_detail_M|1760716139\" data-base=\"NW_detail|1760716139\"\/>&#13;<br \/>\n    <\/a>&#13;<\/p>\n<p>\u00a0Malick Fofana Photo St\u00e9phane Guiochon<\/p>\n","protected":false},"excerpt":{"rendered":"&#13; En direct&#13; &#13; L&rsquo;OL se d\u00e9place \u00e0 Nice ce samedi \u00e0 17 heures pour le compte de&hellip;\n","protected":false},"author":2,"featured_media":472759,"comment_status":"","ping_status":"","sticky":false,"template":"","format":"standard","meta":{"footnotes":""},"categories":[2819],"tags":[1111,11,3545,1777,674,107,63,1011,27,2428,12,2401,2755,882,25,2429,517],"class_list":{"0":"post-472758","1":"post","2":"type-post","3":"status-publish","4":"format-standard","5":"has-post-thumbnail","7":"category-nice","8":"tag-actu","9":"tag-actualites","10":"tag-direct-sport","11":"tag-eu","12":"tag-europe","13":"tag-fil-info","14":"tag-football","15":"tag-fr","16":"tag-france","17":"tag-lyon","18":"tag-news","19":"tag-nice","20":"tag-ol-olympique-lyonnais-football","21":"tag-provence-alpes-cote-dazur","22":"tag-republique-francaise","23":"tag-rhone","24":"tag-sport"},"share_on_mastodon":{"url":"https:\/\/pubeurope.com\/@fr\/115395869643138155","error":""},"_links":{"self":[{"href":"https:\/\/www.europesays.com\/fr\/wp-json\/wp\/v2\/posts\/472758","targetHints":{"allow":["GET"]}}],"collection":[{"href":"https:\/\/www.europesays.com\/fr\/wp-json\/wp\/v2\/posts"}],"about":[{"href":"https:\/\/www.europesays.com\/fr\/wp-json\/wp\/v2\/types\/post"}],"author":[{"embeddable":true,"href":"https:\/\/www.europesays.com\/fr\/wp-json\/wp\/v2\/users\/2"}],"replies":[{"embeddable":true,"href":"https:\/\/www.europesays.com\/fr\/wp-json\/wp\/v2\/comments?post=472758"}],"version-history":[{"count":0,"href":"https:\/\/www.europesays.com\/fr\/wp-json\/wp\/v2\/posts\/472758\/revisions"}],"wp:featuredmedia":[{"embeddable":true,"href":"https:\/\/www.europesays.com\/fr\/wp-json\/wp\/v2\/media\/472759"}],"wp:attachment":[{"href":"https:\/\/www.europesays.com\/fr\/wp-json\/wp\/v2\/media?parent=472758"}],"wp:term":[{"taxonomy":"category","embeddable":true,"href":"https:\/\/www.europesays.com\/fr\/wp-json\/wp\/v2\/categories?post=472758"},{"taxonomy":"post_tag","embeddable":true,"href":"https:\/\/www.europesays.com\/fr\/wp-json\/wp\/v2\/tags?post=472758"}],"curies":[{"name":"wp","href":"https:\/\/api.w.org\/{rel}","templated":true}]}}