{"id":472760,"date":"2025-10-18T15:26:26","date_gmt":"2025-10-18T15:26:26","guid":{"rendered":"https:\/\/www.europesays.com\/fr\/472760\/"},"modified":"2025-10-18T15:26:26","modified_gmt":"2025-10-18T15:26:26","slug":"salaire-bas-sanctions-a-repetition-des-educateurs-de-rue-mobilises-en","status":"publish","type":"post","link":"https:\/\/www.europesays.com\/fr\/472760\/","title":{"rendered":"\u00ab\u00a0Salaire bas\u00a0\u00bb, \u00ab\u00a0sanctions \u00e0 r\u00e9p\u00e9tition\u00a0\u00bb\u00a0: des \u00e9ducateurs de rue mobilis\u00e9s en"},"content":{"rendered":"<p>\u00a0Les derniers \u00e9v\u00e9nements et les menaces massives et concr\u00e8tes sur les conditions de travail des agents de<a href=\"https:\/\/www.adps44.fr\/\" target=\"_self\" rel=\"noopener\"> l\u2019agence d\u00e9partementale de la pr\u00e9vention sp\u00e9cialis\u00e9e<\/a> (ADPS) nous ont forc\u00e9s \u00e0 agir collectivement\u00a0\u00bb, indiquent les deux syndicats CGT et SUD qui soutiennent les \u00e9ducateurs de rue. Ces derniers travaillent aupr\u00e8s des jeunes \u00e0 Nantes, Saint-Herblain, Orvault, Saint-Nazaire,\u00a0etc.<\/p>\n<p>Les repr\u00e9sentants du personnel indiquent \u00a0une succession d\u2019actes sur le service qui constitue une attaque sans pr\u00e9c\u00e9dent\u00a0: la\u00a0  remise en question globale du travail des agents exer\u00e7ant sur les territoires il y a deux ans  , les sanctions \u00e0 r\u00e9p\u00e9tition, les arr\u00eats maladie en constante augmentation, les difficult\u00e9s de recrutement grandissantes observ\u00e9es par les cadres\u00a0\u00bb,r\u00e9sument les syndicats.<\/p>\n<p>\u00ab\u00a0Perdre quatre semaines de vacances\u00a0\u00bb<\/p>\n<p>Les agents pointent aussi du doigt \u00a0les salaires toujours aussi bas\u00a0 et <strong> \u00a0une baisse drastique de nos cong\u00e9s\u00a0\u00bb.<\/strong>Selon les syndicats, leur temps de travail serait augment\u00e9\u00a0: \u00a0On nous demande de rentrer dans le cadre de la loi 2019 concernant les agents de la fonction publique avec 1\u00a0607\u00a0heures \u00e0 r\u00e9aliser car nous sommes d\u00e9sormais r\u00e9gis par un groupement d\u2019int\u00e9r\u00eat public. Nous allons donc perdre quatre semaines de vacances\u00a0\u00bb, indique Julien Menec, d\u00e9l\u00e9gu\u00e9 <a href=\"https:\/\/sudsantesociaux.org\/\" target=\"_self\" rel=\"noopener\">sud sant\u00e9 sociaux<\/a>, syndicat mobilis\u00e9 avec la CGT. La pilule ne passe pour ces professionnels qui \u0153uvrent dans diff\u00e9rents quartiers. Les n\u00e9gociations n\u2019ont pas pu \u00eatre ouvertes avec la direction selon les syndicats.<\/p>\n<p>Les professionnels, qui faisaient auparavant partie d\u2019une association, demandent un rendez-vous aupr\u00e8s du D\u00e9partement, le principal financeur \u00e0 95\u00a0%.<\/p>\n<p>R\u00e9ponse de la direction<\/p>\n<p>Sollicit\u00e9e, la direction r\u00e9pond aux sollicitations de Presse Oc\u00e9an\u00a0: \u00a0l\u2019ADPS de Loire-Atlantique, constitu\u00e9e sous forme d\u2019un groupement d\u2019Int\u00e9r\u00eat public, est soumise aux r\u00e8gles de droit public. Dans ce cadre, la gouvernance du GIP a pris la d\u00e9cision, \u00e0 l\u2019automne 2O24, de s\u2019inscrire en conformit\u00e9 avec la l\u00e9gislation en vigueur sur le temps de travail, dit \u00ab\u00a0loi des 1\u00a0607\u00a0heures\u00a0\u00bb en fonction publique\u00a0\u00bb.<\/p>\n<p>Selon la direction, cette d\u00e9cision est mise en \u0153uvre depuis 2025 \u00a0dans une volont\u00e9 de co-construction afin d\u2019accompagner le changement d\u2019organisation du temps de travail tout en tenant compte des sp\u00e9cificit\u00e9s du m\u00e9tier, en particulier les horaires atypiques\u00a0\u00bb. <br \/>La direction dit avoir propos\u00e9 des temps d\u2019\u00e9changes \u00a0mais tous ont refus\u00e9 d\u2019y participer\u00a0\u00bb.<\/p>\n<p>En raison des horaires d\u00e9cal\u00e9s et du travail le week-end, les agents pourraient avoir une d\u00e9rogation sur le temps de travail et ne perdraient pas quatre semaines de vacances\u00a0: \u00a0La perte s\u00e8che des \u00e9ducateurs ne serait donc pas de 4\u00a0semaines mais de 10.5\u00a0jours de jours de repos, consid\u00e9rant que leur r\u00e9gime actuel, inspir\u00e9 du droit priv\u00e9, leur accorde 9\u00a0semaines de cong\u00e9s et 19\u00a0jours de repos (RTT)\u00a0\u00bb, ajoute la direction.<\/p>\n<p>\u00a0<\/p>\n","protected":false},"excerpt":{"rendered":"\u00a0Les derniers \u00e9v\u00e9nements et les menaces massives et concr\u00e8tes sur les conditions de travail des agents de l\u2019agence&hellip;\n","protected":false},"author":2,"featured_media":472761,"comment_status":"","ping_status":"","sticky":false,"template":"","format":"standard","meta":{"footnotes":""},"categories":[2818],"tags":[1111,11,58663,16056,1777,674,1011,27,3047,17479,766,12,2636,31611,25,3640,14099,7185],"class_list":{"0":"post-472760","1":"post","2":"type-post","3":"status-publish","4":"format-standard","5":"has-post-thumbnail","7":"category-nantes","8":"tag-actu","9":"tag-actualites","10":"tag-bas","11":"tag-educateurs","12":"tag-eu","13":"tag-europe","14":"tag-fr","15":"tag-france","16":"tag-loire-atlantique","17":"tag-mobilises","18":"tag-nantes","19":"tag-news","20":"tag-pays-de-la-loire","21":"tag-repetition","22":"tag-republique-francaise","23":"tag-rue","24":"tag-salaire","25":"tag-sanctions"},"share_on_mastodon":{"url":"https:\/\/pubeurope.com\/@fr\/115395872913382548","error":""},"_links":{"self":[{"href":"https:\/\/www.europesays.com\/fr\/wp-json\/wp\/v2\/posts\/472760","targetHints":{"allow":["GET"]}}],"collection":[{"href":"https:\/\/www.europesays.com\/fr\/wp-json\/wp\/v2\/posts"}],"about":[{"href":"https:\/\/www.europesays.com\/fr\/wp-json\/wp\/v2\/types\/post"}],"author":[{"embeddable":true,"href":"https:\/\/www.europesays.com\/fr\/wp-json\/wp\/v2\/users\/2"}],"replies":[{"embeddable":true,"href":"https:\/\/www.europesays.com\/fr\/wp-json\/wp\/v2\/comments?post=472760"}],"version-history":[{"count":0,"href":"https:\/\/www.europesays.com\/fr\/wp-json\/wp\/v2\/posts\/472760\/revisions"}],"wp:featuredmedia":[{"embeddable":true,"href":"https:\/\/www.europesays.com\/fr\/wp-json\/wp\/v2\/media\/472761"}],"wp:attachment":[{"href":"https:\/\/www.europesays.com\/fr\/wp-json\/wp\/v2\/media?parent=472760"}],"wp:term":[{"taxonomy":"category","embeddable":true,"href":"https:\/\/www.europesays.com\/fr\/wp-json\/wp\/v2\/categories?post=472760"},{"taxonomy":"post_tag","embeddable":true,"href":"https:\/\/www.europesays.com\/fr\/wp-json\/wp\/v2\/tags?post=472760"}],"curies":[{"name":"wp","href":"https:\/\/api.w.org\/{rel}","templated":true}]}}