{"id":472772,"date":"2025-10-18T15:32:10","date_gmt":"2025-10-18T15:32:10","guid":{"rendered":"https:\/\/www.europesays.com\/fr\/472772\/"},"modified":"2025-10-18T15:32:10","modified_gmt":"2025-10-18T15:32:10","slug":"ces-huit-restaurants-de-lille-proposent-des-plats-a-moitie-prix-durant-plusieurs-semaines","status":"publish","type":"post","link":"https:\/\/www.europesays.com\/fr\/472772\/","title":{"rendered":"ces huit restaurants de Lille proposent des plats \u00e0 moiti\u00e9 prix durant plusieurs semaines"},"content":{"rendered":"<p>            Par<br \/>\n        <strong><br \/>\n            <a href=\"https:\/\/actu.fr\/auteur\/nicolas-demollien\" title=\"Consulter tous les articles de Nicolas Demollien\" rel=\"nofollow noopener\" target=\"_blank\">Nicolas Demollien<\/a><br \/>\n        <\/strong><\/p>\n<p>        Publi\u00e9 le<\/p>\n<p>            18 oct. 2025 \u00e0 17h16        <\/p>\n<p>Voil\u00e0 un moyen tr\u00e8s sympa de se faire plaisir \u00e0 petits prix ! Jusqu\u2019au 30 novembre 2025, <b>huit restaurants<\/b> de <a href=\"https:\/\/actu.fr\/hauts-de-france\/lille_59350\" rel=\"nofollow noopener\" target=\"_blank\">Lille<\/a> (Nord) vont proposer des plats et menus avec des <b>r\u00e9ductions de 50%<\/b>. Tous participent en effet au <b>festival TheFork<\/b>.<\/p>\n<p>Huit restaurants de Lille avec des menus \u00e0 moiti\u00e9 prix<\/p>\n<p data-end=\"1235\" class=\" wall-content\">\u00ab\u00a0Plus qu\u2019une op\u00e9ration \u00e0 caract\u00e8re commercial, le festival symbolise notre engagement \u00e0 pr\u00e9server le pouvoir d\u2019aller au restaurant\u00a0\u00bb, lancent les organisateurs.\u00a0<\/p>\n<p data-end=\"1671\" class=\" wall-content\">Durant sept semaines, TheFork assure \u00ab\u00a0ouvrir aux gourmets les portes d\u2019une s\u00e9lection de tables \u00e0 moiti\u00e9 prix pour multiplier les moments de convivialit\u00e9\u00a0\u00bb.<\/p>\n<p>    <a href=\"https:\/\/www.facebook.com\/plugins\/video.php?height=476&amp;href=https%3A%2F%2Fwww.facebook.com%2Freel%2F1180310014024287%2F&amp;show_text=false&amp;width=350&amp;t=0\" title=\"Ouvrie le lien\" rel=\"nofollow noopener\" target=\"_blank\">Cliquez ici pour visualiser le contenu<\/a><\/p>\n<p data-end=\"1671\" class=\" wall-content\">Les huit \u00e9tablissements qui y participent dans la capitale des Flandres sont les suivants :\u00a0<\/p>\n<ul class=\" wall-content\">\n<li data-end=\"1671\"><b>Kapris Pepper<\/b> (65, rue Basse) ;<\/li>\n<li data-end=\"1671\"><b>Sister\u2019s<\/b> (5, rue Mass\u00e9na) ;<\/li>\n<li data-end=\"1671\"><b>Safran<\/b> (157, rue Solf\u00e9rino) ;<\/li>\n<li data-end=\"1671\"><b>Bocal<\/b> (33, rue des Bouchers) ;<\/li>\n<li data-end=\"1671\"><b>Le Basilic<\/b> (286, rue Solf\u00e9rino) ;<\/li>\n<li data-end=\"1671\"><b>La Table de Sam<\/b> (72, avenue Butin) ;<\/li>\n<li data-end=\"1671\"><b>Hanami Caf\u00e9<\/b> (13, rue de la Clef) ;\u00a0<\/li>\n<li data-end=\"1671\"><b>Lou centre-ville<\/b> (48, rue Nationale).<\/li>\n<\/ul>\n<p data-end=\"1671\" class=\" wall-content\">D\u2019autres restaurants de la m\u00e9tropole lilloise et plus largement du Nord participent \u00e0 l\u2019\u00e9v\u00e9nement. Retrouvez la liste sur le site <a href=\"https:\/\/www.thefork.fr\/\" rel=\"nofollow noopener\" target=\"_blank\">thefork.fr<\/a><\/p>\n<p class=\" wall-content\">Personnalisez votre actualit\u00e9 en ajoutant vos villes et m\u00e9dias en favori avec <a href=\"https:\/\/moncompte.actu.fr\" title=\"D\u00e9couvez Mon Actu\" rel=\"nofollow noopener\" data-trk=\"{&quot;cta&quot;:{&quot;action&quot;:&quot;https:\\\/\\\/moncompte.actu.fr&quot;,&quot;category&quot;:&quot;mon compte&quot;,&quot;from&quot;:&quot;article footer&quot;,&quot;name&quot;:&quot;Mon actu&quot;,&quot;type&quot;:&quot;cta&quot;}}\" target=\"_blank\">Mon Actu<\/a>.<\/p>\n","protected":false},"excerpt":{"rendered":"Par Nicolas Demollien Publi\u00e9 le 18 oct. 2025 \u00e0 17h16 Voil\u00e0 un moyen tr\u00e8s sympa de se faire&hellip;\n","protected":false},"author":2,"featured_media":472773,"comment_status":"","ping_status":"","sticky":false,"template":"","format":"standard","meta":{"footnotes":""},"categories":[2815],"tags":[1111,11,677,1777,674,1011,27,811,1307,1652,12,25,1340],"class_list":{"0":"post-472772","1":"post","2":"type-post","3":"status-publish","4":"format-standard","5":"has-post-thumbnail","7":"category-lille","8":"tag-actu","9":"tag-actualites","10":"tag-bons-plans","11":"tag-eu","12":"tag-europe","13":"tag-fr","14":"tag-france","15":"tag-hauts-de-france","16":"tag-lille","17":"tag-loisirs-culture","18":"tag-news","19":"tag-republique-francaise","20":"tag-restaurant"},"share_on_mastodon":{"url":"https:\/\/pubeurope.com\/@fr\/115395896548752911","error":""},"_links":{"self":[{"href":"https:\/\/www.europesays.com\/fr\/wp-json\/wp\/v2\/posts\/472772","targetHints":{"allow":["GET"]}}],"collection":[{"href":"https:\/\/www.europesays.com\/fr\/wp-json\/wp\/v2\/posts"}],"about":[{"href":"https:\/\/www.europesays.com\/fr\/wp-json\/wp\/v2\/types\/post"}],"author":[{"embeddable":true,"href":"https:\/\/www.europesays.com\/fr\/wp-json\/wp\/v2\/users\/2"}],"replies":[{"embeddable":true,"href":"https:\/\/www.europesays.com\/fr\/wp-json\/wp\/v2\/comments?post=472772"}],"version-history":[{"count":0,"href":"https:\/\/www.europesays.com\/fr\/wp-json\/wp\/v2\/posts\/472772\/revisions"}],"wp:featuredmedia":[{"embeddable":true,"href":"https:\/\/www.europesays.com\/fr\/wp-json\/wp\/v2\/media\/472773"}],"wp:attachment":[{"href":"https:\/\/www.europesays.com\/fr\/wp-json\/wp\/v2\/media?parent=472772"}],"wp:term":[{"taxonomy":"category","embeddable":true,"href":"https:\/\/www.europesays.com\/fr\/wp-json\/wp\/v2\/categories?post=472772"},{"taxonomy":"post_tag","embeddable":true,"href":"https:\/\/www.europesays.com\/fr\/wp-json\/wp\/v2\/tags?post=472772"}],"curies":[{"name":"wp","href":"https:\/\/api.w.org\/{rel}","templated":true}]}}