{"id":472779,"date":"2025-10-18T15:37:09","date_gmt":"2025-10-18T15:37:09","guid":{"rendered":"https:\/\/www.europesays.com\/fr\/472779\/"},"modified":"2025-10-18T15:37:09","modified_gmt":"2025-10-18T15:37:09","slug":"lyon-le-cineaste-americain-michael-man-recoit-le-prix-lumiere-2025-je-suis-sans-voix","status":"publish","type":"post","link":"https:\/\/www.europesays.com\/fr\/472779\/","title":{"rendered":"Lyon. Le cin\u00e9aste am\u00e9ricain Michael Man re\u00e7oit le Prix Lumi\u00e8re 2025 : \u00ab\u00a0Je suis sans voix\u00a0\u00bb"},"content":{"rendered":"<p>            Par<br \/>\n        <strong><br \/>\n            <a href=\"https:\/\/actu.fr\/auteur\/redaction-lyon\" title=\"Consulter tous les articles de R\u00e9daction Lyon\" target=\"_blank\" rel=\"noopener\">R\u00e9daction Lyon<\/a><br \/>\n        <\/strong><\/p>\n<p>        Publi\u00e9 le<\/p>\n<p>            18 oct. 2025 \u00e0 17h05        <\/p>\n<p>Le cin\u00e9aste am\u00e9ricain <strong>Michael Mann<\/strong> a re\u00e7u vendredi \u00e0 <a href=\"https:\/\/actu.fr\/auvergne-rhone-alpes\/lyon_69123\" target=\"_blank\" rel=\"noopener\">Lyon<\/a> le <strong>Prix Lumi\u00e8re<\/strong>, qui c\u00e9l\u00e8bre les personnalit\u00e9s \u00e9minentes de l\u2019histoire du 7\u00e8me art, apr\u00e8s notamment Clint Eastwood, Martin Scorsese, Francis Ford Coppola ou Quentin Tarantino.<\/p>\n<p>\u00ab\u00a0Ce soir restera grav\u00e9 dans ma m\u00e9moire\u00a0\u00bb<\/p>\n<p class=\" wall-content\">C\u2019est l\u2019actrice <a href=\"https:\/\/actu.fr\/cinema\/cannes-2025-isabelle-huppert-dans-un-film-inspire-de-l-affaire-bettencourt-echec-sur-toute-la-ligne_62660530.html\" target=\"_blank\" rel=\"noopener\">Isabelle Huppert<\/a>, laur\u00e9ate du prix en 2024, qui lui a remis sa r\u00e9compense. \u00ab\u00a0Au nom du cin\u00e9ma, merci Michael Mann, merci de continuer de nous surprendre, de nous d\u00e9ranger, merci pour votre oeuvre exigeante, lyrique, sensuelle\u00a0\u00bb, lui a-t-elle dit.<\/p>\n<p class=\" wall-content\">Le Festival Lumi\u00e8re est \u00ab\u00a0une f\u00eate tout simplement incroyable. Elle humanise tout le travail que nous faisons\u00a0\u00bb, a r\u00e9pondu le r\u00e9alisateur \u00e2g\u00e9 de 82 ans, apr\u00e8s une longue ovation debout par des milliers de spectateurs. \u00ab\u00a0Ce soir restera grav\u00e9 dans ma m\u00e9moire, merci ! (\u2026) Je comprends maintenant pourquoi de grands r\u00e9alisateurs ne peuvent plus parler une fois sur cette sc\u00e8ne. Je suis sans voix, c\u2019est fantastique !\u00a0\u00bb, a-t-il \u00e9galement lanc\u00e9.<\/p>\n<p>40 ann\u00e9es de grands films pour le cin\u00e9ma<\/p>\n<p class=\" wall-content\">Natif de Chicago, Michael Mann a marqu\u00e9 ces 40 derni\u00e8res ann\u00e9es avec douze longs-m\u00e9trages dont son <strong>film policier embl\u00e9matique \u00ab\u00a0Heat\u00a0\u00bb<\/strong> (1995), avec Al Pacino et Robert de Niro.<\/p>\n<p class=\" wall-content\">Il a \u00e9galement dirig\u00e9 Daniel Day-Lewis dans \u00ab\u00a0Le Dernier des Mohicans\u00a0\u00bb (1992), Tom Cruise dans \u00ab\u00a0Collat\u00e9ral\u00a0\u00bb (2004) ou encore Colin Farrell et Jamie Foxx dans l\u2019adaptation de la s\u00e9rie t\u00e9l\u00e9vis\u00e9e culte \u00ab\u00a0Miami Vice\u00a0\u00bb (2006) dont il \u00e9tait le producteur ex\u00e9cutif.<\/p>\n<p class=\" wall-content\">Il aussi adapt\u00e9 la vie de la l\u00e9gende de la boxe am\u00e9ricaine, Mohamed Ali, dans \u00ab\u00a0Ali\u00a0\u00bb (2001) avec Will Smith mais aussi celle du fondateur italien de la marque de bolides Enzo Ferrari, avec Adam Driver et Penelope Cruz dans \u00ab\u00a0Ferrari\u00a0\u00bb (2023).<\/p>\n<p class=\" wall-content\">Le <a href=\"https:\/\/actu.fr\/auvergne-rhone-alpes\/lyon_69123\/festival-lumiere-a-lyon-voici-les-stars-mondiales-que-vous-pouvez-croiser-des-aujourd-hui_63281619.html\" target=\"_blank\" rel=\"noopener\">Festival Lumi\u00e8re<\/a> avait pour invit\u00e9 d\u2019honneur <a href=\"https:\/\/actu.fr\/auvergne-rhone-alpes\/lyon_69123\/lyon-karaoke-avec-kad-merad-et-laurent-gerra-ambiance-le-diner-dingue-de-sean-penn-au-festival-lumiere_63292489.html\" target=\"_blank\" rel=\"noopener\">Sean Penn<\/a>, en pr\u00e9sence de nombreuses stars du cin\u00e9ma \u00e9tranger et fran\u00e7ais: Costa Gavras, Natalie Portman, Guillermo del Toro, John Woo, Dominique Blanc, Isabelle Huppert, Kad Merad, Alain Chabat, Juliette Binoche, Orelsan, Dany Boon, Sabine Az\u00e9ma, Pierre Arditi, Michel Hazanavicius, Sami Bouajila, Marina Fo\u00efs, Rapha\u00ebl Quenard\u2026<\/p>\n<p>Votre r\u00e9gion, votre actu !<\/p>\n<p>Recevez chaque jour les infos qui comptent pour vous.<\/p>\n<p>\t<a href=\"https:\/\/actu.fr\/newsletter\" class=\"ac-btn ac-btn--corner ac-btn--medium ac-btn--blue800\" target=\"_blank\" rel=\"noopener\">S&rsquo;incrire<\/a><\/p>\n<p class=\" wall-content\"><strong>VIDEO. Le tapis rouge du Festival Lumi\u00e8re 2025<\/strong><\/p>\n<p>Une pluie de stars pour l\u2019\u00e9dition 2025<\/p>\n<p class=\" wall-content\">Et plus de 150 classiques projet\u00e9s sur huit jours en 450 s\u00e9ances : \u00e0 Lyon, berceau du 7\u00e8me art avec l\u2019invention du cin\u00e9matographe par les fr\u00e8res Louis et Auguste Lumi\u00e8re en 1895, mais aussi dans plusieurs villes de la m\u00e9tropole lyonnaise.\u00a0<\/p>\n<p class=\" wall-content\">Avec des oeuvres du monde entier parfois restaur\u00e9es, des r\u00e9trospectives, des expositions et des hommages, ce festival a \u00e9t\u00e9 cr\u00e9\u00e9 en 2009 par le directeur de l\u2019Institut Lumi\u00e8re de Lyon Thierry Fr\u00e9maux, par ailleurs grand patron du Festival de Cannes.<\/p>\n<p class=\" wall-content\">Le prix Lumi\u00e8re a d\u00e9j\u00e0 r\u00e9compens\u00e9 des personnalit\u00e9s comme Milos Forman, Ken Loach, Martin Scorsese, Francis Ford Coppola, Tim Burton, Clint Eastwood, Quentin Tarantino, Pedro Almodovar, Wong Kar-wai, Catherine Deneuve, Sandrine Kiberlain, Emmanuelle Devos ou Isabelle Huppert.<\/p>\n<p class=\" wall-content\"><strong>AFP<\/strong><\/p>\n<p class=\" wall-content\">Personnalisez votre actualit\u00e9 en ajoutant vos villes et m\u00e9dias en favori avec <a href=\"https:\/\/moncompte.actu.fr\" title=\"D\u00e9couvez Mon Actu\" rel=\"nofollow noopener\" data-trk=\"{&quot;cta&quot;:{&quot;action&quot;:&quot;https:\\\/\\\/moncompte.actu.fr&quot;,&quot;category&quot;:&quot;mon compte&quot;,&quot;from&quot;:&quot;article footer&quot;,&quot;name&quot;:&quot;Mon actu&quot;,&quot;type&quot;:&quot;cta&quot;}}\" target=\"_blank\">Mon Actu<\/a>.<\/p>\n","protected":false},"excerpt":{"rendered":"Par R\u00e9daction Lyon Publi\u00e9 le 18 oct. 2025 \u00e0 17h05 Le cin\u00e9aste am\u00e9ricain Michael Mann a re\u00e7u vendredi&hellip;\n","protected":false},"author":2,"featured_media":472780,"comment_status":"","ping_status":"","sticky":false,"template":"","format":"standard","meta":{"footnotes":""},"categories":[1889],"tags":[1111,11,2430,650,45056,1777,674,1011,27,44972,2428,12,25],"class_list":{"0":"post-472779","1":"post","2":"type-post","3":"status-publish","4":"format-standard","5":"has-post-thumbnail","7":"category-lyon","8":"tag-actu","9":"tag-actualites","10":"tag-auvergne-rhone-alpes","11":"tag-cinema","12":"tag-cite-internationale-de-lyon","13":"tag-eu","14":"tag-europe","15":"tag-fr","16":"tag-france","17":"tag-hors-salles","18":"tag-lyon","19":"tag-news","20":"tag-republique-francaise"},"share_on_mastodon":{"url":"https:\/\/pubeurope.com\/@fr\/115395916194831282","error":""},"_links":{"self":[{"href":"https:\/\/www.europesays.com\/fr\/wp-json\/wp\/v2\/posts\/472779","targetHints":{"allow":["GET"]}}],"collection":[{"href":"https:\/\/www.europesays.com\/fr\/wp-json\/wp\/v2\/posts"}],"about":[{"href":"https:\/\/www.europesays.com\/fr\/wp-json\/wp\/v2\/types\/post"}],"author":[{"embeddable":true,"href":"https:\/\/www.europesays.com\/fr\/wp-json\/wp\/v2\/users\/2"}],"replies":[{"embeddable":true,"href":"https:\/\/www.europesays.com\/fr\/wp-json\/wp\/v2\/comments?post=472779"}],"version-history":[{"count":0,"href":"https:\/\/www.europesays.com\/fr\/wp-json\/wp\/v2\/posts\/472779\/revisions"}],"wp:featuredmedia":[{"embeddable":true,"href":"https:\/\/www.europesays.com\/fr\/wp-json\/wp\/v2\/media\/472780"}],"wp:attachment":[{"href":"https:\/\/www.europesays.com\/fr\/wp-json\/wp\/v2\/media?parent=472779"}],"wp:term":[{"taxonomy":"category","embeddable":true,"href":"https:\/\/www.europesays.com\/fr\/wp-json\/wp\/v2\/categories?post=472779"},{"taxonomy":"post_tag","embeddable":true,"href":"https:\/\/www.europesays.com\/fr\/wp-json\/wp\/v2\/tags?post=472779"}],"curies":[{"name":"wp","href":"https:\/\/api.w.org\/{rel}","templated":true}]}}