{"id":47278,"date":"2025-04-23T18:53:10","date_gmt":"2025-04-23T18:53:10","guid":{"rendered":"https:\/\/www.europesays.com\/fr\/47278\/"},"modified":"2025-04-23T18:53:10","modified_gmt":"2025-04-23T18:53:10","slug":"la-plus-grande-salle-imax-des-hauts-de-france-ouvrira-a-kinepolis-lomme-le-21-mai-2025","status":"publish","type":"post","link":"https:\/\/www.europesays.com\/fr\/47278\/","title":{"rendered":"La plus grande salle IMAX\u00ae des Hauts-de-France ouvrira \u00e0 Kinepolis Lomme le 21 mai 2025"},"content":{"rendered":"<p style=\"text-align: justify;\"><strong>Kinepolis Group<\/strong> a choisi<strong> Kinepolis Lomme<\/strong> pour <strong>installer la plus grande salle IMAX\u00ae des Hauts-de-France. <\/strong>Les <strong>spectateurs <\/strong>auront ainsi bient\u00f4t la possibilit\u00e9 de<strong> vivre une exp\u00e9rience cin\u00e9matographique hors norme, reconnue par tous les cin\u00e9philes !<\/strong> Les<strong> travaux sont actuellement en cours <\/strong>pour <strong>adapter et reconfigurer une salle existante<\/strong> (la salle 17) aux <strong>normes IMAX\u00ae<\/strong> (dont un nouvel \u00e9cran surdimensionn\u00e9 allant du sol au plafond). Cette <strong>nouvelle salle de 491 fauteuils<\/strong> (dont de nouveaux si\u00e8ges Premium), <strong>parmi les 23<\/strong> <strong>que compte le cin\u00e9ma,<\/strong> <strong>compl\u00e9tera une offre Premium<\/strong> d\u00e9j\u00e0 tant <strong>appr\u00e9ci\u00e9e par les spectateurs. Inauguration pr\u00e9vue le 21 mai 2025 !<\/strong><\/p>\n<p style=\"text-align: justify;\"><strong>L\u2019ouverture de cette salle<\/strong> <strong>IMAX <\/strong>est <strong>un \u00e9v\u00e8nement<\/strong> <strong>attendu <\/strong>par <strong>tous les amateurs de cin\u00e9ma de la r\u00e9gion. <\/strong>Il s\u2019agira du <strong>deuxi\u00e8me cin\u00e9ma Kinepolis en France<\/strong> <strong>\u00e0 proposer cette technologie.<\/strong> <strong>Kinepolis Lomme <\/strong>a toujours eu \u00e0 c\u0153ur de <strong>proposer les meilleures technologies<\/strong> et les <strong>exp\u00e9riences les plus immersives \u00e0 ses spectateurs. <\/strong>Cette <strong>salle IMAX <\/strong>s\u2019inscrit donc pleinement dans cette <strong>d\u00e9marche d\u2019excellence<\/strong> et de<strong> satisfaction client.<\/strong> \u00ab Nous sommes ravis d\u2019offrir \u00e0 nos spectateurs une exp\u00e9rience cin\u00e9matographique unique avec l\u2019ouverture de notre nouvelle salle IMAX. C\u2019est une nouvelle \u00e9tape dans notre engagement de proposer le meilleur du cin\u00e9ma au Kinepolis de Lomme \u00bb, explique <strong>Fran\u00e7ois Minebois, Directeur du Kinepolis de Lomme.<\/strong><\/p>\n<p style=\"text-align: justify;\">Le <strong>cin\u00e9ma <\/strong>sera donc dot\u00e9 de la<strong> technologie IMAX\u00ae<\/strong> avec<strong> Laser,<\/strong> un <strong>syst\u00e8me immersif de projection<\/strong> et de <strong>son multicanal nouvelle g\u00e9n\u00e9ration :<\/strong><\/p>\n<p style=\"text-align: justify;\"><img loading=\"lazy\" decoding=\"async\" class=\"tie-appear\" src=\"https:\/\/www.europesays.com\/fr\/wp-content\/uploads\/2025\/04\/1744722321_833_arrow.png\" alt=\"Puce\" width=\"9\" height=\"9\"\/> <strong>Projection Laser IMAX\u00ae cristalline :<\/strong> <strong>r\u00e9solution accrue, images plus nettes<\/strong> et <strong>plus lumineuses,<\/strong> <strong>contrastes plus profonds<\/strong>, ainsi que la <strong>plus large gamme de couleurs<\/strong> \u00e0 disposition des cin\u00e9astes garantissant aux spectateurs des <strong>images d\u2019un r\u00e9alisme surprenant.<\/strong><\/p>\n<p style=\"text-align: justify;\"><img loading=\"lazy\" decoding=\"async\" class=\"tie-appear\" src=\"https:\/\/www.europesays.com\/fr\/wp-content\/uploads\/2025\/04\/1744722321_833_arrow.png\" alt=\"Puce\" width=\"9\" height=\"9\"\/> <strong>Pr\u00e9cision sonore IMAX\u00ae nouvelle g\u00e9n\u00e9ration :<\/strong> la <strong>technologie brevet\u00e9e du son<\/strong> offre <strong>une clart\u00e9<\/strong> et <strong>une<\/strong><br \/><strong>profondeur saisissantes uniform\u00e9ment r\u00e9parties dans toute la salle.<\/strong><\/p>\n<p><img loading=\"lazy\" decoding=\"async\" class=\"tie-appear\" src=\"https:\/\/www.europesays.com\/fr\/wp-content\/uploads\/2025\/04\/1744722321_833_arrow.png\" alt=\"Puce\" width=\"9\" height=\"9\"\/> <strong>L\u2019immersion IMAX\u00ae par le design : une salle sp\u00e9cialement configur\u00e9e<\/strong> pour <strong>transporter les spectateurs au-del\u00e0 de leur fauteuil,<\/strong> dans <strong>l\u2019univers du film.<\/strong><\/p>\n<p style=\"text-align: justify;\">Les <strong>spectateurs <\/strong>pourront ainsi <strong>d\u00e9couvrir d\u2019incroyables sorties<\/strong> <strong>\u00ab FILM\u00c9ES POUR IMAX \u00bb<\/strong> comme \u00ab Mission : Impossible \u2013 The Final Reckoning \u00bb au cin\u00e9ma le <strong>21 mai,<\/strong> \u00ab Dragons \u00bb d\u00e8s le <strong>11 juin ,<\/strong> \u00ab F1 \u00bb le <strong>25 juin, <\/strong>\u00ab Superman \u00bb, le <strong>09 juillet<\/strong> ou encore \u00ab Les 4 Fantastiques, premiers pas \u00bb <strong>\u00e0 d\u00e9couvrir au cin\u00e9ma d\u00e8s le 23 juillet !<\/strong><\/p>\n<p style=\"text-align: right;\">Source &amp; image : \u00a9 Kinepolis France<\/p>\n","protected":false},"excerpt":{"rendered":"Kinepolis Group a choisi Kinepolis Lomme pour installer la plus grande salle IMAX\u00ae des Hauts-de-France. Les spectateurs auront&hellip;\n","protected":false},"author":2,"featured_media":47279,"comment_status":"","ping_status":"","sticky":false,"template":"","format":"standard","meta":{"footnotes":""},"categories":[2815],"tags":[13733,1111,11,650,1777,674,1011,27,811,13734,13735,13736,1307,12,13737,25,13738],"class_list":{"0":"post-47278","1":"post","2":"type-post","3":"status-publish","4":"format-standard","5":"has-post-thumbnail","7":"category-lille","8":"tag-21-mai-2025","9":"tag-actu","10":"tag-actualites","11":"tag-cinema","12":"tag-eu","13":"tag-europe","14":"tag-fr","15":"tag-france","16":"tag-hauts-de-france","17":"tag-imax","18":"tag-kinepolis","19":"tag-kinepolis-lomme","20":"tag-lille","21":"tag-news","22":"tag-projection","23":"tag-republique-francaise","24":"tag-salle-17"},"share_on_mastodon":{"url":"https:\/\/pubeurope.com\/@fr\/114388795834158343","error":""},"_links":{"self":[{"href":"https:\/\/www.europesays.com\/fr\/wp-json\/wp\/v2\/posts\/47278","targetHints":{"allow":["GET"]}}],"collection":[{"href":"https:\/\/www.europesays.com\/fr\/wp-json\/wp\/v2\/posts"}],"about":[{"href":"https:\/\/www.europesays.com\/fr\/wp-json\/wp\/v2\/types\/post"}],"author":[{"embeddable":true,"href":"https:\/\/www.europesays.com\/fr\/wp-json\/wp\/v2\/users\/2"}],"replies":[{"embeddable":true,"href":"https:\/\/www.europesays.com\/fr\/wp-json\/wp\/v2\/comments?post=47278"}],"version-history":[{"count":0,"href":"https:\/\/www.europesays.com\/fr\/wp-json\/wp\/v2\/posts\/47278\/revisions"}],"wp:featuredmedia":[{"embeddable":true,"href":"https:\/\/www.europesays.com\/fr\/wp-json\/wp\/v2\/media\/47279"}],"wp:attachment":[{"href":"https:\/\/www.europesays.com\/fr\/wp-json\/wp\/v2\/media?parent=47278"}],"wp:term":[{"taxonomy":"category","embeddable":true,"href":"https:\/\/www.europesays.com\/fr\/wp-json\/wp\/v2\/categories?post=47278"},{"taxonomy":"post_tag","embeddable":true,"href":"https:\/\/www.europesays.com\/fr\/wp-json\/wp\/v2\/tags?post=47278"}],"curies":[{"name":"wp","href":"https:\/\/api.w.org\/{rel}","templated":true}]}}