{"id":472781,"date":"2025-10-18T15:38:18","date_gmt":"2025-10-18T15:38:18","guid":{"rendered":"https:\/\/www.europesays.com\/fr\/472781\/"},"modified":"2025-10-18T15:38:18","modified_gmt":"2025-10-18T15:38:18","slug":"compositions-chaine-tv-heure-et-cotes-19","status":"publish","type":"post","link":"https:\/\/www.europesays.com\/fr\/472781\/","title":{"rendered":"Compositions, Cha\u00eene TV, Heure et Cotes"},"content":{"rendered":"<p style=\"text-align: justify;\"><strong>LIGUE 1 2025-2026 \u2013 \u00c0 quelle heure et sur quelle cha\u00eene TV suivre le match de Ligue 1 entre Nice et l\u2019Olympique Lyonnais ? Retrouvez \u00e9galement les compositions des deux \u00e9quipes.<\/strong><\/p>\n<p style=\"text-align: justify;\">Le <strong>OGC Nice<\/strong> traverse une mauvaise s\u00e9rie avec cinq matchs sans victoire. Les <strong>Aiglons<\/strong> se sont inclin\u00e9s \u00e0 trois reprises, face \u00e0 <strong>Brest<\/strong> en championnat, puis contre l\u2019<strong>AS Rome<\/strong> et le <strong>Fenerbah\u00e7e<\/strong> en <strong>Ligue Europa<\/strong>. Les <strong>Ni\u00e7ois<\/strong> ont \u00e9galement conc\u00e9d\u00e9 deux matchs nuls, face au <strong>Paris FC<\/strong> et plus r\u00e9cemment contre <strong>Monaco<\/strong> (2-2). Nice occupe actuellement la 12e place du classement apr\u00e8s sept journ\u00e9es.<\/p>\n<p>Lyon \u00e0 la relance ?<\/p>\n<p style=\"text-align: justify;\">Premier coup d\u2019arr\u00eat pour l\u2019<strong>Olympique Lyonnais<\/strong> avant la tr\u00eave internationale, avec une d\u00e9faite 2 \u00e0 1 face \u00e0 <strong>Toulouse<\/strong>. Les <strong>Lyonnais<\/strong> ont pourtant men\u00e9 une grande partie du match avant de conc\u00e9der deux buts en fin de rencontre. Avant cela, <strong>Lyon<\/strong> avait confirm\u00e9 son bon d\u00e9but de saison en remportant son deuxi\u00e8me match de <strong>Ligue Europa<\/strong> face \u00e0 <strong>Salzbourg<\/strong>.<\/p>\n<p style=\"text-align: justify;\">La saison pass\u00e9e, l\u2019<strong>Olympique Lyonnais<\/strong> s\u2019\u00e9tait impos\u00e9 lors des deux confrontations face \u00e0 <strong>Nice<\/strong>. Cette fois-ci, les <strong>Aiglons<\/strong> partent l\u00e9g\u00e8rement favoris, selon les bookmakers, pour cette 8e journ\u00e9e de <strong>Ligue 1<\/strong>.<\/p>\n<p>Ligue 1 : Le programme TV de Nice-Lyon<br \/>\nSamedi 18 octobre 2025<\/p>\n<p style=\"text-align: justify;\"><b>Match diffus\u00e9 sur beIN SPORTS 1<\/b><b>\u00a0: <\/b>D\u00e9but du match \u00e0<strong> 17h00.<\/strong><\/p>\n<p>Les compositions officielles de Nice-Lyon<br \/>\nLa composition de Nice<\/p>\n<p style=\"text-align: justify;\">Diouf \u2013 Mendy, Dante, Oppong \u2013 Clauss, Boudaoui, Vanhoutte, Bard \u2013 Diop, Cho, Boga.<\/p>\n<p>La composition de Lyon<\/p>\n<p style=\"text-align: justify;\">Greif \u2013 Maitland-Niles, Mata, Kluivert, Abner \u2013 Morton, Tolisso \u00a9 \u2013 Karabec, Sulc, Fofana \u2013 Satriano.<\/p>\n<p>Les cotes de Nice-Lyon<\/p>\n<p style=\"text-align: justify;\">Tentez votre chance en profitant de votre <a href=\"https:\/\/www.winamax.fr\/registration\/landing\/affiliation_Bonus100?banid=33423\" target=\"_blank\" rel=\"noopener\">1er d\u00e9p\u00f4t doubl\u00e9 jusqu\u2019\u00e0 100 \u20ac<\/a> direct en paris gratuits sur Winamax !<\/p>\n","protected":false},"excerpt":{"rendered":"LIGUE 1 2025-2026 \u2013 \u00c0 quelle heure et sur quelle cha\u00eene TV suivre le match de Ligue 1&hellip;\n","protected":false},"author":2,"featured_media":472782,"comment_status":"","ping_status":"","sticky":false,"template":"","format":"standard","meta":{"footnotes":""},"categories":[1889],"tags":[1111,11,2430,2113,1777,674,63,1011,27,66,2428,12,2401,978,502,25],"class_list":{"0":"post-472781","1":"post","2":"type-post","3":"status-publish","4":"format-standard","5":"has-post-thumbnail","7":"category-lyon","8":"tag-actu","9":"tag-actualites","10":"tag-auvergne-rhone-alpes","11":"tag-breve","12":"tag-eu","13":"tag-europe","14":"tag-football","15":"tag-fr","16":"tag-france","17":"tag-ligue-1","18":"tag-lyon","19":"tag-news","20":"tag-nice","21":"tag-olympique-lyonnais","22":"tag-programme-tv","23":"tag-republique-francaise"},"share_on_mastodon":{"url":"https:\/\/pubeurope.com\/@fr\/115395920104142263","error":""},"_links":{"self":[{"href":"https:\/\/www.europesays.com\/fr\/wp-json\/wp\/v2\/posts\/472781","targetHints":{"allow":["GET"]}}],"collection":[{"href":"https:\/\/www.europesays.com\/fr\/wp-json\/wp\/v2\/posts"}],"about":[{"href":"https:\/\/www.europesays.com\/fr\/wp-json\/wp\/v2\/types\/post"}],"author":[{"embeddable":true,"href":"https:\/\/www.europesays.com\/fr\/wp-json\/wp\/v2\/users\/2"}],"replies":[{"embeddable":true,"href":"https:\/\/www.europesays.com\/fr\/wp-json\/wp\/v2\/comments?post=472781"}],"version-history":[{"count":0,"href":"https:\/\/www.europesays.com\/fr\/wp-json\/wp\/v2\/posts\/472781\/revisions"}],"wp:featuredmedia":[{"embeddable":true,"href":"https:\/\/www.europesays.com\/fr\/wp-json\/wp\/v2\/media\/472782"}],"wp:attachment":[{"href":"https:\/\/www.europesays.com\/fr\/wp-json\/wp\/v2\/media?parent=472781"}],"wp:term":[{"taxonomy":"category","embeddable":true,"href":"https:\/\/www.europesays.com\/fr\/wp-json\/wp\/v2\/categories?post=472781"},{"taxonomy":"post_tag","embeddable":true,"href":"https:\/\/www.europesays.com\/fr\/wp-json\/wp\/v2\/tags?post=472781"}],"curies":[{"name":"wp","href":"https:\/\/api.w.org\/{rel}","templated":true}]}}