{"id":472789,"date":"2025-10-18T15:44:20","date_gmt":"2025-10-18T15:44:20","guid":{"rendered":"https:\/\/www.europesays.com\/fr\/472789\/"},"modified":"2025-10-18T15:44:20","modified_gmt":"2025-10-18T15:44:20","slug":"ses-fils-appellent-a-le-soutenir-le-21-octobre-a-paris","status":"publish","type":"post","link":"https:\/\/www.europesays.com\/fr\/472789\/","title":{"rendered":"ses fils appellent \u00e0 le soutenir le 21 octobre \u00e0 Paris"},"content":{"rendered":"<p>\n    \u00c0 trois jours de l\u2019incarc\u00e9ration de l\u2019ancien pr\u00e9sident de la R\u00e9publique \u00e0 la prison de la Sant\u00e9, deux de ses enfants invitent les soutiens de leur p\u00e8re \u00e0 manifester leur amiti\u00e9, \u00e0 Paris mardi.<\/p>\n<p class=\"fig-paragraph\">Condamn\u00e9 le 25 septembre dernier \u00e0 cinq ans de prison ferme,\u00a0<a href=\"http:\/\/www.lefigaro.fr\/actualite-france\/nicolas-sarkozy-sera-incarcere-a-la-prison-de-la-sante-le-21-octobre-prochain-20251013\" data-fig-type=\"NewsFlash\" data-gtm-custom-categorie=\"navigation\" data-gtm-custom-action=\"crossclick\" data-gtm-custom-label=\"Contextuel\" data-gtm-event=\"customEventSPE\" data-fig-domain=\"LEFIGARO\" target=\"_blank\" rel=\"noopener\">Nicolas Sarkozy<\/a>\u00a0doit \u00eatre \u00e9crou\u00e9 le 21 octobre \u00e0 la prison de la Sant\u00e9, \u00e0 Paris. Deux de ses fils ont publi\u00e9 ce samedi un message sur X appelant \u00e0 une manifestation de soutien le jour de l\u2019incarc\u00e9ration. Le rendez-vous est donn\u00e9 \u00e0 8h30, \u00e0 l\u2019angle de la rue Pierre Gu\u00e9rin avec la rue de la Source, au sein de la Villa Montmorency, quartier r\u00e9sidentiel priv\u00e9 du 16e arrondissement o\u00f9 r\u00e9side l\u2019ancien pr\u00e9sident.<\/p>\n<p class=\"fig-paragraph\">Son fils\u00a0<a href=\"http:\/\/www.lefigaro.fr\/nice\/municipales-2026-pourquoi-louis-sarkozy-a-annonce-sa-candidature-a-menton-en-meme-temps-que-la-chute-de-francois-bayrou-20250909\" data-fig-type=\"NewsFlash\" data-gtm-custom-categorie=\"navigation\" data-gtm-custom-action=\"crossclick\" data-gtm-custom-label=\"Contextuel\" data-gtm-event=\"customEventSPE\" data-fig-domain=\"LEFIGARO\" target=\"_blank\" rel=\"noopener\">Louis Sarkozy<\/a>, 28 ans, a publi\u00e9 ce samedi 18 octobre un message sur X appelant les soutiens de son p\u00e8re \u00e0 venir manifester leur amiti\u00e9, le jour de son incarc\u00e9ration.<\/p>\n<p>                                    <a class=\"fig-a11y-skip a11y-hidden\" href=\"#fig-a11y-skip-main-inarticle\"><br \/>\n        Passer la publicit\u00e9<br \/>\n    <\/a><\/p>\n<p class=\"fig-paragraph\">Le message, accompagn\u00e9 d\u2019un montage vid\u00e9o sur Nicolas Sarkozy, s\u2019ach\u00e8ve sur ces mots\u00a0: \u00abLa fin de l\u2019histoire n\u2019est pas \u00e9crite.\u00bb<\/p>\n<p class=\"fig-paragraph\">Pierre Sarkozy a lui aussi publi\u00e9 un message donnant ce rendez-vous, appelant \u00e0 venir \u00abpar amour. Rien d\u2019autre s\u2019il vous pla\u00eet. Seul l\u2019amour porte\u00bb.<\/p>\n<p class=\"fig-paragraph\">\u00abLes fils de Nicolas Sarkozy r\u00e9agissent avec leur c\u0153ur et ne font que porter la voix de tous ces soutiens anonymes qui veulent t\u00e9moigner \u00e0 Nicolas Sarkozy affection et soutien, assure l\u2019entourage de l\u2019ancien pr\u00e9sident. Il n\u2019y a \u00e9videmment rien d\u2019organis\u00e9, ce n\u2019est que la traduction d\u2019une vague d\u2019\u00e9motion que nous voyons depuis le 25 septembre sur les r\u00e9seaux sociaux face \u00e0 cette d\u00e9cision inou\u00efe d\u2019envoyer Nicolas Sarkozy en prison. Et les messages qui circulent ne sont que du soutien et de l\u2019affection.\u00bb<\/p>\n<p>Une condamnation in\u00e9dite pour un ancien chef d\u2019\u00c9tat<\/p>\n<p class=\"fig-paragraph\">Le 25 septembre, le tribunal a \u00e9t\u00e9 reconnu Nicolas Sarkozy coupable d\u2019association de malfaiteurs, consid\u00e9rant qu\u2019il avait permis \u00e0 ses proches collaborateurs de solliciter la Libye en vue d\u2019un financement occulte. \u00c2g\u00e9 de 70 ans, il a fait appel de la d\u00e9cision, mais le mandat de d\u00e9p\u00f4t \u00e0 effet diff\u00e9r\u00e9 prononc\u00e9 \u00e0 son encontre, assorti de l\u2019ex\u00e9cution provisoire, rend son incarc\u00e9ration imm\u00e9diate.<\/p>\n<p class=\"fig-paragraph\">Cette d\u00e9cision marque une premi\u00e8re historique\u00a0: aucun pr\u00e9sident fran\u00e7ais sous la Ve R\u00e9publique n\u2019avait \u00e9t\u00e9 incarc\u00e9r\u00e9. Nicolas Sarkozy, qui a d\u00e9j\u00e0 \u00e9t\u00e9 condamn\u00e9 dans les affaires \u00ab<a href=\"http:\/\/www.lefigaro.fr\/actualite-france\/affaire-bygmalion-nicolas-sarkozy-joue-sa-derniere-carte-judiciaire-20251007\" data-fig-type=\"Article\" data-gtm-custom-categorie=\"navigation\" data-gtm-custom-action=\"crossclick\" data-gtm-custom-label=\"Contextuel\" data-gtm-event=\"customEventSPE\" data-fig-domain=\"LEFIGARO\" target=\"_blank\" rel=\"noopener\">Bygmalion<\/a> \u00bb et \u00abdes \u00e9coutes\u00bb, continue de contester l\u2019ensemble des charges et d\u00e9nonce une condamnation \u00abqui humilie la France\u00bb.<\/p>\n","protected":false},"excerpt":{"rendered":"\u00c0 trois jours de l\u2019incarc\u00e9ration de l\u2019ancien pr\u00e9sident de la R\u00e9publique \u00e0 la prison de la Sant\u00e9, deux&hellip;\n","protected":false},"author":2,"featured_media":472790,"comment_status":"","ping_status":"","sticky":false,"template":"","format":"standard","meta":{"footnotes":""},"categories":[1888],"tags":[11,1777,674,1011,27,17927,12,3091,626,45344,25],"class_list":{"0":"post-472789","1":"post","2":"type-post","3":"status-publish","4":"format-standard","5":"has-post-thumbnail","7":"category-paris","8":"tag-actualites","9":"tag-eu","10":"tag-europe","11":"tag-fr","12":"tag-france","13":"tag-louis-sarkozy","14":"tag-news","15":"tag-nicolas-sarkozy","16":"tag-paris","17":"tag-prison-de-la-sante","18":"tag-republique-francaise"},"share_on_mastodon":{"url":"https:\/\/pubeurope.com\/@fr\/115395943882655719","error":""},"_links":{"self":[{"href":"https:\/\/www.europesays.com\/fr\/wp-json\/wp\/v2\/posts\/472789","targetHints":{"allow":["GET"]}}],"collection":[{"href":"https:\/\/www.europesays.com\/fr\/wp-json\/wp\/v2\/posts"}],"about":[{"href":"https:\/\/www.europesays.com\/fr\/wp-json\/wp\/v2\/types\/post"}],"author":[{"embeddable":true,"href":"https:\/\/www.europesays.com\/fr\/wp-json\/wp\/v2\/users\/2"}],"replies":[{"embeddable":true,"href":"https:\/\/www.europesays.com\/fr\/wp-json\/wp\/v2\/comments?post=472789"}],"version-history":[{"count":0,"href":"https:\/\/www.europesays.com\/fr\/wp-json\/wp\/v2\/posts\/472789\/revisions"}],"wp:featuredmedia":[{"embeddable":true,"href":"https:\/\/www.europesays.com\/fr\/wp-json\/wp\/v2\/media\/472790"}],"wp:attachment":[{"href":"https:\/\/www.europesays.com\/fr\/wp-json\/wp\/v2\/media?parent=472789"}],"wp:term":[{"taxonomy":"category","embeddable":true,"href":"https:\/\/www.europesays.com\/fr\/wp-json\/wp\/v2\/categories?post=472789"},{"taxonomy":"post_tag","embeddable":true,"href":"https:\/\/www.europesays.com\/fr\/wp-json\/wp\/v2\/tags?post=472789"}],"curies":[{"name":"wp","href":"https:\/\/api.w.org\/{rel}","templated":true}]}}