{"id":472797,"date":"2025-10-18T15:48:11","date_gmt":"2025-10-18T15:48:11","guid":{"rendered":"https:\/\/www.europesays.com\/fr\/472797\/"},"modified":"2025-10-18T15:48:11","modified_gmt":"2025-10-18T15:48:11","slug":"pres-de-200-personnes-qui-tentaient-de-rejoindre-langleterre-secourues-en-vingt-quatre-heures","status":"publish","type":"post","link":"https:\/\/www.europesays.com\/fr\/472797\/","title":{"rendered":"Pr\u00e8s de 200 personnes qui tentaient de rejoindre l\u2019Angleterre secourues en vingt-quatre heures"},"content":{"rendered":"<p>Les chiffres sont impressionnants\u00a0: entre vendredi et ce samedi, 185 <a href=\"https:\/\/www.20minutes.fr\/dossier\/migrants\" target=\"_blank\" class=\"c-link c-link--is-underlined\" rel=\"noopener\">migrants<\/a> ont \u00e9t\u00e9 secourus dans les eaux fran\u00e7aises alors qu\u2019ils tentaient de rejoindre l\u2019<a href=\"https:\/\/www.20minutes.fr\/dossier\/angleterre\" target=\"_blank\" class=\"c-link c-link--is-underlined\" rel=\"noopener\">Angleterre<\/a> \u00e0 bord d\u2019embarcations clandestines, a indiqu\u00e9 samedi la pr\u00e9fecture maritime de la <a href=\"https:\/\/www.20minutes.fr\/manche-mer\/\" target=\"_blank\" class=\"c-link c-link--is-underlined\" rel=\"noopener\">Manche<\/a> et de la mer du Nord.<\/p>\n<\/p>\n<p>Vendredi matin, deux op\u00e9rations de <a href=\"https:\/\/www.20minutes.fr\/dossier\/sauvetage\" target=\"_blank\" class=\"c-link c-link--is-underlined\" rel=\"noopener\">sauvetage<\/a> ont respectivement men\u00e9 \u00e0 la prise en charge de 81 passagers d\u2019une embarcation partie de la baie de <a href=\"https:\/\/www.20minutes.fr\/dossier\/somme\" target=\"_blank\" class=\"c-link c-link--is-underlined\" rel=\"noopener\">Somme<\/a>, et \u00e0 celle de 80 personnes demandant \u00e0 \u00eatre secourues \u00e0 la suite de l\u2019avarie de leur bateau au large d\u2019Equihen-Plage (<a href=\"https:\/\/www.20minutes.fr\/dossier\/pas-de-calais\" target=\"_blank\" class=\"c-link c-link--is-underlined\" rel=\"noopener\">Pas-de-Calais<\/a>), indique la pr\u00e9fecture maritime dans un communiqu\u00e9.<\/p>\n<p>Pr\u00e8s de 30 morts cette ann\u00e9e lors de travers\u00e9es<\/p>\n<p>Dans la nuit de vendredi \u00e0 ce samedi, ce sont 24 passagers d\u2019une autre embarcation qui ont \u00e9t\u00e9 pris en charge lors d\u2019une tentative de travers\u00e9e partie des dunes de la Slack (Pas-de-Calais), tandis que les autres passagers de l\u2019embarcation ont souhait\u00e9 poursuivre leur route. D\u2019apr\u00e8s les chiffres officiels du Home Office (minist\u00e8re de l\u2019Int\u00e9rieur) britannique, aucun \u00ab\u00a0small boat\u00a0\u00bb, du nom des embarcations de fortune utilis\u00e9es pour ces tentatives clandestines de travers\u00e9e de la Manche, n\u2019est arriv\u00e9 en Angleterre vendredi.<\/p>\n<p>Malgr\u00e9 le renforcement r\u00e9gulier des moyens fran\u00e7ais pour emp\u00eacher ces travers\u00e9es \u2013 avec un soutien financier cons\u00e9quent du <a href=\"https:\/\/www.20minutes.fr\/monde\/royaume-uni\/\" target=\"_blank\" class=\"c-link c-link--is-underlined\" rel=\"noopener\">Royaume-Uni<\/a> \u2013 ces d\u00e9parts ne faiblissent pas\u00a0: plus de 36.300 migrants sont arriv\u00e9s en Angleterre \u00e0 bord de \u00ab\u00a0small boats\u00a0\u00bb depuis le 1er\u00a0janvier, selon les autorit\u00e9s britanniques. C\u2019est presque autant que sur la m\u00eame p\u00e9riode en\u00a02022 (37.600), ann\u00e9e record en termes de travers\u00e9es de la Manche par ces petites embarcations. Au moins 27 migrants sont morts cette ann\u00e9e lors de tentatives de travers\u00e9es clandestines de la fronti\u00e8re franco-britannique, selon un d\u00e9compte de l\u2019AFP \u00e0 partir de donn\u00e9es officielles.<\/p>\n<p><a href=\"https:\/\/www.20minutes.fr\/dossier\/migrants\" target=\"_blank\" class=\"c-link c-btn c-btn--primary\" rel=\"noopener\">Notre dossier sur la migration<\/a><\/p>\n<p>Un nouvel accord migratoire entre <a href=\"https:\/\/www.20minutes.fr\/dossier\/londres\" target=\"_blank\" class=\"c-link c-link--is-underlined\" rel=\"noopener\">Londres<\/a> et Paris, entr\u00e9 en vigueur en ao\u00fbt, pr\u00e9voit des \u00e9changes de migrants entre les deux pays sur le principe du \u00ab\u00a0un pour un\u00a0\u00bb\u00a0: pour une personne renvoy\u00e9e du Royaume-Uni, Londres accepte l\u2019entr\u00e9e d\u2019une autre venant de France, par voie l\u00e9gale. Mais ce dispositif, tr\u00e8s critiqu\u00e9 par les <a href=\"https:\/\/www.20minutes.fr\/dossier\/ong\" target=\"_blank\" class=\"c-link c-link--is-underlined\" rel=\"noopener\">ONG<\/a> et expos\u00e9 \u00e0 des recours en <a href=\"https:\/\/www.20minutes.fr\/justice\/\" target=\"_blank\" class=\"c-link c-link--is-underlined\" rel=\"noopener\">justice<\/a>, n\u2019a qu\u2019une port\u00e9e essentiellement symbolique pour l\u2019instant, ne dissuadant gu\u00e8re l\u2019immense majorit\u00e9 des candidats \u00e0 l\u2019<a href=\"https:\/\/www.20minutes.fr\/dossier\/exil\" target=\"_blank\" class=\"c-link c-link--is-underlined\" rel=\"noopener\">exil<\/a> de tenter des travers\u00e9es clandestines.<\/p>\n","protected":false},"excerpt":{"rendered":"Les chiffres sont impressionnants\u00a0: entre vendredi et ce samedi, 185 migrants ont \u00e9t\u00e9 secourus dans les eaux fran\u00e7aises&hellip;\n","protected":false},"author":2,"featured_media":472798,"comment_status":"","ping_status":"","sticky":false,"template":"","format":"standard","meta":{"footnotes":""},"categories":[1588],"tags":[47,11,4708,1777,674,17093,811,14653,14319,1251,12,1309,5161,23862,473,1853,14551,104,1851,1850,1852],"class_list":{"0":"post-472797","1":"post","2":"type-post","3":"status-publish","4":"format-standard","5":"has-post-thumbnail","7":"category-royaume-uni","8":"tag-actualite","9":"tag-actualites","10":"tag-angleterre","11":"tag-eu","12":"tag-europe","13":"tag-exil","14":"tag-hauts-de-france","15":"tag-manche","16":"tag-mer-du-nord","17":"tag-migrants","18":"tag-news","19":"tag-nord-pas-de-calais","20":"tag-normandie","21":"tag-pas-de-calais","22":"tag-royaume-uni","23":"tag-royaume-uni-de-grande-bretagne-et-dirlande-du-nord","24":"tag-sauvetage","25":"tag-societe","26":"tag-uk","27":"tag-united-kingdom","28":"tag-united-kingdom-of-great-britain-and-northern-ireland"},"share_on_mastodon":{"url":"https:\/\/pubeurope.com\/@fr\/115395959647307686","error":""},"_links":{"self":[{"href":"https:\/\/www.europesays.com\/fr\/wp-json\/wp\/v2\/posts\/472797","targetHints":{"allow":["GET"]}}],"collection":[{"href":"https:\/\/www.europesays.com\/fr\/wp-json\/wp\/v2\/posts"}],"about":[{"href":"https:\/\/www.europesays.com\/fr\/wp-json\/wp\/v2\/types\/post"}],"author":[{"embeddable":true,"href":"https:\/\/www.europesays.com\/fr\/wp-json\/wp\/v2\/users\/2"}],"replies":[{"embeddable":true,"href":"https:\/\/www.europesays.com\/fr\/wp-json\/wp\/v2\/comments?post=472797"}],"version-history":[{"count":0,"href":"https:\/\/www.europesays.com\/fr\/wp-json\/wp\/v2\/posts\/472797\/revisions"}],"wp:featuredmedia":[{"embeddable":true,"href":"https:\/\/www.europesays.com\/fr\/wp-json\/wp\/v2\/media\/472798"}],"wp:attachment":[{"href":"https:\/\/www.europesays.com\/fr\/wp-json\/wp\/v2\/media?parent=472797"}],"wp:term":[{"taxonomy":"category","embeddable":true,"href":"https:\/\/www.europesays.com\/fr\/wp-json\/wp\/v2\/categories?post=472797"},{"taxonomy":"post_tag","embeddable":true,"href":"https:\/\/www.europesays.com\/fr\/wp-json\/wp\/v2\/tags?post=472797"}],"curies":[{"name":"wp","href":"https:\/\/api.w.org\/{rel}","templated":true}]}}