{"id":472809,"date":"2025-10-18T15:54:13","date_gmt":"2025-10-18T15:54:13","guid":{"rendered":"https:\/\/www.europesays.com\/fr\/472809\/"},"modified":"2025-10-18T15:54:13","modified_gmt":"2025-10-18T15:54:13","slug":"185-migrants-ont-ete-secourus-entre-la-france-et-langleterre-en-24-heures","status":"publish","type":"post","link":"https:\/\/www.europesays.com\/fr\/472809\/","title":{"rendered":"185 migrants ont \u00e9t\u00e9 secourus entre la France et l\u2019Angleterre en 24 heures"},"content":{"rendered":"<p>\n    Trois op\u00e9rations de sauvetage ont \u00e9t\u00e9 men\u00e9es pour prendre en charge des embarcations clandestines \u00e0 destination des c\u00f4tes anglaises.<\/p>\n<p class=\"fig-paragraph\">Cent quatre-vingt-cinq migrants ont \u00e9t\u00e9 secourus entre vendredi et samedi dans les eaux fran\u00e7aises alors qu&rsquo;ils tentaient de rejoindre l&rsquo;Angleterre \u00e0 bord d&#8217;embarcations clandestines, a indiqu\u00e9 samedi la pr\u00e9fecture maritime de la Manche et de la mer du Nord.<\/p>\n<p class=\"fig-paragraph\">Vendredi matin, deux op\u00e9rations de sauvetage ont respectivement men\u00e9 \u00e0 la prise en charge de 81 passagers d&rsquo;une embarcation partie de la\u00a0<a href=\"http:\/\/www.lefigaro.fr\/actualite-france\/cote-d-opale-et-baie-de-somme-les-villes-et-villages-ou-acheter-une-residence-secondaire-en-bord-de-mer-20240413\" data-fig-type=\"Article\" data-gtm-custom-categorie=\"navigation\" data-gtm-custom-action=\"crossclick\" data-gtm-custom-label=\"Contextuel\" data-gtm-event=\"customEventSPE\" data-fig-domain=\"LEFIGARO\" target=\"_blank\" rel=\"noopener\">baie de Somme<\/a>, et \u00e0 celle de 80 personnes demandant \u00e0 \u00eatre secourues \u00e0 la suite de l&rsquo;avarie de leur bateau au large d&rsquo;Equihen-Plage (Pas-de-Calais), indique la pr\u00e9fecture maritime (Pr\u00e9mar) dans un communiqu\u00e9.<\/p>\n<p>                                    <a class=\"fig-a11y-skip a11y-hidden\" href=\"#fig-a11y-skip-main-inarticle\"><br \/>\n        Passer la publicit\u00e9<br \/>\n    <\/a><\/p>\n<p class=\"fig-paragraph\">Enfin, dans la nuit de vendredi \u00e0 samedi, 24 passagers d&rsquo;une autre embarcation ont \u00e9t\u00e9 pris en charge lors d&rsquo;une tentative de travers\u00e9e partie des dunes de la Slack (Pas-de-Calais), tandis que les autres passagers de l&#8217;embarcation ont souhait\u00e9 poursuivre leur route.<\/p>\n<p class=\"fig-paragraph\">D&rsquo;apr\u00e8s les chiffres officiels du Home Office (minist\u00e8re de l&rsquo;Int\u00e9rieur) britannique, aucun \u00absmall boat\u00bb, du nom des embarcations de fortune utilis\u00e9es pour ces tentatives clandestines de travers\u00e9e de la Manche, n&rsquo;est arriv\u00e9 en Angleterre vendredi.<\/p>\n<p>Plus de 36.000 migrants arriv\u00e9s en Angleterre depuis le 1er janvier<\/p>\n<p class=\"fig-paragraph\">Malgr\u00e9 le renforcement r\u00e9gulier des moyens fran\u00e7ais pour emp\u00eacher ces travers\u00e9es &#8211; avec un soutien financier cons\u00e9quent du Royaume-Uni &#8211; ces d\u00e9parts ne faiblissent pas: plus de 36.300 migrants sont arriv\u00e9s en Angleterre \u00e0 bord de \u00absmall boats\u00bb depuis le 1er janvier, selon les autorit\u00e9s britanniques. C&rsquo;est presque autant que sur la m\u00eame p\u00e9riode en 2022 (37.600), ann\u00e9e record en termes de travers\u00e9es de la Manche par \u00absmall boats\u00bb.<\/p>\n<p class=\"fig-paragraph\">Au moins 27 migrants sont morts cette ann\u00e9e lors de tentatives de travers\u00e9es clandestines de la fronti\u00e8re franco-britannique, selon un d\u00e9compte de l&rsquo;AFP \u00e0 partir de donn\u00e9es officielles.<\/p>\n<p class=\"fig-paragraph\">Un nouvel accord migratoire entre Londres et Paris, entr\u00e9 en vigueur en ao\u00fbt, pr\u00e9voit des \u00e9changes de migrants entre les deux pays sur le principe du \u00abun pour un\u00bb: pour une personne renvoy\u00e9e du Royaume-Uni, Londres accepte l&rsquo;entr\u00e9e d&rsquo;une autre venant de France, par voie l\u00e9gale.<\/p>\n<p>                                    <a class=\"fig-a11y-skip a11y-hidden\" href=\"#fig-a11y-skip-main-inarticle_mtf\"><br \/>\n        Passer la publicit\u00e9<br \/>\n    <\/a><\/p>\n<p class=\"fig-paragraph\">Mais ce dispositif, tr\u00e8s critiqu\u00e9 par\u00a0<a href=\"http:\/\/www.lefigaro.fr\/flash-actu\/accord-migratoire-franco-britannique-17-ong-deposent-un-recours-devant-le-conseil-d-etat-20251014\" data-fig-type=\"NewsFlash\" data-gtm-custom-categorie=\"navigation\" data-gtm-custom-action=\"crossclick\" data-gtm-custom-label=\"Contextuel\" data-gtm-event=\"customEventSPE\" data-fig-domain=\"LEFIGARO\" target=\"_blank\" rel=\"noopener\">les ONG<\/a>\u00a0et expos\u00e9 \u00e0 des recours en justice, n&rsquo;a qu&rsquo;une port\u00e9e essentiellement symbolique pour l&rsquo;instant, ne dissuadant gu\u00e8re l&rsquo;immense majorit\u00e9 des candidats \u00e0 l&rsquo;exil de tenter des travers\u00e9es clandestines.<\/p>\n","protected":false},"excerpt":{"rendered":"Trois op\u00e9rations de sauvetage ont \u00e9t\u00e9 men\u00e9es pour prendre en charge des embarcations clandestines \u00e0 destination des c\u00f4tes&hellip;\n","protected":false},"author":2,"featured_media":472810,"comment_status":"","ping_status":"","sticky":false,"template":"","format":"standard","meta":{"footnotes":""},"categories":[4],"tags":[11,4708,1011,27,1061,12,25],"class_list":{"0":"post-472809","1":"post","2":"type-post","3":"status-publish","4":"format-standard","5":"has-post-thumbnail","7":"category-france","8":"tag-actualites","9":"tag-angleterre","10":"tag-fr","11":"tag-france","12":"tag-immigration","13":"tag-news","14":"tag-republique-francaise"},"share_on_mastodon":{"url":"https:\/\/pubeurope.com\/@fr\/115395983105534434","error":""},"_links":{"self":[{"href":"https:\/\/www.europesays.com\/fr\/wp-json\/wp\/v2\/posts\/472809","targetHints":{"allow":["GET"]}}],"collection":[{"href":"https:\/\/www.europesays.com\/fr\/wp-json\/wp\/v2\/posts"}],"about":[{"href":"https:\/\/www.europesays.com\/fr\/wp-json\/wp\/v2\/types\/post"}],"author":[{"embeddable":true,"href":"https:\/\/www.europesays.com\/fr\/wp-json\/wp\/v2\/users\/2"}],"replies":[{"embeddable":true,"href":"https:\/\/www.europesays.com\/fr\/wp-json\/wp\/v2\/comments?post=472809"}],"version-history":[{"count":0,"href":"https:\/\/www.europesays.com\/fr\/wp-json\/wp\/v2\/posts\/472809\/revisions"}],"wp:featuredmedia":[{"embeddable":true,"href":"https:\/\/www.europesays.com\/fr\/wp-json\/wp\/v2\/media\/472810"}],"wp:attachment":[{"href":"https:\/\/www.europesays.com\/fr\/wp-json\/wp\/v2\/media?parent=472809"}],"wp:term":[{"taxonomy":"category","embeddable":true,"href":"https:\/\/www.europesays.com\/fr\/wp-json\/wp\/v2\/categories?post=472809"},{"taxonomy":"post_tag","embeddable":true,"href":"https:\/\/www.europesays.com\/fr\/wp-json\/wp\/v2\/tags?post=472809"}],"curies":[{"name":"wp","href":"https:\/\/api.w.org\/{rel}","templated":true}]}}