{"id":472814,"date":"2025-10-18T15:58:14","date_gmt":"2025-10-18T15:58:14","guid":{"rendered":"https:\/\/www.europesays.com\/fr\/472814\/"},"modified":"2025-10-18T15:58:14","modified_gmt":"2025-10-18T15:58:14","slug":"ugo-humbert-se-qualifie-en-finale-a-stockholm-apres-labandon-de-holger-rune-lequipe","status":"publish","type":"post","link":"https:\/\/www.europesays.com\/fr\/472814\/","title":{"rendered":"Ugo Humbert se qualifie en finale \u00e0 Stockholm apr\u00e8s l&#039;abandon de Holger Rune &#8211; L&#039;\u00c9quipe"},"content":{"rendered":"<ol>\n<li><a href=\"https:\/\/news.google.com\/rss\/articles\/CBMiwwFBVV95cUxQSzRpMUhhbmNMTUdCMXY2bjlwNHJjTnBPZlRzT2tFTmpMbGUxazVFVVA2WnJWaEFoMm0wMFowX3JWR0l0UGVsLURHaHFRWkJRMkY3YmxHc3ZVNVdHWHlrWnNSaGg0UGw1dV9ZWmlRYXpFOWRXV21fUWR2VXVreWVvVXNyM1FUanZrSWJaeWVKSE5kdXpCNzVLcDZOOXpmT0RUbndzRUtpbDhGYTFEekV3ODFBVTZGTWo4NzBoVEZNY1NuODg?oc=5\" target=\"_blank\" rel=\"nofollow noopener\">Ugo Humbert se qualifie en finale \u00e0 Stockholm apr\u00e8s l&rsquo;abandon de Holger Rune<\/a>&nbsp;&nbsp;L&rsquo;\u00c9quipe<\/li>\n<li><a href=\"https:\/\/news.google.com\/rss\/articles\/CBMi-gFBVV95cUxPX0REXzdBdlVMUm1KaUxTWDAzWUl4TDVESEdBVHNsNG91Q1VxQ1hyMmVObkV0RkwzRFMxX0NIYnRGVXVBMkdIQ1o5MW9ndW40cTQ0N19JMWZBeFJxMW5Ddkd0dEhoYkVzSWRlT19HQnNsZ01FdXFZbkJnV0dvOEduWHlrTFJPcU9SNWdPdVFyTEJqZUFkRHNodXRsTnVncEd6WXVDRjFCU2ZpclpSVVpNQWVkdS1CQTdqX0tuZ1BrOTVzb3ZPcl9ZdFFidFFfak13ajJPRUVsdEpvcGx1SWlySm9WTjZQRGtPcGxOeFlESDNSN0xNN2RSRnRR?oc=5\" target=\"_blank\" rel=\"nofollow noopener\">Humbert, la finale sans fanfare<\/a>&nbsp;&nbsp;Eurosport<\/li>\n<li><a href=\"https:\/\/news.google.com\/rss\/articles\/CBMi_gFBVV95cUxOMGlLWEtPVkhJUEVpdDg5STQtWWdFOVp1d3Bfc0hRUFVibzFOUHdrZ3pOTU53R0hwMHd6eUVGNlFxR1VPSFgwMXB1VnhXR3VXZ0hrUE1SSVlyNTVBWWJQdTlFUzF2R2pLcHRqb2tNdGRLdmxiUk04YUFsc29mc29zSkNManZnOXU5RGhLT3NTa3ozaG1HVTZvUno4LTNReVhFNXZUZWtUal96Z3NCLUo1NzI2Wk5SdlBRbXhGNHRWOVB4RS1BTDdWZXQxNmYwZENQVmt1aEs3OF9KWXdWbjRfekJ0ekFDV3E5ZUpqQ1RId2N1OWNPNUJuV0U4N2c3UQ?oc=5\" target=\"_blank\" rel=\"nofollow noopener\">Ugo Humbert, apr\u00e8s l&rsquo;abandon de Holger Rune en demi-finales \u00e0 Stockholm : \u00abPas du tout la fa\u00e7on dont j&rsquo;avais envie de gagner\u00bb<\/a>&nbsp;&nbsp;L&rsquo;\u00c9quipe<\/li>\n<li><a href=\"https:\/\/news.google.com\/rss\/articles\/CBMisAFBVV95cUxQTjYzWUJ2UnJyN1kwNkNoTXFjR01SZldSVkRFaUpPN3VkblFLRHliWEpFRTRKbmZZZ0kwcDVkeVh6azFaQldjOHhuMmVPNHBrMnpDSFg5MnZVb0NkQTlWcGNzSEw4WFpfUVFvejJYLTRoTTdfaW9hUGxzRlZ2Q19hS0E4aWVpZ0VZcDN6ekc0b0RINjJORGM3d2tOUkJwc3RVOWEzd3ZncXdSVVY2WXVwYQ?oc=5\" target=\"_blank\" rel=\"nofollow noopener\">Tennis : Ugo Humbert en finale \u00e0 Stockholm apr\u00e8s l&rsquo;abandon de Rune<\/a>&nbsp;&nbsp;Le Figaro<\/li>\n<li><a href=\"https:\/\/news.google.com\/rss\/articles\/CBMi6gFBVV95cUxORVY5RUhwZmRkbHFDb2dQS1gxTWZRSGxvb0NyVmI2WE5mM3p2Tm14eXNBd1VmYkN0TUIzRy0wamVPY2VKS2RxSUFITGxuZDRSZGlLZVhPUnF5YWtNMk1kcnFPWGFZcl9tNlBseGlaR2E1U0VpQUxydnktSVpIRkJIcEl5c3VuVm96M1pUcy1NS1R2V3ZqMlZTdEVEOVltUGxXS2RlWlhFMThzWEg1NGpxZm1xSXZOS3lPWUx3WDlITjRpcHB5YzhIRmtneWp2NEdnSzBhS0VkYkpIdVl6Rk9ESE5yNF9QTGE3YUE?oc=5\" target=\"_blank\" rel=\"nofollow noopener\">\u00c7a sent la grosse blessure: les larmes de Rune, qui jette l&rsquo;\u00e9ponge et envoie Humbert en finale \u00e0 Stockholm<\/a>&nbsp;&nbsp;RMC Sport<\/li>\n<\/ol>\n","protected":false},"excerpt":{"rendered":"Ugo Humbert se qualifie en finale \u00e0 Stockholm apr\u00e8s l&rsquo;abandon de Holger Rune&nbsp;&nbsp;L&rsquo;\u00c9quipe Humbert, la finale sans fanfare&nbsp;&nbsp;Eurosport&hellip;\n","protected":false},"author":2,"featured_media":472815,"comment_status":"","ping_status":"","sticky":false,"template":"","format":"standard","meta":{"footnotes":""},"categories":[1415],"tags":[1011,27,60,1467],"class_list":{"0":"post-472814","1":"post","2":"type-post","3":"status-publish","4":"format-standard","5":"has-post-thumbnail","7":"category-tennis","8":"tag-fr","9":"tag-france","10":"tag-sports","11":"tag-tennis"},"share_on_mastodon":{"url":"https:\/\/pubeurope.com\/@fr\/115395998706141754","error":""},"_links":{"self":[{"href":"https:\/\/www.europesays.com\/fr\/wp-json\/wp\/v2\/posts\/472814","targetHints":{"allow":["GET"]}}],"collection":[{"href":"https:\/\/www.europesays.com\/fr\/wp-json\/wp\/v2\/posts"}],"about":[{"href":"https:\/\/www.europesays.com\/fr\/wp-json\/wp\/v2\/types\/post"}],"author":[{"embeddable":true,"href":"https:\/\/www.europesays.com\/fr\/wp-json\/wp\/v2\/users\/2"}],"replies":[{"embeddable":true,"href":"https:\/\/www.europesays.com\/fr\/wp-json\/wp\/v2\/comments?post=472814"}],"version-history":[{"count":0,"href":"https:\/\/www.europesays.com\/fr\/wp-json\/wp\/v2\/posts\/472814\/revisions"}],"wp:featuredmedia":[{"embeddable":true,"href":"https:\/\/www.europesays.com\/fr\/wp-json\/wp\/v2\/media\/472815"}],"wp:attachment":[{"href":"https:\/\/www.europesays.com\/fr\/wp-json\/wp\/v2\/media?parent=472814"}],"wp:term":[{"taxonomy":"category","embeddable":true,"href":"https:\/\/www.europesays.com\/fr\/wp-json\/wp\/v2\/categories?post=472814"},{"taxonomy":"post_tag","embeddable":true,"href":"https:\/\/www.europesays.com\/fr\/wp-json\/wp\/v2\/tags?post=472814"}],"curies":[{"name":"wp","href":"https:\/\/api.w.org\/{rel}","templated":true}]}}