{"id":472816,"date":"2025-10-18T16:00:16","date_gmt":"2025-10-18T16:00:16","guid":{"rendered":"https:\/\/www.europesays.com\/fr\/472816\/"},"modified":"2025-10-18T16:00:16","modified_gmt":"2025-10-18T16:00:16","slug":"motogp-nouveau-forfait-pour-le-champion-du-monde-2024-jorge-martin-absent-en-malaisie-sport","status":"publish","type":"post","link":"https:\/\/www.europesays.com\/fr\/472816\/","title":{"rendered":"MotoGP. Nouveau forfait pour le champion du monde 2024 Jorge Martin, absent en Malaisie . Sport"},"content":{"rendered":"<p>Il n\u2019aura pas pu profiter \u00e9norm\u00e9ment de son n\u00b01, signe distinctif d\u2019un champion du monde en sports m\u00e9caniques. Sur la saison 2025, <a href=\"https:\/\/rennes.maville.com\/sport\/detail_-moto-gp.-blesse-jorge-martin-declare-forfait-pour-le-grand-prix-d-indonesie-et-le-gp-d-australie-_54135-7004012_actu.Htm\" target=\"_blank\" rel=\"nofollow noopener\">Jorge Martin accumule les abandons<\/a>, apr\u00e8s de multiples lourdes chutes pour le pilote Aprilia.<\/p>\n<p>Forfait jusqu\u2019\u00e0 la fin de saison\u00a0?<\/p>\n<p>Apr\u00e8s deux grosses premi\u00e8res chutes lors des essais hivernaux, alors qu\u2019il d\u00e9couvrait une nouvelle \u00e9quipe avec le titre de champion du monde 2024 en poche, l\u2019Espagnol n\u2019a commenc\u00e9 sa saison qu\u2019au Qatar, 4e manche de l\u2019ann\u00e9e 2025. Un retour pr\u00e9matur\u00e9, puisqu\u2019il manquera les sept\u00a0Grands Prix suivants pour r\u00e9aliser un vrai retour en Tch\u00e9quie, le 20\u00a0juillet 2025, 12e manche.<\/p>\n<p><strong>Lire aussi.<\/strong>\u00a0<a href=\"https:\/\/rennes.maville.com\/sport\/detail_-motogp.-faut-il-s-inquieter-pour-la-saison-prochaine-de-marc-marquez-apres-sa-fracture-de-l-epaule-_54135-7024773_actu.Htm\" target=\"_blank\" rel=\"nofollow noopener\">MotoGP. Faut-il s\u2019inqui\u00e9ter pour la saison prochaine de Marc Marquez apr\u00e8s sa fracture de l\u2019\u00e9paule\u00a0?<\/a><\/p>\n<p>Son meilleur r\u00e9sultat reste une 4e place en Hongrie le 24\u00a0ao\u00fbt dernier, puis il a fait une nouvelle grosse chute lors de la course sprint au Japon, le laissant probablement forfait pour la fin de saison. Son \u00e9quipe, Aprilia, continue d\u2019annoncer forfait par forfait les Grands Prix restants de l\u2019ann\u00e9e.<\/p>\n<p>Apr\u00e8s l\u2019Indon\u00e9sie et l\u2019Australie, c\u2019est cette fois-ci la Malaisie o\u00f9 Jorge Martin est annonc\u00e9 absent. Il ne restera ensuite plus que le Portugal (9\u00a0novembre) et <a href=\"https:\/\/rennes.maville.com\/sport\/detail_-motogp.-marc-marquez-pourrait-faire-son-retour-lors-de-la-derniere-course-de-la-saison-a-valence-_54135-7024870_actu.Htm\" target=\"_blank\" rel=\"nofollow noopener\">Valence (16\u00a0novembre)<\/a> pour esp\u00e9rer voir l\u2019Aprilia floqu\u00e9e du n\u00b01.<\/p>\n<p>\u00a0<\/p>\n","protected":false},"excerpt":{"rendered":"Il n\u2019aura pas pu profiter \u00e9norm\u00e9ment de son n\u00b01, signe distinctif d\u2019un champion du monde en sports m\u00e9caniques.&hellip;\n","protected":false},"author":2,"featured_media":472817,"comment_status":"","ping_status":"","sticky":false,"template":"","format":"standard","meta":{"footnotes":""},"categories":[1413],"tags":[1111,1438,2063,1011,27,1922,1393,2487,1457,1456,12,1404,2923,4251,853,60],"class_list":{"0":"post-472816","1":"post","2":"type-post","3":"status-publish","4":"format-standard","5":"has-post-thumbnail","7":"category-moto","8":"tag-actu","9":"tag-angers","10":"tag-annonces","11":"tag-fr","12":"tag-france","13":"tag-info","14":"tag-loisirs","15":"tag-meteo","16":"tag-moto","17":"tag-motocycle","18":"tag-news","19":"tag-quotidien","20":"tag-restaurants","21":"tag-sortir","22":"tag-spectacles","23":"tag-sports"},"share_on_mastodon":{"url":"https:\/\/pubeurope.com\/@fr\/115396006642634233","error":""},"_links":{"self":[{"href":"https:\/\/www.europesays.com\/fr\/wp-json\/wp\/v2\/posts\/472816","targetHints":{"allow":["GET"]}}],"collection":[{"href":"https:\/\/www.europesays.com\/fr\/wp-json\/wp\/v2\/posts"}],"about":[{"href":"https:\/\/www.europesays.com\/fr\/wp-json\/wp\/v2\/types\/post"}],"author":[{"embeddable":true,"href":"https:\/\/www.europesays.com\/fr\/wp-json\/wp\/v2\/users\/2"}],"replies":[{"embeddable":true,"href":"https:\/\/www.europesays.com\/fr\/wp-json\/wp\/v2\/comments?post=472816"}],"version-history":[{"count":0,"href":"https:\/\/www.europesays.com\/fr\/wp-json\/wp\/v2\/posts\/472816\/revisions"}],"wp:featuredmedia":[{"embeddable":true,"href":"https:\/\/www.europesays.com\/fr\/wp-json\/wp\/v2\/media\/472817"}],"wp:attachment":[{"href":"https:\/\/www.europesays.com\/fr\/wp-json\/wp\/v2\/media?parent=472816"}],"wp:term":[{"taxonomy":"category","embeddable":true,"href":"https:\/\/www.europesays.com\/fr\/wp-json\/wp\/v2\/categories?post=472816"},{"taxonomy":"post_tag","embeddable":true,"href":"https:\/\/www.europesays.com\/fr\/wp-json\/wp\/v2\/tags?post=472816"}],"curies":[{"name":"wp","href":"https:\/\/api.w.org\/{rel}","templated":true}]}}