{"id":472818,"date":"2025-10-18T16:01:12","date_gmt":"2025-10-18T16:01:12","guid":{"rendered":"https:\/\/www.europesays.com\/fr\/472818\/"},"modified":"2025-10-18T16:01:12","modified_gmt":"2025-10-18T16:01:12","slug":"live-f1-gp-des-etats-unis-la-deuxieme-journee-en-direct-live-texte","status":"publish","type":"post","link":"https:\/\/www.europesays.com\/fr\/472818\/","title":{"rendered":"LIVE F1 &#8211; GP des \u00c9tats-Unis : la deuxi\u00e8me journ\u00e9e en direct | Live Texte"},"content":{"rendered":"<p>    LIVE F1 &#8211; GP des \u00c9tats-Unis : la deuxi\u00e8me journ\u00e9e en direct  | Live Texte | Motorsport.com<\/p>\n<p>    Voir le classement complet<\/p>\n<p>            Masquer le classement complet<\/p>\n<p>&#13;<br \/>\n&#13;<\/p>\n<p>    &#13;<br \/>\n         &#13;<\/p>\n","protected":false},"excerpt":{"rendered":"LIVE F1 &#8211; GP des \u00c9tats-Unis : la deuxi\u00e8me journ\u00e9e en direct | Live Texte | Motorsport.com Voir&hellip;\n","protected":false},"author":2,"featured_media":472819,"comment_status":"","ping_status":"","sticky":false,"template":"","format":"standard","meta":{"footnotes":""},"categories":[1412],"tags":[1451,1452,1453,1454,1455,1011,27,60],"class_list":{"0":"post-472818","1":"post","2":"type-post","3":"status-publish","4":"format-standard","5":"has-post-thumbnail","7":"category-f1","8":"tag-f1","9":"tag-formula-1","10":"tag-formula1","11":"tag-formule-1","12":"tag-formule1","13":"tag-fr","14":"tag-france","15":"tag-sports"},"share_on_mastodon":{"url":"https:\/\/pubeurope.com\/@fr\/115396010599873800","error":""},"_links":{"self":[{"href":"https:\/\/www.europesays.com\/fr\/wp-json\/wp\/v2\/posts\/472818","targetHints":{"allow":["GET"]}}],"collection":[{"href":"https:\/\/www.europesays.com\/fr\/wp-json\/wp\/v2\/posts"}],"about":[{"href":"https:\/\/www.europesays.com\/fr\/wp-json\/wp\/v2\/types\/post"}],"author":[{"embeddable":true,"href":"https:\/\/www.europesays.com\/fr\/wp-json\/wp\/v2\/users\/2"}],"replies":[{"embeddable":true,"href":"https:\/\/www.europesays.com\/fr\/wp-json\/wp\/v2\/comments?post=472818"}],"version-history":[{"count":0,"href":"https:\/\/www.europesays.com\/fr\/wp-json\/wp\/v2\/posts\/472818\/revisions"}],"wp:featuredmedia":[{"embeddable":true,"href":"https:\/\/www.europesays.com\/fr\/wp-json\/wp\/v2\/media\/472819"}],"wp:attachment":[{"href":"https:\/\/www.europesays.com\/fr\/wp-json\/wp\/v2\/media?parent=472818"}],"wp:term":[{"taxonomy":"category","embeddable":true,"href":"https:\/\/www.europesays.com\/fr\/wp-json\/wp\/v2\/categories?post=472818"},{"taxonomy":"post_tag","embeddable":true,"href":"https:\/\/www.europesays.com\/fr\/wp-json\/wp\/v2\/tags?post=472818"}],"curies":[{"name":"wp","href":"https:\/\/api.w.org\/{rel}","templated":true}]}}