{"id":472821,"date":"2025-10-18T16:03:12","date_gmt":"2025-10-18T16:03:12","guid":{"rendered":"https:\/\/www.europesays.com\/fr\/472821\/"},"modified":"2025-10-18T16:03:12","modified_gmt":"2025-10-18T16:03:12","slug":"ol-niakhate-tagliafico-et-tessmann-preserves","status":"publish","type":"post","link":"https:\/\/www.europesays.com\/fr\/472821\/","title":{"rendered":"OL : Niakhat\u00e9, Tagliafico et Tessmann pr\u00e9serv\u00e9s"},"content":{"rendered":"<p>                            <img width=\"770\" height=\"433\" src=\"https:\/\/www.europesays.com\/fr\/wp-content\/uploads\/2025\/10\/000_32G36ZG-scaled-e1760795776527-770x433.jpg\" class=\"attachment-article size-article wp-post-image\" alt=\"Nicolas Tagliafico au duel contre El Idrissy lors d'OL -Ajaccio\" decoding=\"async\" fetchpriority=\"high\"  \/><\/p>\n<p>Nicolas Tagliafico au duel contre El Idrissy lors d\u2019OL -Ajaccio (Photo by JEAN-PHILIPPE KSIAZEK \/ AFP)<\/p>\n<p>Les trois internationaux rentr\u00e9s les derniers \u00e0 Lyon : Moussa Niakhat\u00e9, Nicolas Tagliafico et Tanner Tessmann, seront rempla\u00e7ants contre Nice (17 heures). L&rsquo;OL se pr\u00e9sentera avec un 11 mixe. <\/p>\n<p>Finalement, Paulo <strong>Fonseca <\/strong>a jug\u00e9 qu&rsquo;ils \u00e9taient trop justes. Jeudi, lorsqu&rsquo;il a \u00e9voqu\u00e9 les cas de Moussa <strong>Niakhat\u00e9<\/strong>, Nicolas <strong>Tagliafico <\/strong>et <a href=\"https:\/\/www.olympique-et-lyonnais.com\/nice-ol-une-interrogation-pour-tanner-tessmann,382774.html\" target=\"_blank\" rel=\"noopener\">Tanner <strong>Tessmann<\/strong><\/a>, le coach portugais se voulait prudent. Et \u00e0 raison visiblement, puisqu&rsquo;il a choisi de laisser les trois hommes sur le banc au <a href=\"https:\/\/www.olympique-et-lyonnais.com\/nice-ol-dans-ce-match-et-si-la-cle-etait-la-defense-nicoise,382830.html\" target=\"_blank\" rel=\"noopener\">coup d&rsquo;envoi face \u00e0<\/a> Nice (17 heures). Un choix qui s&rsquo;explique par leur retour tardif \u00e0 Lyon. Ils n&rsquo;ont en effet eu qu&rsquo;une seule s\u00e9ance cette semaine avec leurs partenaires apr\u00e8s avoir jou\u00e9 mercredi en s\u00e9lection.<\/p>\n<p>Premi\u00e8re titularisation en Ligue 1 pour Kluivert <\/p>\n<p>Les \u00ab\u00a0rempla\u00e7ants naturels\u00a0\u00bb des deux d\u00e9fenseurs vont donc les suppl\u00e9er ce samedi, en l&rsquo;occurence Ruben <strong>Kluivert <\/strong>et <strong>Abner<\/strong>. <a href=\"https:\/\/www.olympique-et-lyonnais.com\/ol-abner-de-retour-a-nice,382753.html\" target=\"_blank\" rel=\"noopener\">Le Br\u00e9silien<\/a> a repris ces derniers jours l&rsquo;entra\u00eenement collectif apr\u00e8s sa blessure survenue mi-septembre. Il est tout de suite lanc\u00e9 dans le grand bain. Pour le N\u00e9erlandais, il s&rsquo;agit de sa premi\u00e8re titularisation en Ligue 1. \u00c0 leurs c\u00f4t\u00e9s, nous retrouverons sans surprise Ainsley <strong>Maitland-Niles<\/strong> et Clinton <strong>Mata<\/strong>.<\/p>\n<p>Pour compenser l&rsquo;absence de Tessmann, le staff a d\u00e9cid\u00e9 de reculer Corentin <strong>Tolisso <\/strong>d&rsquo;un cran, avec Tyler <strong>Morton<\/strong>, dans le double-pivot. C&rsquo;est le Tch\u00e8que Pavel <strong>\u0160ulc<\/strong>, plut\u00f4t que Khalis <strong>Merah<\/strong>, qui \u00e9voluera comme meneur de jeu. Sur les ailes, Adam <strong>Karabec <\/strong>et Malick <strong>Fofana <\/strong>encha\u00eenent, tout comme Martin <strong>Satriano<\/strong>, qui semblait monter en puissance avant la tr\u00eave. <\/p>\n<p><strong>Le 11 de l&rsquo;OL :<\/strong> Greif &#8211; Maitland-Niles, Mata, Kluivert, Abner &#8211; Morton, Tolisso (C) &#8211; Karabec, \u0160ulc, Fofana &#8211; Satriano<\/p>\n","protected":false},"excerpt":{"rendered":"Nicolas Tagliafico au duel contre El Idrissy lors d\u2019OL -Ajaccio (Photo by JEAN-PHILIPPE KSIAZEK \/ AFP) Les trois&hellip;\n","protected":false},"author":2,"featured_media":472822,"comment_status":"","ping_status":"","sticky":false,"template":"","format":"standard","meta":{"footnotes":""},"categories":[1410],"tags":[63,1011,27,66,2401,241,60],"class_list":{"0":"post-472821","1":"post","2":"type-post","3":"status-publish","4":"format-standard","5":"has-post-thumbnail","7":"category-football","8":"tag-football","9":"tag-fr","10":"tag-france","11":"tag-ligue-1","12":"tag-nice","13":"tag-ol","14":"tag-sports"},"share_on_mastodon":{"url":"https:\/\/pubeurope.com\/@fr\/115396019087083979","error":""},"_links":{"self":[{"href":"https:\/\/www.europesays.com\/fr\/wp-json\/wp\/v2\/posts\/472821","targetHints":{"allow":["GET"]}}],"collection":[{"href":"https:\/\/www.europesays.com\/fr\/wp-json\/wp\/v2\/posts"}],"about":[{"href":"https:\/\/www.europesays.com\/fr\/wp-json\/wp\/v2\/types\/post"}],"author":[{"embeddable":true,"href":"https:\/\/www.europesays.com\/fr\/wp-json\/wp\/v2\/users\/2"}],"replies":[{"embeddable":true,"href":"https:\/\/www.europesays.com\/fr\/wp-json\/wp\/v2\/comments?post=472821"}],"version-history":[{"count":0,"href":"https:\/\/www.europesays.com\/fr\/wp-json\/wp\/v2\/posts\/472821\/revisions"}],"wp:featuredmedia":[{"embeddable":true,"href":"https:\/\/www.europesays.com\/fr\/wp-json\/wp\/v2\/media\/472822"}],"wp:attachment":[{"href":"https:\/\/www.europesays.com\/fr\/wp-json\/wp\/v2\/media?parent=472821"}],"wp:term":[{"taxonomy":"category","embeddable":true,"href":"https:\/\/www.europesays.com\/fr\/wp-json\/wp\/v2\/categories?post=472821"},{"taxonomy":"post_tag","embeddable":true,"href":"https:\/\/www.europesays.com\/fr\/wp-json\/wp\/v2\/tags?post=472821"}],"curies":[{"name":"wp","href":"https:\/\/api.w.org\/{rel}","templated":true}]}}