{"id":472825,"date":"2025-10-18T16:05:11","date_gmt":"2025-10-18T16:05:11","guid":{"rendered":"https:\/\/www.europesays.com\/fr\/472825\/"},"modified":"2025-10-18T16:05:11","modified_gmt":"2025-10-18T16:05:11","slug":"cliche-de-zef-soleil-couchant-sur-la-ria-du-conquet","status":"publish","type":"post","link":"https:\/\/www.europesays.com\/fr\/472825\/","title":{"rendered":"Clich\u00e9 de Zef\u00a0: soleil couchant sur la ria du\u00a0Conquet"},"content":{"rendered":"<p>\u00ab\u00a0C\u2019est actuellement la bonne p\u00e9riode pour observer, depuis la passerelle du Croa\u00eb, le soleil se coucher dans l\u2019axe de la ria du Conquet et le voir m\u00eame tutoyer la Maison des seigneurs\u00a0\u00bb\u00a0: merci \u00e0 l\u2019infatigable Jean-Luc Rollier pour ce clich\u00e9 et son commentaire\u00a0! En effet, l\u2019automne 2025 offre de belles lumi\u00e8res, matin et soir, sur le pays de Brest.<\/p>\n<p>Si vous souhaitez, vous aussi, contribuer \u00e0 cette rubrique, adressez vos images, en haute r\u00e9solution et imp\u00e9rativement en format paysage (\u00e9vitez le mode panoramique), \u00e0 l\u2019adresse courriel <a href=\"https:\/\/www.letelegramme.fr\/cdn-cgi\/l\/email-protection\" class=\"__cf_email__\" data-cfemail=\"93f0fffaf0fbf6e0bdf1e1f6e0e7d3fff6e7f6fff6f4e1f2fefef6bdf5e1\" target=\"_blank\" rel=\"noopener\">[email\u00a0protected]<\/a>. Portraits, paysages, sc\u00e8nes de la vie quotidienne, insolite\u2026 Tout est permis\u00a0! L\u2019envoi de vos prises de vue vaut autorisation gratuite de les publier dans Le T\u00e9l\u00e9gramme, sur letelegramme.fr et les r\u00e9seaux sociaux.<\/p>\n","protected":false},"excerpt":{"rendered":"\u00ab\u00a0C\u2019est actuellement la bonne p\u00e9riode pour observer, depuis la passerelle du Croa\u00eb, le soleil se coucher dans l\u2019axe&hellip;\n","protected":false},"author":2,"featured_media":472826,"comment_status":"","ping_status":"","sticky":false,"template":"","format":"standard","meta":{"footnotes":""},"categories":[1358],"tags":[1348,1384,1385,3450,22873,1386,58,59,1011,27,14422,1756],"class_list":{"0":"post-472825","1":"post","2":"type-post","3":"status-publish","4":"format-standard","5":"has-post-thumbnail","7":"category-arts-et-design","8":"tag-arts","9":"tag-arts-and-design","10":"tag-arts-et-design","11":"tag-brest","12":"tag-cliche-de-zef","13":"tag-design","14":"tag-divertissement","15":"tag-entertainment","16":"tag-fr","17":"tag-france","18":"tag-le-conquet","19":"tag-photographie"},"share_on_mastodon":{"url":"https:\/\/pubeurope.com\/@fr\/115396026305171265","error":""},"_links":{"self":[{"href":"https:\/\/www.europesays.com\/fr\/wp-json\/wp\/v2\/posts\/472825","targetHints":{"allow":["GET"]}}],"collection":[{"href":"https:\/\/www.europesays.com\/fr\/wp-json\/wp\/v2\/posts"}],"about":[{"href":"https:\/\/www.europesays.com\/fr\/wp-json\/wp\/v2\/types\/post"}],"author":[{"embeddable":true,"href":"https:\/\/www.europesays.com\/fr\/wp-json\/wp\/v2\/users\/2"}],"replies":[{"embeddable":true,"href":"https:\/\/www.europesays.com\/fr\/wp-json\/wp\/v2\/comments?post=472825"}],"version-history":[{"count":0,"href":"https:\/\/www.europesays.com\/fr\/wp-json\/wp\/v2\/posts\/472825\/revisions"}],"wp:featuredmedia":[{"embeddable":true,"href":"https:\/\/www.europesays.com\/fr\/wp-json\/wp\/v2\/media\/472826"}],"wp:attachment":[{"href":"https:\/\/www.europesays.com\/fr\/wp-json\/wp\/v2\/media?parent=472825"}],"wp:term":[{"taxonomy":"category","embeddable":true,"href":"https:\/\/www.europesays.com\/fr\/wp-json\/wp\/v2\/categories?post=472825"},{"taxonomy":"post_tag","embeddable":true,"href":"https:\/\/www.europesays.com\/fr\/wp-json\/wp\/v2\/tags?post=472825"}],"curies":[{"name":"wp","href":"https:\/\/api.w.org\/{rel}","templated":true}]}}