{"id":472827,"date":"2025-10-18T16:06:17","date_gmt":"2025-10-18T16:06:17","guid":{"rendered":"https:\/\/www.europesays.com\/fr\/472827\/"},"modified":"2025-10-18T16:06:17","modified_gmt":"2025-10-18T16:06:17","slug":"a-sos-sybilla-rizborg-a-mis-des-mots-sur-sa-vie-marquee-par-les-blessures-les-exils-mais-aussi-par-lamour-lart-et-les-revoltes","status":"publish","type":"post","link":"https:\/\/www.europesays.com\/fr\/472827\/","title":{"rendered":"\u00c0 Sos, Sybilla Rizborg a mis des mots sur sa \u00ab\u00a0vie marqu\u00e9e par les blessures, les exils, mais aussi par l\u2019amour, l\u2019art et les r\u00e9voltes\u00a0\u00bb"},"content":{"rendered":"<p>\n                                                                    l&rsquo;essentiel<br \/>\n                                                                Ni embellie ni censur\u00e9e, la vie de Sybilla Herr Scherer se r\u00e9v\u00e8le dans ce t\u00e9moignage captivant, \u00e0 d\u00e9couvrir chez Martin-Delbert \u00e0 Agen\u00a0: \u00ab\u00a0\u00c0 la recherche de ma France\u00a0\u00bb. Un livre bouleversant, o\u00f9 l\u2019intime et l\u2019Histoire s\u2019entrelacent sans d\u00e9tour. Dans le pas de ses anc\u00eatres, elle \u00e9crit sa v\u00e9rit\u00e9, une biographie sans fard, nourrie d\u2019archives familiales.\n                            <\/p>\n<p class=\"txt-question\">Pouvez-vous en quelques mots vous pr\u00e9senter\u00a0?<\/p>\n<p>Je m\u2019appelle Sybilla mais je signe Sybilla Sybille. Dans six mois, j\u2019aurai 90 ans. J\u2019ai de nombreuses passions dont la peinture et l\u2019\u00e9criture. J\u2019ai grandi dans une famille o\u00f9 les r\u00f4les s\u2019inversaient. Ma m\u00e8re n\u2019a jamais vraiment \u00e9t\u00e9 une adulte, et moi, son enfant, j\u2019ai d\u00fb le devenir trop t\u00f4t. Mon p\u00e8re, conduisait des locomotives vers la Pologne, pays o\u00f9 son p\u00e8re \u00e9tait n\u00e9. Mon grand-p\u00e8re avait pay\u00e9 de sa vie son engagement aupr\u00e8s des ouvriers, et son refus d\u2019abandonner leur cause. Dans nos veines circulaient d\u00e9j\u00e0 les blessures de l\u2019exil, du silence et de l\u2019injustice.<\/p>\n<p class=\"txt-question\">Votre pr\u00e9nom a aussi une histoire particuli\u00e8re\u00a0?<\/p>\n<p>(Sourire) Mon existence a commenc\u00e9 sous le signe du refus. Lorsque ma m\u00e8re, allemande, s\u2019est pr\u00e9sent\u00e9e, en 1936, au bureau de l\u2019\u00e9tat civil, on lui a interdit le pr\u00e9nom qu\u2019elle avait choisi pour moi\u00a0: Karine\u2026 Mon p\u00e8re polonais \u00e9tant de gauche, \u00e9tait consid\u00e9r\u00e9 comme pas fiable par les Allemands, j\u2019\u00e9tais donc indigne de porter ce pr\u00e9nom r\u00e9serv\u00e9 \u00e0 l\u2019excellence de la race selon leur logique\u2026 Alors, par d\u00e9fi ou par instinct, elle a prononc\u00e9 un autre nom, celui d\u2019une actrice mal aim\u00e9e\u00a0: Sybille Schmits. Les autorit\u00e9s ont accept\u00e9 le pr\u00e9nom Sybill\u00e9. Plus tard, ma grand-m\u00e8re a insist\u00e9 pour que je sois baptis\u00e9e, et les nonnes ont ajout\u00e9 un \u00ab\u00a0a\u00a0\u00bb \u00e0 la fin. C\u2019est ainsi que je suis devenue \u00ab\u00a0Sybilla\u00a0\u00bb, marqu\u00e9e d\u00e8s la naissance par l\u2019Histoire, le poids des origines et le caprice des autres.<\/p>\n<p class=\"std-elt__inline\">\n        <strong>\u00c0 lire aussi :<\/strong><br \/>\n        <a href=\"https:\/\/www.ladepeche.fr\/2025\/10\/16\/les-deux-complices-neracais-jean-pierre-rey-et-thiery-bozzelli-amenent-meurtres-en-albret-au-festival-des-menteurs-de-moncrabeau-12996775.php\" rel=\"nofollow noopener\" target=\"_blank\">Les deux complices n\u00e9racais Jean-Pierre Rey et Thiery Bozzelli am\u00e8nent \u00ab\u00a0Meurtres en Albret\u00a0\u00bb au festival des menteurs de Moncrabeau<\/a>\n    <\/p>\n<p class=\"txt-question\">Pourquoi avoir \u00e9crit ce livre aujourd\u2019hui\u00a0?<\/p>\n<p>En r\u00e9alit\u00e9, je portais ce projet en moi depuis toujours. J\u2019avais d\u00e9j\u00e0 racont\u00e9 en dessin et en \u00e9criture mes premi\u00e8res ann\u00e9es d\u2019adulte pour ma fille, et r\u00e9dig\u00e9 un livre pour ma m\u00e8re. Mais je voulais aller plus loin\u00a0: dire les choses sans tabou, sans fard, avec toute la v\u00e9rit\u00e9 de mon v\u00e9cu. J\u2019ai eu une vie marqu\u00e9e par les blessures, les exils, mais aussi par l\u2019amour, l\u2019art et les r\u00e9voltes. J\u2019avais besoin de laisser une trace. Cela m\u2019a pris deux ans\u00a0: j\u2019\u00e9crivais par jets, dans ma langue natale, en dialecte suisse et allemand du sud, puis il a fallu traduire en fran\u00e7ais. La traduction des dialectes a \u00e9t\u00e9 tr\u00e8s compliqu\u00e9e\u00a0: le sens ne passait pas toujours, il a fallu de nombreuses corrections.<\/p>\n<p class=\"txt-question\">Vous \u00e9voquez votre grand-p\u00e8re r\u00e9guli\u00e8rement\u2026<\/p>\n<p>Son histoire est tr\u00e8s marquante. Il \u00e9tait profond\u00e9ment engag\u00e9, ce qui, \u00e0 l\u2019\u00e9poque, n\u2019\u00e9tait pas bien vu. Il refusait de devenir d\u00e9l\u00e9gu\u00e9, pr\u00e9f\u00e9rant rester aux c\u00f4t\u00e9s des ouvriers pour d\u00e9fendre leurs droits. Il \u00e9crivait de petits articles et \u00e9tait \u00e9troitement surveill\u00e9 par les autorit\u00e9s. Un jour, alors qu\u2019il se trouvait en Allemagne, il tenta de prononcer un discours. D\u00e9nonc\u00e9 par un certain Zachman, il fut arr\u00eat\u00e9 et incarc\u00e9r\u00e9 \u00e0 Karlsruhe, o\u00f9 il mourut de faim. La famille fut expuls\u00e9e sans avoir \u00e9t\u00e9 entendue. Plus tard, mon p\u00e8re, Egone, libre penseur, demanda une autorisation pour tenter de lui venir en aide avec quelques denr\u00e9es, du pain, du sucre\u2026 Il ne voulait pas partir sans avoir essay\u00e9 de sauver son p\u00e8re. Mais la tentative \u00e9choua\u00a0: lui et trois jeunes qui l\u2019accompagnaient furent arr\u00eat\u00e9s, et mon p\u00e8re fut condamn\u00e9 \u00e0 six mois d\u2019isolement, une p\u00e9riode dont il ne raconta jamais un mot. Ces destins familiaux m\u2019ont profond\u00e9ment marqu\u00e9e. Dans nos veines circulaient d\u00e9j\u00e0 les blessures de l\u2019exil, du silence et de l\u2019injustice.<\/p>\n<p class=\"std-elt__inline\">\n        <strong>\u00c0 lire aussi :<\/strong><br \/>\n        <a href=\"https:\/\/www.ladepeche.fr\/2025\/10\/17\/blesses-graves-militaires-coups-de-feu-eglise-transformee-en-hopital-de-campagne-un-jeudi-soir-pas-ordinaire-a-nerac-12999014.php\" rel=\"nofollow noopener\" target=\"_blank\">Bless\u00e9s graves, militaires, coups de feu, \u00e9glise transform\u00e9e en h\u00f4pital de campagne&#8230; Un jeudi soir pas ordinaire \u00e0 N\u00e9rac<\/a>\n    <\/p>\n<p class=\"txt-question\">Votre r\u00e9cit aborde aussi des sujets intimes et douloureux\u2026<\/p>\n<p>Ce livre ne cache rien. J\u2019y parle de l\u2019amour et de la perte, de la tendresse et de la trahison, d\u2019un avortement subi \u00e0 contrec\u0153ur, et des s\u00e9parations impos\u00e9es par les fronti\u00e8res. J\u2019\u00e9voque aussi les recherches passionn\u00e9es men\u00e9es avec mon mari historien, aujourd\u2019hui d\u00e9c\u00e9d\u00e9, ainsi que mon premier amour et un dernier emp\u00each\u00e9 par un visa refus\u00e9. La relation avec ma m\u00e8re, complexe et pleine de contradictions, est aussi racont\u00e9e. J\u2019ai voulu tout dire, sans rien cacher\u00a0: les erreurs, les d\u00e9sirs, les \u00e9checs, mais aussi les forces et les esp\u00e9rances qui traversent une vie. J\u2019esp\u00e8re que les lecteurs comprendront que derri\u00e8re chaque faille il y a une force, et que la v\u00e9rit\u00e9, m\u00eame quand elle d\u00e9range, reste toujours plus f\u00e9conde que le silence.<\/p>\n<p class=\"txt-question\">Votre style est tr\u00e8s direct, sans d\u00e9tour. Pourquoi ce choix\u00a0?<\/p>\n<p>Parce que je ne sais pas faire autrement. Une biographie ne sert \u00e0 rien si elle ne dit pas la v\u00e9rit\u00e9. On cache trop souvent les fragilit\u00e9s, les \u00e9checs, les d\u00e9sirs, par peur du jugement. Moi, j\u2019ai choisi la sinc\u00e9rit\u00e9. C\u2019est un t\u00e9moignage qui l\u00e8ve le voile sur ce que l\u2019on pr\u00e9f\u00e8re souvent taire\u00a0: la honte, la fragilit\u00e9, mais aussi la force qui na\u00eet des \u00e9preuves. Une vie est faite de tout\u00a0: du tragique et du trivial, du sublime et du grotesque\u00a0!<\/p>\n<p class=\"txt-question\">Aujourd\u2019hui, quels sont vos projets\u00a0?<\/p>\n<p>J\u2019aimerais, si ma sant\u00e9 me le permet, publier un livre illustr\u00e9\u00a0: une page avec un de mes tableaux, et une autre avec un petit texte. Ou bien quelque chose de plus ironique, sur mes femmes de m\u00e9nage. J\u2019en ai eu huit\u00a0! Chacune avait ses anecdotes et ses attitudes, souvent tr\u00e8s farfelues.<\/p>\n","protected":false},"excerpt":{"rendered":"l&rsquo;essentiel Ni embellie ni censur\u00e9e, la vie de Sybilla Herr Scherer se r\u00e9v\u00e8le dans ce t\u00e9moignage captivant, \u00e0&hellip;\n","protected":false},"author":2,"featured_media":472828,"comment_status":"","ping_status":"","sticky":false,"template":"","format":"standard","meta":{"footnotes":""},"categories":[1357],"tags":[1379,58,59,1011,27,1380],"class_list":{"0":"post-472827","1":"post","2":"type-post","3":"status-publish","4":"format-standard","5":"has-post-thumbnail","7":"category-livres","8":"tag-books","9":"tag-divertissement","10":"tag-entertainment","11":"tag-fr","12":"tag-france","13":"tag-livres"},"share_on_mastodon":{"url":"https:\/\/pubeurope.com\/@fr\/115396030218700743","error":""},"_links":{"self":[{"href":"https:\/\/www.europesays.com\/fr\/wp-json\/wp\/v2\/posts\/472827","targetHints":{"allow":["GET"]}}],"collection":[{"href":"https:\/\/www.europesays.com\/fr\/wp-json\/wp\/v2\/posts"}],"about":[{"href":"https:\/\/www.europesays.com\/fr\/wp-json\/wp\/v2\/types\/post"}],"author":[{"embeddable":true,"href":"https:\/\/www.europesays.com\/fr\/wp-json\/wp\/v2\/users\/2"}],"replies":[{"embeddable":true,"href":"https:\/\/www.europesays.com\/fr\/wp-json\/wp\/v2\/comments?post=472827"}],"version-history":[{"count":0,"href":"https:\/\/www.europesays.com\/fr\/wp-json\/wp\/v2\/posts\/472827\/revisions"}],"wp:featuredmedia":[{"embeddable":true,"href":"https:\/\/www.europesays.com\/fr\/wp-json\/wp\/v2\/media\/472828"}],"wp:attachment":[{"href":"https:\/\/www.europesays.com\/fr\/wp-json\/wp\/v2\/media?parent=472827"}],"wp:term":[{"taxonomy":"category","embeddable":true,"href":"https:\/\/www.europesays.com\/fr\/wp-json\/wp\/v2\/categories?post=472827"},{"taxonomy":"post_tag","embeddable":true,"href":"https:\/\/www.europesays.com\/fr\/wp-json\/wp\/v2\/tags?post=472827"}],"curies":[{"name":"wp","href":"https:\/\/api.w.org\/{rel}","templated":true}]}}