{"id":472839,"date":"2025-10-18T16:12:19","date_gmt":"2025-10-18T16:12:19","guid":{"rendered":"https:\/\/www.europesays.com\/fr\/472839\/"},"modified":"2025-10-18T16:12:19","modified_gmt":"2025-10-18T16:12:19","slug":"sante-mentale-etre-seul-a-aussi-ses-bienfaits","status":"publish","type":"post","link":"https:\/\/www.europesays.com\/fr\/472839\/","title":{"rendered":"Sant\u00e9 mentale : \u00eatre seul a aussi ses bienfaits"},"content":{"rendered":"<p>             <a href=\"https:\/\/ma-sante.news\/wp-content\/uploads\/2025\/10\/comment-etre-heureux-seul-solitude-isolement-social-Ma-Sante.jpg\" data-caption=\"En France, selon l\u2019INED (2024), 7 personnes sur 10 d\u00e9clarant bien vivre leur solitude. \u00a9\u00a0Freepik\" target=\"_blank\" rel=\"noopener\"><img loading=\"lazy\" decoding=\"async\" width=\"696\" height=\"464\" class=\"entry-thumb td-modal-image ewww_webp_lazy_load\" src=\"data:image\/svg+xml,%3Csvg%20xmlns=\" http:=\"\" data-lazy- data-lazy- alt=\"Une femme qui sait comment \u00eatre heureuse seule.\" title=\"comment e\u0302tre heureux seul solitude isolement social Ma Sante\u0301\" data-lazy-src=\"https:\/\/www.europesays.com\/fr\/wp-content\/uploads\/2025\/10\/comment-etre-heureux-seul-solitude-isolement-social-Ma-Sante-696x464.jpg\" data-lazy-src-webp=\"https:\/\/www.europesays.com\/fr\/wp-content\/uploads\/2025\/10\/comment-etre-heureux-seul-solitude-isolement-social-Ma-Sante-696x464.jpg.webp\" data-lazy-srcset-webp=\"https:\/\/www.europesays.com\/fr\/wp-content\/uploads\/2025\/10\/comment-etre-heureux-seul-solitude-isolement-social-Ma-Sante-696x464.jpg.webp 696w, https:\/\/ma-sante.news\/wp-content\/uploads\/2025\/10\/comment-etre-heureux-seul-solitude-isolement-social-Ma-Sante-300x200.jpg.webp 300w, https:\/\/ma-sante.news\/wp-content\/uploads\/2025\/10\/comment-etre-heureux-seul-solitude-isolement-social-Ma-Sante-768x512.jpg.webp 768w, https:\/\/ma-sante.news\/wp-content\/uploads\/2025\/10\/comment-etre-heureux-seul-solitude-isolement-social-Ma-Sante-630x420.jpg.webp 630w, https:\/\/ma-sante.news\/wp-content\/uploads\/2025\/10\/comment-etre-heureux-seul-solitude-isolement-social-Ma-Sante.jpg.webp 800w\"\/><\/a>En France, selon l\u2019INED (2024), 7 personnes sur 10 d\u00e9clarant bien vivre leur solitude. \u00a9\u00a0Freepik                                    \t\t\t             <a class=\"gofollow\" data-track=\"MjgsMCw2MA==\" href=\"https:\/\/ma-sante.news\/inscrivez-vous-a-notre-newsletter\/\" target=\"_blank\" rel=\"noopener\"><img loading=\"lazy\" decoding=\"async\" width=\"1068\" height=\"131\" src=\"data:image\/svg+xml,%3Csvg%20xmlns=\" http:=\"\" data-lazy-src=\"https:\/\/www.europesays.com\/fr\/wp-content\/uploads\/2025\/03\/banniere-newsletter.png\"\/><\/a> <\/p>\n<p>On confond souvent la solitude et l\u2019isolement. Pourtant, ces deux r\u00e9alit\u00e9s n\u2019ont rien en commun. La solitude choisie, celle que l\u2019on s\u2019accorde volontairement, est un temps de ressourcement. L\u2019isolement subi, au contraire, est une absence de liens sociaux qui fait souffrir. C\u2019est cette confusion qui entretient notre peur d\u2019\u00eatre seuls.<\/p>\n<p>En France, environ 12 % des habitants sont en situation<a href=\"https:\/\/ma-sante.news\/deprime-et-isolement-comment-lutter-contre-la-solitude-hivernale\/\" target=\"_blank\" rel=\"noopener\"> d\u2019isolement relationnel<\/a>, c\u2019est-\u00e0-dire qu\u2019ils n\u2019ont aucun contact r\u00e9gulier avec leur entourage, selon le rapport 2024 de la Fondation de France. Et un Fran\u00e7ais sur quatre d\u00e9clare ressentir la solitude de mani\u00e8re r\u00e9currente. Et ce sentiment touche d\u00e9sormais toutes les g\u00e9n\u00e9rations. Les jeunes adultes y sont m\u00eame particuli\u00e8rement vuln\u00e9rables, souligne une enqu\u00eate de Sant\u00e9 publique France publi\u00e9e au printemps 2024 sur la sant\u00e9 mentale des adolescents.<\/p>\n<p> Ces chiffres t\u00e9moignent d\u2019un mal-\u00eatre social profond, accentu\u00e9 depuis la pand\u00e9mie de Covid-19 et nourri par une soci\u00e9t\u00e9 o\u00f9 l\u2019on vit de plus en plus \u201cconnect\u00e9\u201d, mais parfois d\u00e9sesp\u00e9r\u00e9ment seul.<\/p>\n<p>        Solitude : choisie ou subie, c\u2019est quoi la diff\u00e9rence ?    <strong>Solitude : quand \u00eatre seul fait du bien<\/strong>    <\/p>\n<p>Pourtant, la solitude n\u2019a pas toujours le visage de la tristesse. Une \u00e9tude r\u00e9cente parue dans la revue Nature Scientific Reports (2023) montre que le bien-\u00eatre d\u00e9pend de l\u2019\u00e9quilibre entre les moments pass\u00e9s seul et ceux partag\u00e9s avec les autres. Les chercheurs ont observ\u00e9 que les personnes qui s\u2019accordent volontairement des temps de solitude r\u00e9guliers pr\u00e9sentent un meilleur niveau de satisfaction personnelle et une plus grande stabilit\u00e9 \u00e9motionnelle.<\/p>\n<p>\u00catre seul, c\u2019est parfois retrouver un espace int\u00e9rieur : r\u00e9fl\u00e9chir, r\u00eaver, cr\u00e9er. De nombreux psychologues parlent m\u00eame de \u201csolitude r\u00e9paratrice\u201d. Loin du bruit, sans le regard constant des autres, notre cerveau se d\u00e9tend. Il se met en \u201cmode par d\u00e9faut\u201d, un \u00e9tat propice \u00e0 la cr\u00e9ativit\u00e9 et \u00e0 la clart\u00e9 mentale. C\u2019est dans ces moments de retrait que beaucoup trouvent l\u2019\u00e9nergie pour rebondir, se recentrer, ou simplement souffler.<\/p>\n<p>Mais cette solitude n\u2019a rien \u00e0 voir avec l\u2019isolement subi. Elle se choisit, se cultive, s\u2019organise. Elle suppose une forme de paix int\u00e9rieure. Savoir que l\u2019on ne d\u00e9pend pas des autres pour exister, tout en restant capable de lien.<\/p>\n<p>        <strong>Quand la solitude devient dangereuse<\/strong>    <\/p>\n<p>\u00c0 l\u2019inverse, <a href=\"https:\/\/ma-sante.news\/la-solitude-provoque-un-deces-toutes-les-36-secondes\/\" target=\"_blank\" rel=\"noopener\">la solitude non d\u00e9sir\u00e9 agit comme une lente asphyxie psychologique<\/a>. Et les \u00e9tudes convergent. Le manque de relations sociales augmente significativement les risques de d\u00e9pression, d\u2019anxi\u00e9t\u00e9 et de troubles du sommeil. <\/p>\n<p>D\u2019apr\u00e8s un rapport de Sant\u00e9 publique France, les adolescents qui se sentent souvent seuls pr\u00e9sentent davantage de signes de d\u00e9tresse psychologique. Chez les adultes, les donn\u00e9es de la Fondation de France montrent que <a href=\"https:\/\/ma-sante.news\/isolement-social-solitude-risque-grave-pour-sante\/\" target=\"_blank\" rel=\"noopener\">les personnes isol\u00e9es se disent deux fois plus malheureuses que la moyenne<\/a> et expriment un fort sentiment d\u2019inutilit\u00e9.<\/p>\n<p>Les chercheurs rappellent que la solitude prolong\u00e9e active dans le cerveau les m\u00eames circuits que la douleur physique. Elle fragilise le syst\u00e8me immunitaire,<a href=\"https:\/\/ma-sante.news\/stress-chronique-pourquoi-votre-cerveau-reagit-encore-comme-a-lage-de-pierre\/\" target=\"_blank\" rel=\"noopener\"> accro\u00eet le stress <\/a>et favorise m\u00eame <a href=\"https:\/\/ma-sante.news\/academie-nationale-medecine-alerte-inegalites-maladies-cardiovasculaires\/\" target=\"_blank\" rel=\"noopener\">certaines maladies cardiovasculaires<\/a>. Bref, \u00eatre coup\u00e9 des autres, c\u2019est aussi \u00eatre coup\u00e9 de soi.<\/p>\n<p>        Alors, comment \u00eatre heureux seul ?    <\/p>\n<p>Tout commence par un changement de regard. \u00catre seul ne veut pas dire \u00eatre abandonn\u00e9. Cela peut vouloir dire se retrouver. Beaucoup de psychologues insistent sur l\u2019importance de repenser la solitude comme un besoin humain naturel, au m\u00eame titre que <a href=\"https:\/\/ma-sante.news\/sommeil-et-si-on-ameliorait-enfin-la-qualite-de-vos-nuits\/\" target=\"_blank\" rel=\"noopener\">le sommeil<\/a> ou le repos.<\/p>\n<ul class=\"wp-block-list\">\n<li>La premi\u00e8re \u00e9tape consiste \u00e0 apprivoiser le silence. <a href=\"https:\/\/ma-sante.news\/digital-detox-pourquoi-devriez-vous-passer-plus-de-temps-loin-des-ecrans\/\" target=\"_blank\" rel=\"noopener\">\u00c9teindre son t\u00e9l\u00e9phone<\/a>, marcher sans but, m\u00e9diter, lire\u2026 Ces moments de retrait sont essentiels pour recharger notre attention et clarifier nos \u00e9motions. L\u2019objectif n\u2019est pas de fuir les autres, mais de se reconnecter \u00e0 soi-m\u00eame. La solitude devient alors une bulle protectrice, un temps suspendu o\u00f9 l\u2019on se recentre.<\/li>\n<li>Ensuite, il faut savoir doser. La solitude heureuse n\u2019exclut pas le lien, elle l\u2019enrichit. Les chercheurs de l\u2019\u00e9tude Nature soulignent que les personnes qui alternent entre moments seuls et moments sociaux d\u00e9veloppent une meilleure empathie et une plus grande tol\u00e9rance \u00e9motionnelle. En d\u2019autres termes, pour bien vivre avec les autres, il faut savoir vivre avec soi.<\/li>\n<li>Enfin, il est essentiel de rester attentif aux signes de bascule. Quand la solitude s\u2019installe, quand elle devient contrainte, quand elle rime avec retrait, perte d\u2019envie ou pens\u00e9es sombres, il faut oser en parler. Des associations comme SOS Amiti\u00e9 ou Nightline France offrent une \u00e9coute anonyme et gratuite \u00e0 ceux qui en ressentent le besoin. Car \u00eatre heureux seul ne veut jamais dire \u00eatre seul face \u00e0 tout.<\/li>\n<\/ul>\n<p>        R\u00e9apprendre \u00e0 \u00eatre seul, ensemble    <\/p>\n<p>La solitude est une exp\u00e9rience profond\u00e9ment humaine. Elle peut \u00eatre subie, mais elle peut aussi \u00eatre choisie, apprivois\u00e9e, aim\u00e9e. Dans une soci\u00e9t\u00e9 qui glorifie la performance et la sociabilit\u00e9 permanente, se retirer un instant du monde n\u2019est pas un signe de faiblesse, c\u2019est un acte de sant\u00e9 mentale.<\/p>\n<p>R\u00e9habiliter la solitude, c\u2019est accepter que le bonheur ne passe pas toujours par les autres, mais parfois simplement par un rendez-vous avec soi-m\u00eame. Et si, pour \u00eatre bien ensemble, il fallait d\u2019abord apprendre \u00e0 \u00eatre bien seul ?<\/p>\n<blockquote class=\"wp-block-quote is-layout-flow wp-block-quote-is-layout-flow\">\n<p><strong>\u00c0 SAVOIR<\/strong><\/p>\n<p>D\u2019apr\u00e8s la Fondation de France (Les Solitudes en France, 2024), la solitude frappe surtout les personnes sans emploi : 44 % d\u2019entre elles se sentent seules, contre 23 % des actifs occup\u00e9s. Le rapport souligne que la pr\u00e9carit\u00e9 \u00e9conomique et la perte de lien professionnel accentuent fortement le risque d\u2019isolement social.\u00a0<\/p>\n<\/blockquote>\n<p>  <a class=\"gofollow\" data-track=\"MTIsMCw2MA==\" href=\"https:\/\/ma-sante.news\/annonceurs\/\" target=\"_blank\" rel=\"noopener\"><img loading=\"lazy\" decoding=\"async\" width=\"2560\" height=\"2133\" src=\"data:image\/svg+xml,%3Csvg%20xmlns=\" http:=\"\" data-lazy-src=\"https:\/\/www.europesays.com\/fr\/wp-content\/uploads\/2025\/03\/pub-annonceurs-4-scaled.jpg\"\/><\/a>    <img loading=\"lazy\" decoding=\"async\" width=\"755\" height=\"495\" src=\"data:image\/svg+xml,%3Csvg%20xmlns=\" http:=\"\" data-lazy-src=\"https:\/\/www.europesays.com\/fr\/wp-content\/uploads\/2025\/03\/Image1.jpg\" data-lazy-src-webp=\"https:\/\/www.europesays.com\/fr\/wp-content\/uploads\/2025\/03\/Image1.jpg.webp\" class=\"ewww_webp_lazy_load\"\/>Inscrivez-vous \u00e0 notre newsletter <br \/>Ma Sant\u00e9                      <\/p>\n","protected":false},"excerpt":{"rendered":"En France, selon l\u2019INED (2024), 7 personnes sur 10 d\u00e9clarant bien vivre leur solitude. \u00a9\u00a0Freepik On confond souvent&hellip;\n","protected":false},"author":2,"featured_media":472840,"comment_status":"","ping_status":"","sticky":false,"template":"","format":"standard","meta":{"footnotes":""},"categories":[8],"tags":[58,5506,59,1011,27,14041,15563],"class_list":{"0":"post-472839","1":"post","2":"type-post","3":"status-publish","4":"format-standard","5":"has-post-thumbnail","7":"category-divertissement","8":"tag-divertissement","9":"tag-du00e9pression","10":"tag-entertainment","11":"tag-fr","12":"tag-france","13":"tag-santu00e9-mentale","14":"tag-solitude"},"share_on_mastodon":{"url":"https:\/\/pubeurope.com\/@fr\/115396053951961935","error":""},"_links":{"self":[{"href":"https:\/\/www.europesays.com\/fr\/wp-json\/wp\/v2\/posts\/472839","targetHints":{"allow":["GET"]}}],"collection":[{"href":"https:\/\/www.europesays.com\/fr\/wp-json\/wp\/v2\/posts"}],"about":[{"href":"https:\/\/www.europesays.com\/fr\/wp-json\/wp\/v2\/types\/post"}],"author":[{"embeddable":true,"href":"https:\/\/www.europesays.com\/fr\/wp-json\/wp\/v2\/users\/2"}],"replies":[{"embeddable":true,"href":"https:\/\/www.europesays.com\/fr\/wp-json\/wp\/v2\/comments?post=472839"}],"version-history":[{"count":0,"href":"https:\/\/www.europesays.com\/fr\/wp-json\/wp\/v2\/posts\/472839\/revisions"}],"wp:featuredmedia":[{"embeddable":true,"href":"https:\/\/www.europesays.com\/fr\/wp-json\/wp\/v2\/media\/472840"}],"wp:attachment":[{"href":"https:\/\/www.europesays.com\/fr\/wp-json\/wp\/v2\/media?parent=472839"}],"wp:term":[{"taxonomy":"category","embeddable":true,"href":"https:\/\/www.europesays.com\/fr\/wp-json\/wp\/v2\/categories?post=472839"},{"taxonomy":"post_tag","embeddable":true,"href":"https:\/\/www.europesays.com\/fr\/wp-json\/wp\/v2\/tags?post=472839"}],"curies":[{"name":"wp","href":"https:\/\/api.w.org\/{rel}","templated":true}]}}