{"id":472847,"date":"2025-10-18T16:16:11","date_gmt":"2025-10-18T16:16:11","guid":{"rendered":"https:\/\/www.europesays.com\/fr\/472847\/"},"modified":"2025-10-18T16:16:11","modified_gmt":"2025-10-18T16:16:11","slug":"son-fils-louis-organise-un-rassemblement-de-soutien-mardi-jour-de-son-incarceration","status":"publish","type":"post","link":"https:\/\/www.europesays.com\/fr\/472847\/","title":{"rendered":"Son fils Louis organise un rassemblement de soutien, mardi, jour de son incarc\u00e9ration"},"content":{"rendered":"<p> \u00abSoyons nombreux \u00e0 venir exprimer notre soutien \u00e0 <a href=\"https:\/\/www.20minutes.fr\/politique\/nicolas_sarkozy\/\" class=\"c-link c-link--is-underlined\" rel=\"nofollow noopener\" target=\"_blank\">Nicolas Sarkozy<\/a> ce 21\u00a0octobre \u00e0 8h30\u00a0\u00bb, \u00e9crit son fils <a href=\"https:\/\/www.20minutes.fr\/dossier\/louis_sarkozy\" class=\"c-link c-link--is-underlined\" rel=\"nofollow noopener\" target=\"_blank\">Louis Sarkozy<\/a> sur X, <a href=\"https:\/\/x.com\/napsarkozy\/status\/1971260400965386348\" rel=\"nofollow\" target=\"_blank\" class=\"c-link c-link--is-underlined\">invitant \u00e0 un rassemblement <\/a>dans le 16e\u00a0arrondissement, \u00e0 <a href=\"https:\/\/www.20minutes.fr\/paris\/\" class=\"c-link c-link--is-underlined\" rel=\"nofollow noopener\" target=\"_blank\">Paris<\/a>. Le 21 octobre c\u2019est la date de l\u2019incarc\u00e9ration de son p\u00e8re \u00e0 la prison de la Sant\u00e9.<\/p>\n<p>L\u2019ancien pr\u00e9sident de la R\u00e9publique a \u00e9t\u00e9 condamn\u00e9 le 25\u00a0septembre dernier pour \u00ab\u00a0association de malfaiteurs\u00a0\u00bb dans le cadre de l\u2019affaire Libyenne. On lui reproche d\u2019avoir laiss\u00e9 ses plus proches collaborateurs n\u00e9gocier avec la Libye de Mouammar Kadhafi en vue d\u2019un financement ill\u00e9gal de sa campagne pr\u00e9sidentielle victorieuse de\u00a02007.<\/p>\n<p>\u00ab\u00a0La fin de l\u2019histoire n\u2019est pas \u00e9crite\u00a0\u00bb<\/p>\n<p>Son fils a accompagn\u00e9 son post sur le r\u00e9seau social d\u2019une vid\u00e9o qui retrace quelques moments forts de la vie de son p\u00e8re. Il retient un passage o\u00f9 l\u2019ancien pr\u00e9sident de la R\u00e9publique d\u00e9clame qu&rsquo; \u00ab\u00a0on n\u2019apprend rien de ses succ\u00e8s, on apprend tout de ses \u00e9checs\u00a0\u00bb ou encore\u00a0: \u00ab\u00a0la vie est une succession de renaissances, on rena\u00eet jusqu\u2019au bout\u00a0\u00bb<\/p>\n<\/p>\n<p>\u00ab\u00a0La fin de l\u2019histoire n\u2019est pas \u00e9crite\u00a0\u00bb, peut-on lire en cl\u00f4ture de la vid\u00e9o.<\/p>\n","protected":false},"excerpt":{"rendered":"\u00abSoyons nombreux \u00e0 venir exprimer notre soutien \u00e0 Nicolas Sarkozy ce 21\u00a0octobre \u00e0 8h30\u00a0\u00bb, \u00e9crit son fils Louis&hellip;\n","protected":false},"author":2,"featured_media":472848,"comment_status":"","ping_status":"","sticky":false,"template":"","format":"standard","meta":{"footnotes":""},"categories":[4],"tags":[47,11,1011,27,662,4367,17927,8168,12,3091,626,806,25,104],"class_list":{"0":"post-472847","1":"post","2":"type-post","3":"status-publish","4":"format-standard","5":"has-post-thumbnail","7":"category-france","8":"tag-actualite","9":"tag-actualites","10":"tag-fr","11":"tag-france","12":"tag-ile-de-france","13":"tag-libye","14":"tag-louis-sarkozy","15":"tag-mouammar-kadhafi","16":"tag-news","17":"tag-nicolas-sarkozy","18":"tag-paris","19":"tag-prison","20":"tag-republique-francaise","21":"tag-societe"},"share_on_mastodon":{"url":"https:\/\/pubeurope.com\/@fr\/115396069655219545","error":""},"_links":{"self":[{"href":"https:\/\/www.europesays.com\/fr\/wp-json\/wp\/v2\/posts\/472847","targetHints":{"allow":["GET"]}}],"collection":[{"href":"https:\/\/www.europesays.com\/fr\/wp-json\/wp\/v2\/posts"}],"about":[{"href":"https:\/\/www.europesays.com\/fr\/wp-json\/wp\/v2\/types\/post"}],"author":[{"embeddable":true,"href":"https:\/\/www.europesays.com\/fr\/wp-json\/wp\/v2\/users\/2"}],"replies":[{"embeddable":true,"href":"https:\/\/www.europesays.com\/fr\/wp-json\/wp\/v2\/comments?post=472847"}],"version-history":[{"count":0,"href":"https:\/\/www.europesays.com\/fr\/wp-json\/wp\/v2\/posts\/472847\/revisions"}],"wp:featuredmedia":[{"embeddable":true,"href":"https:\/\/www.europesays.com\/fr\/wp-json\/wp\/v2\/media\/472848"}],"wp:attachment":[{"href":"https:\/\/www.europesays.com\/fr\/wp-json\/wp\/v2\/media?parent=472847"}],"wp:term":[{"taxonomy":"category","embeddable":true,"href":"https:\/\/www.europesays.com\/fr\/wp-json\/wp\/v2\/categories?post=472847"},{"taxonomy":"post_tag","embeddable":true,"href":"https:\/\/www.europesays.com\/fr\/wp-json\/wp\/v2\/tags?post=472847"}],"curies":[{"name":"wp","href":"https:\/\/api.w.org\/{rel}","templated":true}]}}