{"id":472849,"date":"2025-10-18T16:17:22","date_gmt":"2025-10-18T16:17:22","guid":{"rendered":"https:\/\/www.europesays.com\/fr\/472849\/"},"modified":"2025-10-18T16:17:22","modified_gmt":"2025-10-18T16:17:22","slug":"un-coup-de-vent-attendu-des-ce-dimanche-en-france-voici-a-quoi-sattendre","status":"publish","type":"post","link":"https:\/\/www.europesays.com\/fr\/472849\/","title":{"rendered":"un coup de vent attendu d\u00e8s ce dimanche en France, voici \u00e0 quoi s&rsquo;attendre"},"content":{"rendered":"<p>            Par<br \/>\n        <strong><br \/>\n            <a href=\"https:\/\/actu.fr\/auteur\/johann-foucault\" title=\"Consulter tous les articles de Johann Foucault\" target=\"_blank\" rel=\"noopener\">Johann Foucault<\/a><br \/>\n        <\/strong><\/p>\n<p>        Publi\u00e9 le<\/p>\n<p>            18 oct. 2025 \u00e0 13h21<br \/>\n        ; mis \u00e0 jour le 18 oct. 2025 \u00e0 16h58    <\/p>\n<p>Nous l\u2019avions annonc\u00e9 : un changement de temps assez radical s\u2019annonce sur la France \u00e0 partir de ce week-end. Si la journ\u00e9e est assez calme et ensoleill\u00e9e ce samedi, malgr\u00e9 un ciel voil\u00e9 par endroits, cela ne va pas durer. Car il faut s\u2019attendre <a href=\"https:\/\/actu.fr\/meteo\/pourquoi-la-premiere-semaine-des-vacances-scolaires-de-la-toussaint-s-annonce-tres-pluvieuse-en-france_63299575.html\" target=\"_blank\" rel=\"noopener\">au retour de la pluie d\u00e8s samedi soir<\/a>, mais surtout dimanche. Cette perturbation s\u2019accompagnera <strong>d\u2019un coup de vent, qui va souffler sur une partie de la France<\/strong>. Les pr\u00e9visions d\u00e9taill\u00e9es des prochains jours.<\/p>\n<p>Le retour de la pluie presque partout en France<\/p>\n<p class=\" wall-content\">Ce samedi, \u00e0 l\u2019approche d\u2019une (premi\u00e8re) perturbation, un voile nuageux assez dense d\u2019altitude va gagner la pointe de la Bretagne. Avant que cette couverture nuageuse (et pluvieuse) envahisse <a href=\"https:\/\/actu.fr\/meteo\/meteo-il-va-pleuvoir-partout-en-france-mais-certains-seront-epargnes-en-occitanie_63312614.html\" target=\"_blank\" rel=\"noopener\">toute la France ou presque<\/a> les jours suivants, selon les pr\u00e9visions du m\u00e9t\u00e9orologue Yann Amice, qui <a href=\"https:\/\/actu.fr\/meteo\/beaucoup-de-pluie-et-le-retour-du-vent-en-france-voici-ou-ca-va-souffler-des-cette-semaine_63309131.html\" target=\"_blank\" rel=\"noopener\">nous indiquait dans un pr\u00e9c\u00e9dent article l\u2019arriv\u00e9e de plusieurs d\u00e9pressions<\/a>.<\/p>\n<p class=\" wall-content\">M\u00e9t\u00e9o France confirme d\u2019ailleurs <a href=\"https:\/\/meteofrance.com\/\" target=\"_blank\" rel=\"noopener\">dans son bulletin m\u00e9t\u00e9o du jour<\/a> l\u2019arriv\u00e9e d\u2019un \u00ab\u00a0voile nuageux\u00a0\u00bb qui \u00ab\u00a0gagne le nord-ouest, s\u2019\u00e9paississant sur la pointe bretonne en donnant m\u00eame quelques gouttes en soir\u00e9e, annonciatrices d\u2019une d\u00e9gradation plus importante du temps pr\u00e9vu \u00e0 partir de dimanche\u00a0\u00bb.<\/p>\n<blockquote class=\"ac-article-quote wall-content\">\n<p>Les temp\u00e9ratures maximales vont 14 \u00e0 19 degr\u00e9s sur la moiti\u00e9 nord et l&rsquo;Auvergne-Rh\u00f4ne-Alpes, de 19 \u00e0 24 degr\u00e9s sur le Sud-Ouest et pr\u00e8s de la M\u00e9diterran\u00e9e, jusqu&rsquo;\u00e0 25 \u00e0 27 degr\u00e9s sur le sud de l&rsquo;Aquitaine.<\/p>\n<p>    <strong>M\u00e9t\u00e9o France<\/strong><br \/>\n        Bulletin du samedi 18 octobre 2025    <\/p><\/blockquote>\n<p class=\" wall-content\">Dimanche matin, des pluies s\u2019installent sur le quart nord-ouest en matin\u00e9e. \u00ab\u00a0Elles sont parfois marqu\u00e9es, notamment sur le sud de la p\u00e9ninsule bretonne\u00a0\u00bb, souligne l\u2019organisme <a href=\"https:\/\/actu.fr\/meteo\/\" target=\"_blank\" rel=\"noopener\">m\u00e9t\u00e9o<\/a>. Dans l\u2019apr\u00e8s-midi, cette perturbation pluvieuse oc\u00e9anique va s\u2019\u00e9tendre jusqu\u2019\u00e0 la fronti\u00e8re belge, le Centre-Val de Loire et le nord de la Nouvelle Aquitaine. Puis toucher presque l\u2019int\u00e9gralit\u00e9 du territoire fran\u00e7ais dimanche soir.<\/p>\n<p class=\" wall-content\">Les pluies devraient rester dans notre quotidien toute la semaine prochaine d\u2019ailleurs, pr\u00e9vient Yann Amice, comme vous pouvez le constater dans cette mod\u00e9lisation (ci-dessous) des pluies attendues du samedi 18 au vendredi 24 octobre.<\/p>\n<p>    <img   decoding=\"async\" loading=\"lazy\" src=\"https:\/\/www.europesays.com\/fr\/wp-content\/uploads\/2025\/10\/cumuls-pluie-samedi-18-vendredi-24-960x639.jpeg\" alt=\"Cumuls de pluie attendus du samedi 18 au vendredi 24 octobre 2024.\" width=\"960\" height=\"639\"\/><br \/>\n    Cumuls de pluie attendus du samedi 18 au vendredi 24 octobre 2025. (\u00a9WeatherNCo avec Meteologix)<\/p>\n<p>Votre r\u00e9gion, votre actu !<\/p>\n<p>Recevez chaque jour les infos qui comptent pour vous.<\/p>\n<p>\t<a href=\"https:\/\/actu.fr\/newsletter\" class=\"ac-btn ac-btn--corner ac-btn--medium ac-btn--blue800\" target=\"_blank\" rel=\"noopener\">S&rsquo;incrire<\/a><br \/>\nUn coup de vent dans la nuit de dimanche \u00e0 lundi<\/p>\n<p class=\" wall-content\">Cette perturbation pluvieuse s\u2019accompagne aussi d\u2019un <strong>coup de vent pr\u00e9vu d\u00e8s le dimanche 19 octobre 2025, qui va balayer la France<\/strong> d\u2019ouest en est dans la nuit de dimanche \u00e0 lundi.<\/p>\n<p>Des d\u00e9partements en vigilance :<\/p>\n<p>M\u00e9t\u00e9o France a d&rsquo;ailleurs plac\u00e9 plusieurs d\u00e9partements vigilance jaune vent pour la journ\u00e9e de dimanche : <b>l&rsquo;Ain, les C\u00f4tes-d&rsquo;Armor, le Finist\u00e8re, l&rsquo;Is\u00e8re, la Loire, le Morbihan et le Rh\u00f4ne<\/b>.<\/p>\n<p class=\" wall-content\">On attend ainsi des rafales \u00e0 70 km\/h sur les c\u00f4tes de la Manche, et 70-80 km\/h sur les c\u00f4tes bretonnes. Un coup de vent assez \u00ab\u00a0classique\u00a0\u00bb, note Yann Amice, mais qui va \u00ab\u00a0basculer\u00a0\u00bb dans la nuit dimanche \u00e0 lundi \u00e0 l\u2019arriv\u00e9e d\u2019une autre perturbation. \u00ab\u00a0Le d\u00e9calage de la d\u00e9pression lundi midi, sur le centre de l\u2019Angleterre, va renforcer aussi le vent\u00a0\u00bb, d\u00e9taille le m\u00e9t\u00e9orologue \u00e0 actu.fr.<\/p>\n<p class=\" wall-content\">Cons\u00e9quence : <strong>des rafales de 90 km\/h \u00e0 110 km\/h<\/strong> attendues lundi de la pointe bretonne aux c\u00f4tes normandes, avec jusqu\u2019\u00e0 70-80 km\/h dans les terres, et 60-70 km\/h sur le pourtour m\u00e9diterran\u00e9en, comme d\u00e9taill\u00e9 ci-dessous.<\/p>\n<p>    <img   decoding=\"async\" loading=\"lazy\" src=\"https:\/\/www.europesays.com\/fr\/wp-content\/uploads\/2025\/10\/rafales-vent-dimanche-19-lundi-20-960x635.jpeg\" alt=\"La perturbation pluvieuse s'accompagne d'un coup de vent sur plusieurs r\u00e9gions littorales.\" width=\"960\" height=\"635\"\/><br \/>\n    La perturbation pluvieuse s\u2019accompagne d\u2019un coup de vent sur plusieurs r\u00e9gions littorales. (\u00a9WeatherNCo avec Meteologix)Un autre coup de vent possible mercredi et jeudi<\/p>\n<p class=\" wall-content\">Et apr\u00e8s ce coup de vent, ce ne sera pas fini pour autant. Selon les mod\u00e8les m\u00e9t\u00e9o, Yann Amice anticipe <strong>une nouvelle d\u00e9pression \u00e0 partir du mercredi 22 octobre<\/strong>, qui pourrait durer jusqu\u2019\u00e0 jeudi.<\/p>\n<p class=\" wall-content\">Illustration des pr\u00e9visions de vent de samedi \u00e0 mercredi, avec le mod\u00e8le m\u00e9t\u00e9o Arp\u00e8ge (pr\u00e9cisions, il faut comparer plusieurs mod\u00e8les pour consolider les donn\u00e9es, comme le font les m\u00e9t\u00e9orologues) :\u00a0<\/p>\n<p class=\" wall-content\"><img decoding=\"async\" src=\"https:\/\/www.europesays.com\/fr\/wp-content\/uploads\/2025\/10\/animywq8.gif\" loading=\"lazy\"\/><\/p>\n<p class=\" wall-content\">Yann Amice pr\u00e9voit m\u00eame \u00ab\u00a0un joli coup de vent de sud-ouest, avec encore pas mal de pluie au menu\u00a0\u00bb. \u00ab\u00a0Le couloir pluvieux dans le sud-ouest se dessine assez bien\u00a0\u00bb, rajoute-t-il.<\/p>\n<p class=\" wall-content\">D\u2019apr\u00e8s ses pr\u00e9visions, jeudi 23 octobre, des rafales \u00e0 <strong>pr\u00e8s de 90-120 km<\/strong> (sur les caps les plus expos\u00e9s) sont attendues jeudi apr\u00e8s-midi (entre 14h et 20h) sur la Bretagne Sud, la Vend\u00e9e, la Charente-Maritime.<\/p>\n<p class=\" wall-content\">En Bretagne nord ou dans le Cotentin, on attend de 90 \u00e0 110 km\/h en fin d\u2019apr\u00e8s-midi et soir\u00e9e. Et dans les Hauts-de-France, Normandie, nord du Centre-Val de Loire, on attend de 70 \u00e0 90 km\/h, pouvant atteindre 100 \u00e0 110 km\/h sur les zones c\u00f4ti\u00e8res.<\/p>\n<p class=\" wall-content\">Dans le sud-ouest, il est pr\u00e9vu 60 km\/h en moyenne, localement 70 km\/h sur les hauteurs ; et dans sud-est, la vall\u00e9e du Rh\u00f4ne ou encore les Alpes, on attend entre 60 \u00e0 70 km\/h, parfois davantage dans les couloirs expos\u00e9s.<\/p>\n<p>    <img   decoding=\"async\" loading=\"lazy\" src=\"https:\/\/www.europesays.com\/fr\/wp-content\/uploads\/2025\/10\/rafales-jeudi-23-960x637.jpeg\" alt=\"Les rafales pr\u00e9vues jeudi 23 octobre en France.\" width=\"960\" height=\"637\"\/><br \/>\n    Les rafales pr\u00e9vues jeudi 23 octobre en France. (\u00a9WeatherNCo avec Meteologix)<\/p>\n<p class=\" wall-content\">Apr\u00e8s cet \u00e9pisode de vent de jeudi, le syst\u00e8me s\u2019\u00e9vacue, laissant un \u00ab\u00a0joli ciel de traine en Bretagne\u00a0\u00bb. \u00ab\u00a0Un temps plus calme\u00a0\u00bb se dessine, anticipe le m\u00e9t\u00e9orologue. \u00ab\u00a0Les hautes pressions se reconstituent \u00e0 l\u2019ouest, ce qui permet d\u2019envisager une semaine plus calme au niveau du vent, mais avec un flux de nord-ouest, plus frais \u00e9galement\u00a0\u00bb.<\/p>\n<p class=\" wall-content\">Il pr\u00e9cise qu\u2019en principe vers le mercredi 29 octobre, un \u00ab\u00a0anticyclone se cale sur la France\u00a0\u00bb, amenant \u00ab\u00a0un temps d\u2019automne classique\u00a0\u00bb. Actu.fr aura l\u2019occasion d\u2019y revenir.<\/p>\n<p class=\" wall-content\">Personnalisez votre actualit\u00e9 en ajoutant vos villes et m\u00e9dias en favori avec <a href=\"https:\/\/moncompte.actu.fr\" title=\"D\u00e9couvez Mon Actu\" rel=\"nofollow noopener\" data-trk=\"{&quot;cta&quot;:{&quot;action&quot;:&quot;https:\\\/\\\/moncompte.actu.fr&quot;,&quot;category&quot;:&quot;mon compte&quot;,&quot;from&quot;:&quot;article footer&quot;,&quot;name&quot;:&quot;Mon actu&quot;,&quot;type&quot;:&quot;cta&quot;}}\" target=\"_blank\">Mon Actu<\/a>.<\/p>\n","protected":false},"excerpt":{"rendered":"Par Johann Foucault Publi\u00e9 le 18 oct. 2025 \u00e0 13h21 ; mis \u00e0 jour le 18 oct. 2025&hellip;\n","protected":false},"author":2,"featured_media":472850,"comment_status":"","ping_status":"","sticky":false,"template":"","format":"standard","meta":{"footnotes":""},"categories":[2],"tags":[11,1011,27,2487,2357,12,4459],"class_list":{"0":"post-472849","1":"post","2":"type-post","3":"status-publish","4":"format-standard","5":"has-post-thumbnail","7":"category-actualites","8":"tag-actualites","9":"tag-fr","10":"tag-france","11":"tag-meteo","12":"tag-meteo-france","13":"tag-news","14":"tag-pluie"},"share_on_mastodon":{"url":"https:\/\/pubeurope.com\/@fr\/115396074042560448","error":""},"_links":{"self":[{"href":"https:\/\/www.europesays.com\/fr\/wp-json\/wp\/v2\/posts\/472849","targetHints":{"allow":["GET"]}}],"collection":[{"href":"https:\/\/www.europesays.com\/fr\/wp-json\/wp\/v2\/posts"}],"about":[{"href":"https:\/\/www.europesays.com\/fr\/wp-json\/wp\/v2\/types\/post"}],"author":[{"embeddable":true,"href":"https:\/\/www.europesays.com\/fr\/wp-json\/wp\/v2\/users\/2"}],"replies":[{"embeddable":true,"href":"https:\/\/www.europesays.com\/fr\/wp-json\/wp\/v2\/comments?post=472849"}],"version-history":[{"count":0,"href":"https:\/\/www.europesays.com\/fr\/wp-json\/wp\/v2\/posts\/472849\/revisions"}],"wp:featuredmedia":[{"embeddable":true,"href":"https:\/\/www.europesays.com\/fr\/wp-json\/wp\/v2\/media\/472850"}],"wp:attachment":[{"href":"https:\/\/www.europesays.com\/fr\/wp-json\/wp\/v2\/media?parent=472849"}],"wp:term":[{"taxonomy":"category","embeddable":true,"href":"https:\/\/www.europesays.com\/fr\/wp-json\/wp\/v2\/categories?post=472849"},{"taxonomy":"post_tag","embeddable":true,"href":"https:\/\/www.europesays.com\/fr\/wp-json\/wp\/v2\/tags?post=472849"}],"curies":[{"name":"wp","href":"https:\/\/api.w.org\/{rel}","templated":true}]}}