{"id":472851,"date":"2025-10-18T16:18:12","date_gmt":"2025-10-18T16:18:12","guid":{"rendered":"https:\/\/www.europesays.com\/fr\/472851\/"},"modified":"2025-10-18T16:18:12","modified_gmt":"2025-10-18T16:18:12","slug":"saint-etienne-vide-depuis-2018-lancien-immeuble-edf-a-montaud-est-toujours-en-friche","status":"publish","type":"post","link":"https:\/\/www.europesays.com\/fr\/472851\/","title":{"rendered":"Saint-\u00c9tienne. Vide depuis 2018, l\u2019ancien immeuble EDF, \u00e0 Montaud, est toujours en friche"},"content":{"rendered":"<p>En 2018, EDF quittait le b\u00e2timent situ\u00e9 non loin de la place Carnot, le long du boulevard urbain, dans lequel l\u2019entreprise \u00e9tait install\u00e9e depuis 1979. Un b\u00e2timent embl\u00e9matique du quartier de Montaud, \u00e0 l\u2019architecture particuli\u00e8rement audacieuse, avec sa partie en forme pyramidale, qui lui a d\u2019ailleurs valu d\u2019\u00eatre labellis\u00e9 \u00ab\u00a0Patrimoine du XX e \u00a0si\u00e8cle en Rh\u00f4ne-Alpes\u00a0\u00bb.<\/p>\n<p>Ce b\u00e2timent est \u00e9galement impressionnant par ses dimensions\u00a0: 13\u00a0400 m2  de b\u00e2ti sur une parcelle de terrain de 6\u00a0200 m 2 , 5\u00a0000 m2  de parkings et d\u2019importantes surfaces de stockage en sous-sol.<\/p>\n<p>Rachet&amp;eacute&#8230;                        <\/p>\n","protected":false},"excerpt":{"rendered":"En 2018, EDF quittait le b\u00e2timent situ\u00e9 non loin de la place Carnot, le long du boulevard urbain,&hellip;\n","protected":false},"author":2,"featured_media":472852,"comment_status":"","ping_status":"","sticky":false,"template":"","format":"standard","meta":{"footnotes":""},"categories":[9653],"tags":[1111,11,2430,4749,1984,33,7539,1777,674,1011,27,12,316,25,4001,7538],"class_list":{"0":"post-472851","1":"post","2":"type-post","3":"status-publish","4":"format-standard","5":"has-post-thumbnail","7":"category-saint-etienne","8":"tag-actu","9":"tag-actualites","10":"tag-auvergne-rhone-alpes","11":"tag-btp-et-chantiers","12":"tag-conseil-municipal","13":"tag-economie","14":"tag-edition-loire-sud","15":"tag-eu","16":"tag-europe","17":"tag-fr","18":"tag-france","19":"tag-news","20":"tag-politique","21":"tag-republique-francaise","22":"tag-saint-etienne","23":"tag-saint-etienne-ville"},"share_on_mastodon":{"url":"https:\/\/pubeurope.com\/@fr\/115396077489415820","error":""},"_links":{"self":[{"href":"https:\/\/www.europesays.com\/fr\/wp-json\/wp\/v2\/posts\/472851","targetHints":{"allow":["GET"]}}],"collection":[{"href":"https:\/\/www.europesays.com\/fr\/wp-json\/wp\/v2\/posts"}],"about":[{"href":"https:\/\/www.europesays.com\/fr\/wp-json\/wp\/v2\/types\/post"}],"author":[{"embeddable":true,"href":"https:\/\/www.europesays.com\/fr\/wp-json\/wp\/v2\/users\/2"}],"replies":[{"embeddable":true,"href":"https:\/\/www.europesays.com\/fr\/wp-json\/wp\/v2\/comments?post=472851"}],"version-history":[{"count":0,"href":"https:\/\/www.europesays.com\/fr\/wp-json\/wp\/v2\/posts\/472851\/revisions"}],"wp:featuredmedia":[{"embeddable":true,"href":"https:\/\/www.europesays.com\/fr\/wp-json\/wp\/v2\/media\/472852"}],"wp:attachment":[{"href":"https:\/\/www.europesays.com\/fr\/wp-json\/wp\/v2\/media?parent=472851"}],"wp:term":[{"taxonomy":"category","embeddable":true,"href":"https:\/\/www.europesays.com\/fr\/wp-json\/wp\/v2\/categories?post=472851"},{"taxonomy":"post_tag","embeddable":true,"href":"https:\/\/www.europesays.com\/fr\/wp-json\/wp\/v2\/tags?post=472851"}],"curies":[{"name":"wp","href":"https:\/\/api.w.org\/{rel}","templated":true}]}}