{"id":472868,"date":"2025-10-18T16:28:10","date_gmt":"2025-10-18T16:28:10","guid":{"rendered":"https:\/\/www.europesays.com\/fr\/472868\/"},"modified":"2025-10-18T16:28:10","modified_gmt":"2025-10-18T16:28:10","slug":"la-piscine-du-plateau-est-de-rouen-suscite-encore-une-polemique","status":"publish","type":"post","link":"https:\/\/www.europesays.com\/fr\/472868\/","title":{"rendered":"La piscine du plateau Est de Rouen suscite (encore) une pol\u00e9mique"},"content":{"rendered":"<p>            Par<br \/>\n        <strong><br \/>\n            <a href=\"https:\/\/actu.fr\/auteur\/laredaction\" title=\"Consulter tous les articles de R\u00e9daction Normandie\" target=\"_blank\" rel=\"noopener\">R\u00e9daction Normandie<\/a><br \/>\n        <\/strong><\/p>\n<p>        Publi\u00e9 le<\/p>\n<p>            18 oct. 2025 \u00e0 17h28        <\/p>\n<p><strong>Cela n\u2019en finira donc jamais !<\/strong> Lors de son dernier conseil municipal (voir notre pr\u00e9c\u00e9dent article), les \u00e9lus de Bonsecours ont vot\u00e9, \u00e0 l\u2019unanimit\u00e9, la prise en charge par le budget de la Ville de la diff\u00e9rence entre le tarif des r\u00e9sidents et des ext\u00e9rieurs <a href=\"https:\/\/actu.fr\/normandie\/belbeuf_76069\/en-images-decouvrez-la-piscine-du-plateau-est-de-rouen-avant-son-ouverture_62985976.html\" target=\"_blank\" rel=\"noopener\">\u00e0 la piscine du plateau Est<\/a>. Une d\u00e9cision que les dix maires membres du Sicaper\u00a0 (Syndicat intercommunal du centre aqualudique du plateau Est de Rouen) n\u2019admettent pas. Ils s\u2019en sont plaints dans un communiqu\u00e9.<\/p>\n<p>\u00ab\u00a0Servir l\u2019int\u00e9r\u00eat g\u00e9n\u00e9ral\u00a0\u00bb\u00a0<\/p>\n<p class=\" wall-content\">\u00abNous, maires des dix communes* membres du Sicaper, \u00e0 l\u2019origine du centre aqualudique O\u2019Cape, nous r\u00e9jouissons. Nous nous r\u00e9jouissons, car nous sommes parvenus, solidairement, \u00e0 faire aboutir apr\u00e8s de tr\u00e8s longues ann\u00e9es <strong>ce projet tant attendu et si complexe<\/strong> d\u2019une piscine sur notre territoire riche de plus de 30 000 habitants. Faire aboutir un nouveau service public de ce type, afin de servir l\u2019int\u00e9r\u00eat g\u00e9n\u00e9ral, n\u2019a cependant pas \u00e9t\u00e9 sans mal, ni sans difficult\u00e9 \u00bb, d\u00e9clarent ainsi les maires.<\/p>\n<p class=\" wall-content\">Et ils rappellent les d\u00e9convenues rencontr\u00e9es, alors qu\u2019ils avaient opt\u00e9 pour \u00ab un \u00e9quipement exemplaire en mati\u00e8re de traitement de l\u2019eau et de la filtration \u00bb, auquel ils ont finalement renonc\u00e9 apr\u00e8s une d\u00e9cision de l\u2019Anses (Agence de s\u00e9curit\u00e9 sanitaire). Les \u00e9lus du Sicaper affirment une fois encore que \u00ab ce syst\u00e8me \u00e9tait l\u00e9gal et fonctionne d\u00e9j\u00e0 dans d\u2019autres centres aquatiques, en France et en Europe \u00bb, mais conc\u00e8dent toutefois qu\u2019en le maintenant, ils auraient \u00e9t\u00e9 contraints \u00ab de r\u00e9duire de mani\u00e8re trop importante le nombre de personnes autoris\u00e9es \u00e0 venir nager. ce qui aurait provoqu\u00e9 de nombreuses frustrations et aurait r\u00e9duit les recettes \u00bb.<\/p>\n<p class=\" wall-content\">C\u2019est ainsi que la date d\u2019ouverture a d\u00fb \u00eatre repouss\u00e9e (elle a eu lieu le 4\u00a0ao\u00fbt dernier), le temps de remplacer le syst\u00e8me de filtration et de traitement de l\u2019eau initial, \u00ab par un syst\u00e8me \u00e0 perlite et \u00e0 \u00e9lectrolyseur de sel, syst\u00e8me \u00e9galement novateur et retenu dans les \u00e9quipements les plus modernes \u00bb.<\/p>\n<p>Un espace de remise ne forme pour diminuer le d\u00e9ficit de fonctionnement<\/p>\n<p class=\" wall-content\">Les \u00e9lus du syndicat notent ensuite que depuis l\u2019ouverture, le centre aquatique conna\u00eet une grande affluence. \u00ab Nous nous r\u00e9jouissons d\u2019autant plus que celui-ci a \u00e9t\u00e9 unanimement reconnu <strong>comme un \u00e9quipement exemplaire<\/strong>, et m\u00eame comme l\u2019un des plus beaux et des plus complets de Rouen et de ses alentours \u00bb, se f\u00e9licitent les dix maires dans leur communiqu\u00e9, soulignant aussi l\u2019existence, \u00e0 l\u2019\u00e9tage, d\u2019un vaste espace de remise en forme de grande qualit\u00e9. \u00ab Seul ce type d\u2019installation peut diminuer le d\u00e9ficit de fonctionnement d\u2019un centre aquatique, qui, quoi qu\u2019il en soit, n\u2019est jamais directement rentable financi\u00e8rement. Le surco\u00fbt d\u2019investissement li\u00e9 \u00e0 la r\u00e9alisation de cet \u00e9tage bien-\u00eatre sera donc largement compens\u00e9 par les recettes plus importantes qui en d\u00e9couleront \u00bb, affirment les \u00e9lus.<\/p>\n<p class=\" wall-content\">Autre motif de satisfaction pour le syndicat, les tarifs : moins de 4,50 euros pour les habitants des 10 communes et moins de 7 euros pour les autres, sans \u00e9voquer les tarifs d\u2019abonnement et les cartes pluri-entr\u00e9es. Et ce qui les r\u00e9jouit le plus, c\u2019est que les \u00e9l\u00e8ves des dix communes du Sicaper peuvent venir apprendre \u00e0 nager. \u00ab Un grand nombre d\u2019entre elles ont d\u2019ailleurs fait le choix d\u2019y envoyer tous les \u00e9l\u00e8ves de leurs \u00e9coles \u00e9l\u00e9mentaires, soit bien au-del\u00e0 des pr\u00e9conisations de l\u2019\u00c9ducation nationale qui recommande de n\u2019y envoyer que deux niveaux .\u00bb Et les dix maires mart\u00e8lent que toutes les communes voisines du plateau pouvaient adh\u00e9rer \u00e0 cette piscine.<\/p>\n<p>Les \u00e9lus du Sicaper taclent le maire de Bonsecours, sans le nommer<\/p>\n<p class=\" wall-content\">\u00ab Certaines de ces communes ont r\u00e9alis\u00e9 une consultation publique aupr\u00e8s de leurs administr\u00e9s, consultation durant laquelle il n\u2019a jamais \u00e9t\u00e9 cach\u00e9 que la piscine ne g\u00e9n\u00e9rerait aucune recette, et m\u00eame engendrerait des co\u00fbts \u00e0 supporter par le budget des communes et par les imp\u00f4ts des propri\u00e9taires fonciers \u00bb, insistent les \u00e9lus, taclant ensuite, sans jamais le nommer, le maire de Bonsecours, en \u00e9voquant \u00ab certaines communes, qui n\u2019ont m\u00eame pas laiss\u00e9 l\u2019occasion \u00e0 leurs r\u00e9sidents de s\u2019exprimer en organisant une consultation publique. Leur choix s\u2019est r\u00e9sum\u00e9 \u00e0 suivre celui du maire qui craignait peut-\u00eatre de ne pas \u00eatre suivi par ses habitants \u00bb.<\/p>\n<p>Votre r\u00e9gion, votre actu !<\/p>\n<p>Recevez chaque jour les infos qui comptent pour vous.<\/p>\n<p>\t<a href=\"https:\/\/actu.fr\/newsletter\" class=\"ac-btn ac-btn--corner ac-btn--medium ac-btn--blue800\" target=\"_blank\" rel=\"noopener\">S&rsquo;incrire<\/a><\/p>\n<p class=\" wall-content\">Les membres du Sicaper constatent en tout cas qu\u2019une seule commune ext\u00e9rieure au syndicat a sollicit\u00e9 des cr\u00e9neaux pour ses scolaires. Et ils pr\u00e9viennent que ce qui a pu \u00eatre accord\u00e9 cette ann\u00e9e, \u00ab ne constitue en rien une garantie pour les ann\u00e9es futures, les priorit\u00e9s devant naturellement rester celles des communes adh\u00e9rentes \u00bb.<\/p>\n<p class=\" wall-content\">Toujours sans le nommer, les \u00e9lus du Sicaper regrettent que Laurent Grelaud, puisque c\u2019est bien de lui dont il s\u2019agit, n\u2019ait jamais r\u00e9pondu favorablement \u00e0 leur demande de rejoindre le projet. \u00ab \u00c0 de nombreuses reprises, nous l\u2019avons sollicit\u00e9 pour qu\u2019il nous rejoigne dans ce projet et partage avec nous certes les risques, mais \u00e9galement les b\u00e9n\u00e9fices pour sa population, mais jamais il ne nous a r\u00e9pondu favorablement. \u00bb<\/p>\n<p>Un choix \u00ab opportuniste \u00bb ?<\/p>\n<p class=\" wall-content\">Et ils en arrivent \u00e0 ce constat, difficile \u00e0 accepter pour eux, du choix qu\u2019ils qualifient d\u2019\u00ab opportuniste \u00bb, du maire de Bonsecours, \u00ab de rembourser \u00e0 ses habitants le surco\u00fbt li\u00e9 au fait qu\u2019ils ne r\u00e9sident pas dans l\u2019une des communes adh\u00e9rentes. Cette d\u00e9cision nous semble tout \u00e0 fait discutable et ne s\u2019inscrit pas selon nous dans un cadre respectueux de l\u2019int\u00e9r\u00eat g\u00e9n\u00e9ral et de la vision d\u2019avenir que m\u00e9rite notre territoire \u00bb.<\/p>\n<p>Main tendue\u2026 une nouvelle fois<\/p>\n<p class=\" wall-content\">Pour conclure leur intervention, les \u00e9lus du Sicaper \u00ab tendent une nouvelle fois la main \u00bb, au maire de Bonsecours et invitent \u00ab tous les habitants \u00e0 manifester aupr\u00e8s de lui leur volont\u00e9 de rejoindre le syndicat intercommunal du centre aquatique \u00bb, estimant que \u00ab l\u2019exercice du pouvoir n\u2019exclut pas l\u2019\u00e9coute, la concertation, l\u2019esprit de solidarit\u00e9, l\u2019intercommunalit\u00e9, le respect des r\u00e8gles et des autres, indispensables \u00e0 l\u2019aboutissement de projets ne pouvant plus \u00eatre port\u00e9s seuls aujourd\u2019hui \u00bb.<\/p>\n<blockquote class=\"ac-article-quote wall-content\">\n<p>Les enfants de Bonsecours iront \u00e0 Belbeuf en payant un cr\u00e9neau 30\u00a0euros plus cher que les autres. Et nous assumons encore ce choix qui permet de faire tourner la piscine. D\u2019ailleurs, d\u2019autres cr\u00e9neaux sont encore libres. Nous aurions m\u00eame pu envoyer nos petits des \u00e9coles maternelles.<\/p>\n<p>Laurent Grelaud<\/p><\/blockquote>\n<p class=\" wall-content\">Laurent Grelaud, qui a \u00e9videmment compris que le SICAPER parlait de lui sans jamais le citer, a r\u00e9torqu\u00e9 avoir toujours assum\u00e9 cette position et annonc\u00e9 les choses d\u00e8s 2020. \u00ab Ils ne sont pas conscients des choses. Ils devraient surtout se poser la question de savoir pourquoi certaines communes adh\u00e9rentes n\u2019enverront pas leurs \u00e9coliers \u00e0 la piscine, car ils ne veulent pas ou ne peuvent pas payer le transport \u00bb, a argument\u00e9 le maire de Bonsecours, ajoutant que \u00ab les enfants de Bonsecours iront \u00e0 Belbeuf en payant un cr\u00e9neau 30\u00a0euros plus cher que les autres. Et nous assumons encore ce choix qui permet de faire tourner la piscine. D\u2019ailleurs, d\u2019autres cr\u00e9neaux sont encore libres. Nous aurions m\u00eame pu envoyer nos petits des \u00e9coles maternelles \u00bb, conclut, non sans ironie, Laurent Grelaud.<\/p>\n<p>*Amfreville-la-mi-Voie. Belbeuf. Boos. Franqueville-Saint-Pierre. Le Mesnil-Esnard. Mesnil-Raoul. Montmain.\u00a0 Qu\u00e9vreville-la-Poterie. Saint-Aubin-Celloville. Ymare.\u00a0<\/p>\n<p>Suivez l\u2019actualit\u00e9 de Rouen <a href=\"https:\/\/www.whatsapp.com\/channel\/0029VaKfnf99hXF2ddApFB1D\" target=\"_blank\" rel=\"noopener\">sur notre cha\u00eene WhatsApp<\/a> et <a href=\"https:\/\/www.tiktok.com\/@76actu.fr?lang=fr\" target=\"_blank\" rel=\"noopener\">sur notre compte TikTok<\/a><\/p>\n<p class=\" wall-content\">Personnalisez votre actualit\u00e9 en ajoutant vos villes et m\u00e9dias en favori avec <a href=\"https:\/\/moncompte.actu.fr\" title=\"D\u00e9couvez Mon Actu\" rel=\"nofollow noopener\" data-trk=\"{&quot;cta&quot;:{&quot;action&quot;:&quot;https:\\\/\\\/moncompte.actu.fr&quot;,&quot;category&quot;:&quot;mon compte&quot;,&quot;from&quot;:&quot;article footer&quot;,&quot;name&quot;:&quot;Mon actu&quot;,&quot;type&quot;:&quot;cta&quot;}}\" target=\"_blank\">Mon Actu<\/a>.<\/p>\n<p>                    <script async src=\"\/\/www.tiktok.com\/embed.js\"><\/script><\/p>\n","protected":false},"excerpt":{"rendered":"Par R\u00e9daction Normandie Publi\u00e9 le 18 oct. 2025 \u00e0 17h28 Cela n\u2019en finira donc jamais ! Lors de&hellip;\n","protected":false},"author":2,"featured_media":472869,"comment_status":"","ping_status":"","sticky":false,"template":"","format":"standard","meta":{"footnotes":""},"categories":[9587],"tags":[1111,11,1777,674,1011,27,1652,12,5161,31081,25,9590],"class_list":{"0":"post-472868","1":"post","2":"type-post","3":"status-publish","4":"format-standard","5":"has-post-thumbnail","7":"category-rouen","8":"tag-actu","9":"tag-actualites","10":"tag-eu","11":"tag-europe","12":"tag-fr","13":"tag-france","14":"tag-loisirs-culture","15":"tag-news","16":"tag-normandie","17":"tag-plateau-est-rouen","18":"tag-republique-francaise","19":"tag-rouen"},"share_on_mastodon":{"url":"https:\/\/pubeurope.com\/@fr\/115396116746657462","error":""},"_links":{"self":[{"href":"https:\/\/www.europesays.com\/fr\/wp-json\/wp\/v2\/posts\/472868","targetHints":{"allow":["GET"]}}],"collection":[{"href":"https:\/\/www.europesays.com\/fr\/wp-json\/wp\/v2\/posts"}],"about":[{"href":"https:\/\/www.europesays.com\/fr\/wp-json\/wp\/v2\/types\/post"}],"author":[{"embeddable":true,"href":"https:\/\/www.europesays.com\/fr\/wp-json\/wp\/v2\/users\/2"}],"replies":[{"embeddable":true,"href":"https:\/\/www.europesays.com\/fr\/wp-json\/wp\/v2\/comments?post=472868"}],"version-history":[{"count":0,"href":"https:\/\/www.europesays.com\/fr\/wp-json\/wp\/v2\/posts\/472868\/revisions"}],"wp:featuredmedia":[{"embeddable":true,"href":"https:\/\/www.europesays.com\/fr\/wp-json\/wp\/v2\/media\/472869"}],"wp:attachment":[{"href":"https:\/\/www.europesays.com\/fr\/wp-json\/wp\/v2\/media?parent=472868"}],"wp:term":[{"taxonomy":"category","embeddable":true,"href":"https:\/\/www.europesays.com\/fr\/wp-json\/wp\/v2\/categories?post=472868"},{"taxonomy":"post_tag","embeddable":true,"href":"https:\/\/www.europesays.com\/fr\/wp-json\/wp\/v2\/tags?post=472868"}],"curies":[{"name":"wp","href":"https:\/\/api.w.org\/{rel}","templated":true}]}}