{"id":47287,"date":"2025-04-23T18:58:12","date_gmt":"2025-04-23T18:58:12","guid":{"rendered":"https:\/\/www.europesays.com\/fr\/47287\/"},"modified":"2025-04-23T18:58:12","modified_gmt":"2025-04-23T18:58:12","slug":"laccuse-a-fait-appel-liberation","status":"publish","type":"post","link":"https:\/\/www.europesays.com\/fr\/47287\/","title":{"rendered":"l\u2019accus\u00e9 a fait appel \u2013 Lib\u00e9ration"},"content":{"rendered":"<p class=\"sc-ksZaOG ehjQrN text-element\">Mohamed Medjdoub, un Alg\u00e9rien de 30\u00a0ans <a href=\"https:\/\/www.liberation.fr\/france\/2019\/05\/30\/lyon-le-suspect-reconnait-avoir-fait-allegeance-a-l-etat-islamique_1730620\/\" target=\"_blank\" rel=\"noopener\" title=\"https:\/\/www.liberation.fr\/france\/2019\/05\/30\/lyon-le-suspect-reconnait-avoir-fait-allegeance-a-l-etat-islamique_1730620\/\">sympathisant du groupe Etat islamique<\/a>, a fait appel de <a href=\"https:\/\/www.liberation.fr\/societe\/police-justice\/attentat-a-la-bombe-a-lyon-le-mis-en-cause-condamne-a-la-perpetuite-six-ans-apres-les-faits-20250407_DE2FQHXB2VG33NOQEQZTKHZNV4\/\" target=\"_blank\" rel=\"noopener\" title=\"https:\/\/www.liberation.fr\/societe\/police-justice\/attentat-a-la-bombe-a-lyon-le-mis-en-cause-condamne-a-la-perpetuite-six-ans-apres-les-faits-20250407_DE2FQHXB2VG33NOQEQZTKHZNV4\/\">sa condamnation \u00e0 la perp\u00e9tuit\u00e9<\/a> pour un attentat \u00e0 la bombe \u00e0 Lyon en\u00a02019 qui avait fait une quinzaine de bless\u00e9s, a-t-on appris mercredi de source judiciaire, confirmant une information du Progr\u00e8s.<\/p>\n<p class=\"sc-ksZaOG ehjQrN text-element\">A l\u2019issue d\u2019une semaine de proc\u00e8s devant les assises sp\u00e9ciales de Paris, il a \u00e9t\u00e9 condamn\u00e9 le 7\u00a0avril pour tentative d\u2019assassinats en relation avec une entreprise terroriste, \u00e0 une peine de r\u00e9clusion criminelle \u00e0 perp\u00e9tuit\u00e9 assortie d\u2019une p\u00e9riode de s\u00fbret\u00e9 de 22\u00a0ans.<\/p>\n<p class=\"sc-ksZaOG ehjQrN text-element\">Avant l\u2019annonce du verdict, Mohamed Medjdoub avait revendiqu\u00e9 son acte, affirmant ne rien regretter et affichant son \u00abm\u00e9pris\u00bb pour \u00ables apprentis crois\u00e9s\u00bb. D\u00e9crit par les experts comme \u00abnarcissique\u00bb et \u00abdangereux\u00bb, le jeune homme, ex-\u00e9tudiant en informatique, avait choisi de se taire tout au long de son proc\u00e8s \u00e0 l\u2019exception du dernier jour.<\/p>\n<p class=\"sc-ksZaOG ehjQrN text-element\">Au cours du proc\u00e8s, Mohamed Medjdoub ne s\u2019est jamais lev\u00e9 de son banc, comme il est d\u2019usage \u00e0 chaque reprise d\u2019audience et a ignor\u00e9 les magistrats ou les victimes, mais aussi les membres de sa famille, dont ses parents venus d\u00e9poser \u00e0 la barre.<\/p>\n<p class=\"sc-ksZaOG ehjQrN text-element\">Le 24\u00a0mai 2019, deux jours avant les \u00e9lections europ\u00e9ennes, le jeune homme radicalis\u00e9, sympathisant de l\u2019EI, avait d\u00e9pos\u00e9 <a href=\"https:\/\/www.liberation.fr\/france\/2019\/05\/27\/colis-piege-a-lyon-fin-de-traque-pour-le-suspect-qui-reste-muet_1730029\/\" target=\"_blank\" rel=\"noopener\" title=\"https:\/\/www.liberation.fr\/france\/2019\/05\/27\/colis-piege-a-lyon-fin-de-traque-pour-le-suspect-qui-reste-muet_1730029\/\">une bombe fabriqu\u00e9e par ses soins<\/a> devant une boulangerie dans une rue pi\u00e9tonne de Lyon. L\u2019explosion a fait une quinzaine de bless\u00e9s, dont une fillette de 10\u00a0ans. La bombe, emball\u00e9e dans un sac en papier kraft, \u00e9tait compos\u00e9e de TATP, un explosif artisanal, enferm\u00e9 dans un tube de chips avec plus de 270 projectiles m\u00e9talliques.<\/p>\n","protected":false},"excerpt":{"rendered":"Mohamed Medjdoub, un Alg\u00e9rien de 30\u00a0ans sympathisant du groupe Etat islamique, a fait appel de sa condamnation \u00e0&hellip;\n","protected":false},"author":2,"featured_media":47288,"comment_status":"","ping_status":"","sticky":false,"template":"","format":"standard","meta":{"footnotes":""},"categories":[1889],"tags":[1111,11,2430,1777,674,1011,27,2428,12,25,1254],"class_list":{"0":"post-47287","1":"post","2":"type-post","3":"status-publish","4":"format-standard","5":"has-post-thumbnail","7":"category-lyon","8":"tag-actu","9":"tag-actualites","10":"tag-auvergne-rhone-alpes","11":"tag-eu","12":"tag-europe","13":"tag-fr","14":"tag-france","15":"tag-lyon","16":"tag-news","17":"tag-republique-francaise","18":"tag-terrorisme"},"share_on_mastodon":{"url":"https:\/\/pubeurope.com\/@fr\/114388815287976899","error":""},"_links":{"self":[{"href":"https:\/\/www.europesays.com\/fr\/wp-json\/wp\/v2\/posts\/47287","targetHints":{"allow":["GET"]}}],"collection":[{"href":"https:\/\/www.europesays.com\/fr\/wp-json\/wp\/v2\/posts"}],"about":[{"href":"https:\/\/www.europesays.com\/fr\/wp-json\/wp\/v2\/types\/post"}],"author":[{"embeddable":true,"href":"https:\/\/www.europesays.com\/fr\/wp-json\/wp\/v2\/users\/2"}],"replies":[{"embeddable":true,"href":"https:\/\/www.europesays.com\/fr\/wp-json\/wp\/v2\/comments?post=47287"}],"version-history":[{"count":0,"href":"https:\/\/www.europesays.com\/fr\/wp-json\/wp\/v2\/posts\/47287\/revisions"}],"wp:featuredmedia":[{"embeddable":true,"href":"https:\/\/www.europesays.com\/fr\/wp-json\/wp\/v2\/media\/47288"}],"wp:attachment":[{"href":"https:\/\/www.europesays.com\/fr\/wp-json\/wp\/v2\/media?parent=47287"}],"wp:term":[{"taxonomy":"category","embeddable":true,"href":"https:\/\/www.europesays.com\/fr\/wp-json\/wp\/v2\/categories?post=47287"},{"taxonomy":"post_tag","embeddable":true,"href":"https:\/\/www.europesays.com\/fr\/wp-json\/wp\/v2\/tags?post=47287"}],"curies":[{"name":"wp","href":"https:\/\/api.w.org\/{rel}","templated":true}]}}