{"id":472870,"date":"2025-10-18T16:29:17","date_gmt":"2025-10-18T16:29:17","guid":{"rendered":"https:\/\/www.europesays.com\/fr\/472870\/"},"modified":"2025-10-18T16:29:17","modified_gmt":"2025-10-18T16:29:17","slug":"grenoble-hommage-a-nougaro-ce-dimanche","status":"publish","type":"post","link":"https:\/\/www.europesays.com\/fr\/472870\/","title":{"rendered":"Grenoble. Hommage \u00e0 Nougaro ce dimanche"},"content":{"rendered":"<p>Ce dimanche 19\u00a0octobre, \u00e0 17\u00a0heures, dans le cadre des concerts solidaires du Jazz club de Grenoble, le Mich\u00e8le Burkey quartet rendra un hommage \u00e0 Claude Nougaro, le c\u00e9l\u00e8bre Toulousain auteur, compositeur. Avec Mich\u00e8le Burkey au chant, Valery Flodorov au piano, Lilian Palomas \u00e0 la basse et Thomas Burkey aux guitares.<\/p>\n<p class=\"note\">Entr\u00e9e\u00a0: 10 \u00e0 12\u00a0euros. Jazz Club de Grenoble &#8211; Salle Stendhal &#8211; 5, rue Hauquelin.<\/p>\n","protected":false},"excerpt":{"rendered":"Ce dimanche 19\u00a0octobre, \u00e0 17\u00a0heures, dans le cadre des concerts solidaires du Jazz club de Grenoble, le Mich\u00e8le&hellip;\n","protected":false},"author":2,"featured_media":472871,"comment_status":"","ping_status":"","sticky":false,"template":"","format":"standard","meta":{"footnotes":""},"categories":[9566],"tags":[1111,11,2430,1687,112,1777,674,1011,27,2731,2732,873,12,25],"class_list":{"0":"post-472870","1":"post","2":"type-post","3":"status-publish","4":"format-standard","5":"has-post-thumbnail","7":"category-grenoble","8":"tag-actu","9":"tag-actualites","10":"tag-auvergne-rhone-alpes","11":"tag-culture-loisirs","12":"tag-edition-grenoble-agglomeration","13":"tag-eu","14":"tag-europe","15":"tag-fr","16":"tag-france","17":"tag-grenoble","18":"tag-grenoble-bassin","19":"tag-musique","20":"tag-news","21":"tag-republique-francaise"},"share_on_mastodon":{"url":"https:\/\/pubeurope.com\/@fr\/115396120811405159","error":""},"_links":{"self":[{"href":"https:\/\/www.europesays.com\/fr\/wp-json\/wp\/v2\/posts\/472870","targetHints":{"allow":["GET"]}}],"collection":[{"href":"https:\/\/www.europesays.com\/fr\/wp-json\/wp\/v2\/posts"}],"about":[{"href":"https:\/\/www.europesays.com\/fr\/wp-json\/wp\/v2\/types\/post"}],"author":[{"embeddable":true,"href":"https:\/\/www.europesays.com\/fr\/wp-json\/wp\/v2\/users\/2"}],"replies":[{"embeddable":true,"href":"https:\/\/www.europesays.com\/fr\/wp-json\/wp\/v2\/comments?post=472870"}],"version-history":[{"count":0,"href":"https:\/\/www.europesays.com\/fr\/wp-json\/wp\/v2\/posts\/472870\/revisions"}],"wp:featuredmedia":[{"embeddable":true,"href":"https:\/\/www.europesays.com\/fr\/wp-json\/wp\/v2\/media\/472871"}],"wp:attachment":[{"href":"https:\/\/www.europesays.com\/fr\/wp-json\/wp\/v2\/media?parent=472870"}],"wp:term":[{"taxonomy":"category","embeddable":true,"href":"https:\/\/www.europesays.com\/fr\/wp-json\/wp\/v2\/categories?post=472870"},{"taxonomy":"post_tag","embeddable":true,"href":"https:\/\/www.europesays.com\/fr\/wp-json\/wp\/v2\/tags?post=472870"}],"curies":[{"name":"wp","href":"https:\/\/api.w.org\/{rel}","templated":true}]}}