{"id":472878,"date":"2025-10-18T16:33:15","date_gmt":"2025-10-18T16:33:15","guid":{"rendered":"https:\/\/www.europesays.com\/fr\/472878\/"},"modified":"2025-10-18T16:33:15","modified_gmt":"2025-10-18T16:33:15","slug":"darwin-un-chien-aveugle-adopte-puis-ramene-a-la-spa-de-strasbourg-cherche-une-famille","status":"publish","type":"post","link":"https:\/\/www.europesays.com\/fr\/472878\/","title":{"rendered":"Darwin, un chien aveugle adopt\u00e9 puis ramen\u00e9 \u00e0 la SPA de Strasbourg, cherche une famille"},"content":{"rendered":"<p>            Par<br \/>\n        <strong><br \/>\n            <a href=\"https:\/\/actu.fr\/auteur\/amandine-mehl\" title=\"Consulter tous les articles de Amandine Mehl\" target=\"_blank\" rel=\"noopener\">Amandine Mehl<\/a><br \/>\n        <\/strong><\/p>\n<p>        Publi\u00e9 le<\/p>\n<p>            18 oct. 2025 \u00e0 18h02        <\/p>\n<p><strong>Darwin<\/strong>, un <a href=\"https:\/\/actu.fr\/tag\/chien\" target=\"_blank\" rel=\"noopener\">chien<\/a> crois\u00e9 labrador\/terre-neuve, est arriv\u00e9 \u00e0 la <a href=\"https:\/\/actu.fr\/grand-est\/strasbourg_67482\/crise-a-la-spa-de-strasbourg-la-mairie-se-dit-vigilante-mais-refuse-d-intervenir_62975093.html\" target=\"_blank\" rel=\"noopener\">SPA de Strasbourg<\/a> le 19\u00a0novembre 2024. Adopt\u00e9 plusieurs mois plus tard, il a finalement<strong> fait son retour<\/strong> au sein de la structure le 23\u00a0septembre dernier.<\/p>\n<p class=\" wall-content\">Ayant d\u00e9j\u00e0 \u00e9t\u00e9 <strong>abandonn\u00e9 par le pass\u00e9<\/strong>, il s\u2019est en effet retrouv\u00e9 <strong>livr\u00e9 \u00e0 lui-m\u00eame dans la rue sans \u00eatre r\u00e9clam\u00e9<\/strong> par ses anciens propri\u00e9taires, Darwin recherche d\u00e9sormais un <strong>panier retraite<\/strong> o\u00f9 il pourra couler des jours heureux.<\/p>\n<p>Darwin, un chien aveugle qui n\u2019a pas perdu \u00ab\u2009sa gaiet\u00e9 ni son optimisme\u2009\u00bb<\/p>\n<p class=\" wall-content\">Sur sa page Facebook, la SPA de Strasbourg a d\u00e9di\u00e9 une publication \u00e0 cette boule de poils, <strong>st\u00e9rilis\u00e9e<\/strong> et <strong>\u00e2g\u00e9e de 9\u00a0ans<\/strong>.<\/p>\n<p class=\" wall-content\">On y lit que Darwin est <strong>aveugle<\/strong>. Toutefois, \u00ab\u2009cela <strong>ne lui a pas enlev\u00e9 sa gaiet\u00e9 ni son optimisme<\/strong>. C\u2019est un chien <strong>agr\u00e9able<\/strong>,<strong> content de vous voir<\/strong>, <strong>appr\u00e9ciant les promenades<\/strong>, les <strong>c\u00e2lins<\/strong>, les <strong>gratouilles<\/strong> et les <strong>gourmandises<\/strong>\u2009\u00bb, est-il pr\u00e9cis\u00e9.<\/p>\n<p class=\" wall-content\">Capable de se d\u00e9placer librement une fois le sch\u00e9ma de la maison int\u00e9gr\u00e9, il devra en revanche <strong>toujours \u00eatre attach\u00e9 en ext\u00e9rieur<\/strong>. N\u2019ayant <strong>pas appris \u00e0 vivre seul<\/strong>, il aura \u00e9galement<strong> besoin d\u2019un peu de temps<\/strong> au d\u00e9part pour \u00ab\u2009se poser\u2009\u00bb. \u00ab\u2009Une pi\u00e8ce dans laquelle il pourra \u00eatre tranquille en l\u2019absence des propri\u00e9taires serait un plus pour limiter son stress\u2009\u00bb, ajoute la SPA.<\/p>\n<p>Darwin appr\u00e9ciera \u00ab\u2009un mode de vie calme, tranquille, pos\u00e9 et r\u00e9gulier\u2009\u00bb<\/p>\n<p class=\" wall-content\">S\u2019agissant du <strong>profil de ses futurs adoptants<\/strong>, ils devront lui accorder du temps et lui faire d\u00e9couvrir son nouvel environnement. Une<strong> maison de plain-pied et un espace ext\u00e9rieur bien clos<\/strong> sont d\u2019ailleurs les bienvenus. \u00ab\u2009Darwin saura appr\u00e9cier un <strong>mode de vie calme<\/strong>, <strong>tranquille<\/strong>, <strong>pos\u00e9<\/strong> et <strong>r\u00e9gulier<\/strong>. Il est <strong>propre en int\u00e9rieur<\/strong> et <strong>appr\u00e9cie un coussin douillet<\/strong> pour se poser\u2009\u00bb, ajoute la SPA.<\/p>\n<p>Votre r\u00e9gion, votre actu !<\/p>\n<p>Recevez chaque jour les infos qui comptent pour vous.<\/p>\n<p>\t<a href=\"https:\/\/actu.fr\/newsletter\" class=\"ac-btn ac-btn--corner ac-btn--medium ac-btn--blue800\" target=\"_blank\" rel=\"noopener\">S&rsquo;incrire<\/a><\/p>\n<p class=\" wall-content\">S\u2019il <strong>ne s\u2019entend pas avec les chats ni avec les chiens m\u00e2les<\/strong>, il pourra en revanche vivre dans une famille o\u00f9 se trouve d\u00e9j\u00e0 une <strong>femelle st\u00e9rilis\u00e9e.<\/strong><\/p>\n<p>En cas de coup de c\u0153ur, vous pouvez contacter la SPA de Strasbourg au 03\u200988\u200934\u200967\u200967.<\/p>\n<p class=\" wall-content\">Personnalisez votre actualit\u00e9 en ajoutant vos villes et m\u00e9dias en favori avec <a href=\"https:\/\/moncompte.actu.fr\" title=\"D\u00e9couvez Mon Actu\" rel=\"nofollow noopener\" data-trk=\"{&quot;cta&quot;:{&quot;action&quot;:&quot;https:\\\/\\\/moncompte.actu.fr&quot;,&quot;category&quot;:&quot;mon compte&quot;,&quot;from&quot;:&quot;article footer&quot;,&quot;name&quot;:&quot;Mon actu&quot;,&quot;type&quot;:&quot;cta&quot;}}\" target=\"_blank\">Mon Actu<\/a>.<\/p>\n","protected":false},"excerpt":{"rendered":"Par Amandine Mehl Publi\u00e9 le 18 oct. 2025 \u00e0 18h02 Darwin, un chien crois\u00e9 labrador\/terre-neuve, est arriv\u00e9 \u00e0&hellip;\n","protected":false},"author":2,"featured_media":472879,"comment_status":"","ping_status":"","sticky":false,"template":"","format":"standard","meta":{"footnotes":""},"categories":[2820],"tags":[1111,11,1867,4850,1777,674,1011,27,775,12,25,104,640],"class_list":{"0":"post-472878","1":"post","2":"type-post","3":"status-publish","4":"format-standard","5":"has-post-thumbnail","7":"category-strasbourg","8":"tag-actu","9":"tag-actualites","10":"tag-animaux","11":"tag-chien","12":"tag-eu","13":"tag-europe","14":"tag-fr","15":"tag-france","16":"tag-grand-est","17":"tag-news","18":"tag-republique-francaise","19":"tag-societe","20":"tag-strasbourg"},"share_on_mastodon":{"url":"https:\/\/pubeurope.com\/@fr\/115396136432745089","error":""},"_links":{"self":[{"href":"https:\/\/www.europesays.com\/fr\/wp-json\/wp\/v2\/posts\/472878","targetHints":{"allow":["GET"]}}],"collection":[{"href":"https:\/\/www.europesays.com\/fr\/wp-json\/wp\/v2\/posts"}],"about":[{"href":"https:\/\/www.europesays.com\/fr\/wp-json\/wp\/v2\/types\/post"}],"author":[{"embeddable":true,"href":"https:\/\/www.europesays.com\/fr\/wp-json\/wp\/v2\/users\/2"}],"replies":[{"embeddable":true,"href":"https:\/\/www.europesays.com\/fr\/wp-json\/wp\/v2\/comments?post=472878"}],"version-history":[{"count":0,"href":"https:\/\/www.europesays.com\/fr\/wp-json\/wp\/v2\/posts\/472878\/revisions"}],"wp:featuredmedia":[{"embeddable":true,"href":"https:\/\/www.europesays.com\/fr\/wp-json\/wp\/v2\/media\/472879"}],"wp:attachment":[{"href":"https:\/\/www.europesays.com\/fr\/wp-json\/wp\/v2\/media?parent=472878"}],"wp:term":[{"taxonomy":"category","embeddable":true,"href":"https:\/\/www.europesays.com\/fr\/wp-json\/wp\/v2\/categories?post=472878"},{"taxonomy":"post_tag","embeddable":true,"href":"https:\/\/www.europesays.com\/fr\/wp-json\/wp\/v2\/tags?post=472878"}],"curies":[{"name":"wp","href":"https:\/\/api.w.org\/{rel}","templated":true}]}}