{"id":472910,"date":"2025-10-18T16:54:10","date_gmt":"2025-10-18T16:54:10","guid":{"rendered":"https:\/\/www.europesays.com\/fr\/472910\/"},"modified":"2025-10-18T16:54:10","modified_gmt":"2025-10-18T16:54:10","slug":"jai-failli-perdre-la-vie","status":"publish","type":"post","link":"https:\/\/www.europesays.com\/fr\/472910\/","title":{"rendered":"j&rsquo;ai failli perdre la vie"},"content":{"rendered":"<p>            Par<br \/>\n        <strong><br \/>\n            <a href=\"https:\/\/actu.fr\/auteur\/thomas-martin\" title=\"Consulter tous les articles de Thomas Martin\" target=\"_blank\" rel=\"noopener\">Thomas Martin<\/a><br \/>\n        <\/strong><\/p>\n<p>        Publi\u00e9 le<\/p>\n<p>            18 oct. 2025 \u00e0 17h52        <\/p>\n<p>Elle a d\u00e9j\u00e0 \u00e9t\u00e9 vue pr\u00e8s de 700 000 mille fois sur X ce samedi 18 octobre. Une vid\u00e9o montrant une voiture de <a href=\"https:\/\/actu.fr\/tag\/police\" target=\"_blank\" rel=\"noopener\">police<\/a> <strong>percutant un motard \u00e0 vive allure<\/strong> avant de poursuivre son chemin est largement partag\u00e9e et comment\u00e9e sur les r\u00e9seaux sociaux. Le motard concern\u00e9 explique que les faits se sont produits \u00e0 la sortie de Paris, sur l\u2019autoroute.\u00a0<\/p>\n<p class=\" wall-content\">\n<p>\u00ab\u00a0J\u2019ai failli perdre la vie \u00e0 cause de l\u2019\u00e9go d\u2019un policier\u00a0\u00bb<\/p>\n<p class=\" wall-content\">D\u2019apr\u00e8s le motard, tout aurait commenc\u00e9 quai de Bercy, dans le 12e arrondissement. Un bouchon aurait emp\u00each\u00e9 la voiture de police d\u2019avancer. Lui, \u00e0 deux roues, se serait faufil\u00e9 et serait pass\u00e9 devant le v\u00e9hicule des forces de l\u2019ordre.\u00a0<\/p>\n<p class=\" wall-content\">C\u2019est apr\u00e8s que les choses auraient mal tourn\u00e9. \u00ab\u00a0Sur autoroute \u00e7a roule, ils reviennent derri\u00e8re moi, toujours en giro, je me d\u00e9cale sur la voie du milieu pour les laisser passer, ils viennent me percuter \u00e0 100k km\/h sur l\u2019autoroute, explique-t-il. A deux doigts de tomber et de me faire rouler dessus par une voiture\u00a0\u00bb. On voit effectivement le motard faire un \u00e9cart et \u00e9chapper de peu \u00e0 la chute tandis que la voiture de police poursuit son chemin.\u00a0<\/p>\n<p class=\" wall-content\">\u00ab\u00a0J\u2019ai failli perdre la vie \u00e0 cause de l\u2019\u00e9go d\u2019un policier qui se prend pour un cow-boy avec l\u2019uniforme de la police nationale et qui n\u2019a pas support\u00e9 que je le d\u00e9passe\u00a0\u00bb, temp\u00eate le motard qui a annonc\u00e9 son intention de porter plainte.\u00a0<\/p>\n<p class=\" wall-content\">Contact\u00e9e par actu Paris, la <a href=\"https:\/\/actu.fr\/tag\/prefecture-de-police-de-paris\" target=\"_blank\" rel=\"noopener\">pr\u00e9fecture de police<\/a> indique avoir pris connaissance de cette vid\u00e9o : \u00ab\u00a0des v\u00e9rifications sont en cours pour identifier le service d\u2019appartenance de cet \u00e9quipage de police et une enqu\u00eate est lanc\u00e9e\u00a0\u00bb.\u00a0<\/p>\n<p class=\" wall-content\">Personnalisez votre actualit\u00e9 en ajoutant vos villes et m\u00e9dias en favori avec <a href=\"https:\/\/moncompte.actu.fr\" title=\"D\u00e9couvez Mon Actu\" rel=\"nofollow noopener\" data-trk=\"{&quot;cta&quot;:{&quot;action&quot;:&quot;https:\\\/\\\/moncompte.actu.fr&quot;,&quot;category&quot;:&quot;mon compte&quot;,&quot;from&quot;:&quot;article footer&quot;,&quot;name&quot;:&quot;Mon actu&quot;,&quot;type&quot;:&quot;cta&quot;}}\" target=\"_blank\">Mon Actu<\/a>.<\/p>\n","protected":false},"excerpt":{"rendered":"Par Thomas Martin Publi\u00e9 le 18 oct. 2025 \u00e0 17h52 Elle a d\u00e9j\u00e0 \u00e9t\u00e9 vue pr\u00e8s de 700&hellip;\n","protected":false},"author":2,"featured_media":472911,"comment_status":"","ping_status":"","sticky":false,"template":"","format":"standard","meta":{"footnotes":""},"categories":[1888],"tags":[11,16459,1777,674,118,1011,27,12,626,1072,25,7374],"class_list":{"0":"post-472910","1":"post","2":"type-post","3":"status-publish","4":"format-standard","5":"has-post-thumbnail","7":"category-paris","8":"tag-actualites","9":"tag-autoroute-4-a4","10":"tag-eu","11":"tag-europe","12":"tag-faits-divers","13":"tag-fr","14":"tag-france","15":"tag-news","16":"tag-paris","17":"tag-police","18":"tag-republique-francaise","19":"tag-violences-policieres"},"share_on_mastodon":{"url":"https:\/\/pubeurope.com\/@fr\/115396218997417327","error":""},"_links":{"self":[{"href":"https:\/\/www.europesays.com\/fr\/wp-json\/wp\/v2\/posts\/472910","targetHints":{"allow":["GET"]}}],"collection":[{"href":"https:\/\/www.europesays.com\/fr\/wp-json\/wp\/v2\/posts"}],"about":[{"href":"https:\/\/www.europesays.com\/fr\/wp-json\/wp\/v2\/types\/post"}],"author":[{"embeddable":true,"href":"https:\/\/www.europesays.com\/fr\/wp-json\/wp\/v2\/users\/2"}],"replies":[{"embeddable":true,"href":"https:\/\/www.europesays.com\/fr\/wp-json\/wp\/v2\/comments?post=472910"}],"version-history":[{"count":0,"href":"https:\/\/www.europesays.com\/fr\/wp-json\/wp\/v2\/posts\/472910\/revisions"}],"wp:featuredmedia":[{"embeddable":true,"href":"https:\/\/www.europesays.com\/fr\/wp-json\/wp\/v2\/media\/472911"}],"wp:attachment":[{"href":"https:\/\/www.europesays.com\/fr\/wp-json\/wp\/v2\/media?parent=472910"}],"wp:term":[{"taxonomy":"category","embeddable":true,"href":"https:\/\/www.europesays.com\/fr\/wp-json\/wp\/v2\/categories?post=472910"},{"taxonomy":"post_tag","embeddable":true,"href":"https:\/\/www.europesays.com\/fr\/wp-json\/wp\/v2\/tags?post=472910"}],"curies":[{"name":"wp","href":"https:\/\/api.w.org\/{rel}","templated":true}]}}