{"id":472916,"date":"2025-10-18T16:57:13","date_gmt":"2025-10-18T16:57:13","guid":{"rendered":"https:\/\/www.europesays.com\/fr\/472916\/"},"modified":"2025-10-18T16:57:13","modified_gmt":"2025-10-18T16:57:13","slug":"trump-juge-interessante-lidee-dun-tunnel-reliant-la-russie-a-lalaska-liberation","status":"publish","type":"post","link":"https:\/\/www.europesays.com\/fr\/472916\/","title":{"rendered":"Trump juge \u00abint\u00e9ressante\u00bb l\u2019id\u00e9e d\u2019un tunnel reliant la Russie \u00e0 l\u2019Alaska \u2013 Lib\u00e9ration"},"content":{"rendered":"<p class=\"sc-cPiKLX AiZTS text-element\">Il lui a mis un tunnel. Donald Trump a \u00e9voqu\u00e9 vendredi 17 octobre <a href=\"https:\/\/www.liberation.fr\/international\/amerique\/face-a-volodymyr-zelensky-un-donald-trump-de-nouveau-amadoue-par-vladimir-poutine-20251017_RGSJRDXFVBCQ7GS3VZW77FD6AA\/\" target=\"_blank\" rel=\"noreferrer noopener\" title=\"https:\/\/www.liberation.fr\/international\/amerique\/face-a-volodymyr-zelensky-un-donald-trump-de-nouveau-amadoue-par-vladimir-poutine-20251017_RGSJRDXFVBCQ7GS3VZW77FD6AA\/\">avec son homologue ukrainien Volodymyr Zelensky<\/a> la construction d\u2019un tunnel sous-marin reliant la Russie \u00e0 l\u2019Alaska. Cette id\u00e9e farfelue, sugg\u00e9r\u00e9e la veille par un haut responsable russe au multimilliardaire Elon Musk, venait tout juste d\u2019arriver aux oreilles du pr\u00e9sident am\u00e9ricain via la question d\u2019un journaliste. Trump l\u2019a jug\u00e9e \u00abint\u00e9ressante\u00bb, mais a ajout\u00e9 qu\u2019il allait \u00abdevoir y r\u00e9fl\u00e9chir\u00bb. <\/p>\n<p class=\"sc-cPiKLX AiZTS text-element\">\u00abVous aimez cette id\u00e9e ?\u00bb a-t-il demand\u00e9 au chef d\u2019Etat ukrainien Zelenky, qu\u2019il recevait pour un d\u00e9jeuner de travail. \u00abJe n\u2019en suis pas ravi\u00bb, a lanc\u00e9 ce dernier, venu demander au pr\u00e9sident am\u00e9ricain des missiles longue port\u00e9e Tomahawks, un espoir douch\u00e9 par <a href=\"https:\/\/www.liberation.fr\/international\/amerique\/appel-trump-poutine-de-grands-progres-ont-ete-faits-assure-le-president-americain-20251016_Y3YOY2HSDFAVZLCD5YADG5HEZI\/\" target=\"_blank\" rel=\"noreferrer noopener\" title=\"https:\/\/www.liberation.fr\/international\/amerique\/appel-trump-poutine-de-grands-progres-ont-ete-faits-assure-le-president-americain-20251016_Y3YOY2HSDFAVZLCD5YADG5HEZI\/\">le nouveau rapprochement entre Vladimir Poutine et Donald Trump<\/a>, jeudi. La r\u00e9ponse de Zelensky, d\u00e9contenanc\u00e9, a fait rire Donald Trump. <\/p>\n<p class=\"sc-cPiKLX AiZTS text-element\">Jeudi, Kirill Dmitriev, l\u2019\u00e9missaire du pr\u00e9sident russe Vladimir Poutine charg\u00e9 des questions \u00e9conomiques \u00e0 l\u2019international, a \u00e9voqu\u00e9 sur le r\u00e9seau X un projet de \u00abpont de la paix\u00bb remontant \u00e0 la Guerre froide entre l\u2019Alaska et la Russie. <\/p>\n<p class=\"sc-cPiKLX AiZTS text-element\">Pour que son id\u00e9e ne tombe pas dans l\u2019oreille d\u2019un sourd, Dmitriev a pris soin d\u2019en appeler directement aux int\u00e9r\u00eats \u00e9conomiques d\u2019Elon Musk, en \u00e9voquant une possible implication de la <a href=\"https:\/\/www.liberation.fr\/france\/2018\/04\/17\/les-suites-en-avant-d-elon-musk_1644068\/\" target=\"_blank\" rel=\"noreferrer noopener\" title=\"https:\/\/www.liberation.fr\/france\/2018\/04\/17\/les-suites-en-avant-d-elon-musk_1644068\/\">Boring Company<\/a>, une entreprise du patron de Tesla et SpaceX qui entend r\u00e9volutionner les transports urbains avec des tunnels. <\/p>\n<p class=\"sc-cPiKLX AiZTS text-element\">\u00abAvec la technologie moderne de Boring Company, cela peut devenir un tunnel Poutine-Trump\u00bb sous le d\u00e9troit de B\u00e9ring, a-t-il \u00e9crit, sch\u00e9mas \u00e0 l\u2019appui, sur la plateforme appartenant par ailleurs elle aussi \u00e0 l\u2019homme le plus riche du monde. Kirill Dmitriev, qui dirige le fonds souverain russe, a explicitement invit\u00e9 Elon Musk \u00e0 construire cette infrastructure d\u2019une centaine de kilom\u00e8tres \u2013 dont il estime le co\u00fbt \u00e0 8 milliards de dollars \u2013, en tant que \u00absymbole d\u2019unit\u00e9\u00bb entre les deux pays. <\/p>\n<p class=\"sc-cPiKLX AiZTS text-element\">Elon Musk n\u2019a pour l\u2019heure pas r\u00e9agi \u00e0 la proposition russe. L\u2019homme d\u2019affaires avait tr\u00e8s g\u00e9n\u00e9reusement financ\u00e9 la campagne de Donald Trump en 2024. Une fois l\u2019\u00e9lection remport\u00e9e, le r\u00e9publicain lui a donn\u00e9 pour mission de mener de grandes coupes dans le budget de l\u2019Etat f\u00e9d\u00e9ral, ce qu\u2019il a tent\u00e9 de faire <a href=\"https:\/\/www.liberation.fr\/international\/amerique\/a-washington-elon-musk-et-son-doge-se-livrent-a-une-casse-sans-precedent-20250204_ELNBN5VGCNCFTGFJMCMH372QOM\/\" target=\"_blank\" rel=\"noreferrer noopener\" title=\"https:\/\/www.liberation.fr\/international\/amerique\/a-washington-elon-musk-et-son-doge-se-livrent-a-une-casse-sans-precedent-20250204_ELNBN5VGCNCFTGFJMCMH372QOM\/\">avec une commission d\u00e9di\u00e9e nomm\u00e9e Doge<\/a>. <\/p>\n<p class=\"sc-cPiKLX AiZTS text-element\">Les deux hommes ont \u00e9t\u00e9 tr\u00e8s proches jusqu\u2019\u00e0 ce qu\u2019Elon Musk <a href=\"https:\/\/www.liberation.fr\/international\/amerique\/elon-musk-se-dit-decu-par-donald-trump-et-quitte-officiellement-son-poste-au-doge-20250529_L6I6XL5ATRB3BMPQACYH6ZIG4E\/\" target=\"_blank\" rel=\"noreferrer noopener\" title=\"https:\/\/www.liberation.fr\/international\/amerique\/elon-musk-se-dit-decu-par-donald-trump-et-quitte-officiellement-son-poste-au-doge-20250529_L6I6XL5ATRB3BMPQACYH6ZIG4E\/\">ne quitte fin mai sa mission aupr\u00e8s du gouvernement<\/a>. Mais ils <a href=\"https:\/\/www.liberation.fr\/international\/amerique\/donald-trump-tres-decu-des-critiques-delon-musk-sans-moi-il-aurait-perdu-lelection-replique-le-patron-de-tesla-20250605_A6B7E2UVUFCNRHELVXYQLRDWKY\/\" target=\"_blank\" rel=\"noreferrer noopener\" title=\"https:\/\/www.liberation.fr\/international\/amerique\/donald-trump-tres-decu-des-critiques-delon-musk-sans-moi-il-aurait-perdu-lelection-replique-le-patron-de-tesla-20250605_A6B7E2UVUFCNRHELVXYQLRDWKY\/\">se sont d\u00e9chir\u00e9s publiquement<\/a> d\u00e9but juin dans des registres tant professionnels que personnels, l\u2019homme d\u2019affaires attaquant de mani\u00e8re virulente les choix budg\u00e9taires de Donald Trump. <\/p>\n<p class=\"sc-cPiKLX AiZTS text-element\">Elon Musk et Donald Trump sont toutefois apparus c\u00f4te \u00e0 c\u00f4te le 21 septembre pendant une c\u00e9r\u00e9monie d\u2019hommage \u00e0 l\u2019influenceur ultraconservateur Charlie Kirk, assassin\u00e9 une dizaine de jours plus t\u00f4t.<\/p>\n","protected":false},"excerpt":{"rendered":"Il lui a mis un tunnel. Donald Trump a \u00e9voqu\u00e9 vendredi 17 octobre avec son homologue ukrainien Volodymyr&hellip;\n","protected":false},"author":2,"featured_media":472917,"comment_status":"","ping_status":"","sticky":false,"template":"","format":"standard","meta":{"footnotes":""},"categories":[1590],"tags":[11,75,46,73,1777,674,12,132,220,297,135,134],"class_list":{"0":"post-472916","1":"post","2":"type-post","3":"status-publish","4":"format-standard","5":"has-post-thumbnail","7":"category-ukraine","8":"tag-actualites","9":"tag-donald-trump","10":"tag-elon-musk","11":"tag-etats-unis","12":"tag-eu","13":"tag-europe","14":"tag-news","15":"tag-russie","16":"tag-ukraine","17":"tag-ukraine-la-crise","18":"tag-vladimir-poutine","19":"tag-volodymyr-zelensky"},"share_on_mastodon":{"url":"https:\/\/pubeurope.com\/@fr\/115396230773980005","error":""},"_links":{"self":[{"href":"https:\/\/www.europesays.com\/fr\/wp-json\/wp\/v2\/posts\/472916","targetHints":{"allow":["GET"]}}],"collection":[{"href":"https:\/\/www.europesays.com\/fr\/wp-json\/wp\/v2\/posts"}],"about":[{"href":"https:\/\/www.europesays.com\/fr\/wp-json\/wp\/v2\/types\/post"}],"author":[{"embeddable":true,"href":"https:\/\/www.europesays.com\/fr\/wp-json\/wp\/v2\/users\/2"}],"replies":[{"embeddable":true,"href":"https:\/\/www.europesays.com\/fr\/wp-json\/wp\/v2\/comments?post=472916"}],"version-history":[{"count":0,"href":"https:\/\/www.europesays.com\/fr\/wp-json\/wp\/v2\/posts\/472916\/revisions"}],"wp:featuredmedia":[{"embeddable":true,"href":"https:\/\/www.europesays.com\/fr\/wp-json\/wp\/v2\/media\/472917"}],"wp:attachment":[{"href":"https:\/\/www.europesays.com\/fr\/wp-json\/wp\/v2\/media?parent=472916"}],"wp:term":[{"taxonomy":"category","embeddable":true,"href":"https:\/\/www.europesays.com\/fr\/wp-json\/wp\/v2\/categories?post=472916"},{"taxonomy":"post_tag","embeddable":true,"href":"https:\/\/www.europesays.com\/fr\/wp-json\/wp\/v2\/tags?post=472916"}],"curies":[{"name":"wp","href":"https:\/\/api.w.org\/{rel}","templated":true}]}}