{"id":472920,"date":"2025-10-18T16:59:10","date_gmt":"2025-10-18T16:59:10","guid":{"rendered":"https:\/\/www.europesays.com\/fr\/472920\/"},"modified":"2025-10-18T16:59:10","modified_gmt":"2025-10-18T16:59:10","slug":"un-scandale-de-trop-oblige-la-monarchie-britannique-a-ecarter-le-prince-andrew","status":"publish","type":"post","link":"https:\/\/www.europesays.com\/fr\/472920\/","title":{"rendered":"Un scandale de trop oblige la monarchie britannique \u00e0 \u00e9carter le prince Andrew"},"content":{"rendered":"<p>Apr\u00e8s la diffusion cette semaine de courriels r\u00e9v\u00e9lant que le prince Andrew \u00e9tait rest\u00e9 en contact avec Jeffrey Epstein, condamn\u00e9 pour agression sexuelle, plus longtemps qu\u2019il l\u2019avait admis, la maison Windsor a finalement d\u00e9cid\u00e9 de prot\u00e9ger la monarchie des ann\u00e9es de manchettes sordides concernant les amis douteux et les transactions commerciales suspectes d\u2019Andrew.<\/p>\n<p>Le palais de Buckingham a publi\u00e9 vendredi une d\u00e9claration d\u2019Andrew affirmant qu\u2019il avait accept\u00e9 de renoncer \u00e0 l\u2019usage de ses derniers titres royaux afin que les all\u00e9gations persistantes \u00e0 son encontre \u00abne d\u00e9tournent pas l\u2019attention du travail de Sa Majest\u00e9\u00bb.<\/p>\n<p>Les r\u00e9v\u00e9lations de cette semaine ont d\u00e9montr\u00e9 qu\u2019Andrew avait commis la faute impardonnable d\u2019induire en erreur le public britannique, a d\u00e9clar\u00e9 Craig Prescott, expert en monarchie et en droit constitutionnel \u00e0 l\u2019universit\u00e9 Royal Holloway de Londres.<\/p>\n<p>\u00abDire quelque chose qui se r\u00e9v\u00e8le faux, je pense, est la goutte d\u2019eau qui a fait d\u00e9border le vase\u00bb, a-t-il d\u00e9clar\u00e9.<\/p>\n<p>Cette d\u00e9cision survient alors que le roi Charles, \u00e2g\u00e9 de 76\u00a0ans et trait\u00e9 pour un cancer non r\u00e9v\u00e9l\u00e9, \u0153uvre \u00e0 assurer la stabilit\u00e9 \u00e0 long terme de la monarchie sous la direction de son fils et h\u00e9ritier, le prince William.<\/p>\n<p>William a r\u00e9cemment accord\u00e9 une entrevue dans laquelle il a expos\u00e9 sa vision de la monarchie, affirmant que l\u2019institution devait \u00e9voluer pour devenir une force positive.<\/p>\n<p>\u00abD\u2019une certaine mani\u00e8re, le prince Andrew a \u00e9t\u00e9 l\u2019exact oppos\u00e9 de cela, a soulign\u00e9 M.\u00a0Prescott. Et il n\u2019y a pas de place pour cela dans la monarchie moderne.\u00bb <\/p>\n<p>Andrew, 65\u00a0ans, est le deuxi\u00e8me fils de la reine \u00c9lisabeth II. Il a pass\u00e9 plus de 20\u00a0ans comme officier dans la Marine royale avant de quitter pour exercer ses fonctions royales en 2001.<\/p>\n<p>Apr\u00e8s l\u2019annonce faite vendredi, Andrew n\u2019utilisera plus ses titres royaux restants, y compris celui de duc d\u2019York, bien qu\u2019il les conserve techniquement. Le d\u00e9choir officiellement de ses titres serait une proc\u00e9dure longue et fastidieuse n\u00e9cessitant une loi du Parlement.<\/p>\n<p><b>Une \u00abvalidation\u00bb des m\u00e9moires de Giuffre<\/b><\/p>\n<p>Le bannissement d\u2019Andrew conclut un processus entam\u00e9 en novembre\u00a02019, lorsqu\u2019il a renonc\u00e9 \u00e0 toutes ses fonctions publiques et \u00e0 ses activit\u00e9s caritatives.<\/p>\n<p>Ce processus a \u00e9t\u00e9 d\u00e9clench\u00e9 par une entrevue d\u00e9sastreuse accord\u00e9e par Andrew \u00e0 la BBC, alors qu\u2019il cherchait \u00e0 contrer les informations des m\u00e9dias sur son amiti\u00e9 avec Epstein et \u00e0 nier les all\u00e9gations selon lesquelles il aurait eu des relations sexuelles avec une jeune fille de 17\u00a0ans, Virginia Giuffre, victime de traite de personnes par Epstein en 2001. Le prince a \u00e9t\u00e9 largement critiqu\u00e9 pour son manque d\u2019empathie envers les victimes d\u2019Epstein et pour ses explications invraisemblables \u00e0 propos de son amiti\u00e9 avec le financier d\u00e9chu.<\/p>\n<p>L\u2019entrevue a \u00e9galement sem\u00e9 les germes du bouleversement de cette semaine, lorsqu\u2019Andrew a affirm\u00e9 \u00e0 la BBC avoir coup\u00e9 les ponts avec Epstein en d\u00e9cembre\u00a02010.<\/p>\n<p>Des journaux britanniques ont r\u00e9v\u00e9l\u00e9 dimanche qu\u2019Andrew avait \u00e9crit un courriel \u00e0 Epstein le 28\u00a0f\u00e9vrier\u00a02011. Andrew avait \u00e9crit ce message apr\u00e8s de nouveaux reportages sur le scandale Epstein, lui disant qu\u2019ils \u00e9taient \u00abtous dans le m\u00eame bateau\u00bb et qu\u2019ils \u00abdevraient surmonter cette \u00e9preuve\u00bb.<\/p>\n<p>Andrew a r\u00e9cemment fait face \u00e0 une nouvelle vague d\u2019histoires sordides, les m\u00e9dias ayant diffus\u00e9 des extraits des m\u00e9moires posthumes de Mme\u00a0Giuffre, qui seront publi\u00e9s mardi. Mme\u00a0Giuffre s\u2019est suicid\u00e9e en avril \u00e0 l\u2019\u00e2ge de 41\u00a0ans.<\/p>\n<p>En 2022, Andrew a conclu un accord \u00e0 l\u2019amiable avec Mme\u00a0Giuffre apr\u00e8s qu\u2019elle a intent\u00e9 une action civile contre lui \u00e0 New York. Bien qu\u2019il n\u2019ait pas admis ses torts, Andrew a reconnu la souffrance de Mme\u00a0Giuffre en tant que victime de trafic sexuel.<\/p>\n<p>Alors qu\u2019Andrew dit continuer de \u00abnier vigoureusement\u00bb les accusations, la famille de Mme\u00a0Giuffre a vu dans l\u2019abandon de ses titres une validation des affirmations de ses m\u00e9moires selon lesquelles le prince agissait comme si le sexe \u00e9tait son droit de naissance.<\/p>\n<p>\u00abNous avons vers\u00e9 beaucoup de larmes de joie et de tristesse aujourd\u2019hui, a d\u00e9clar\u00e9 son fr\u00e8re, Sky Roberts, \u00e0 la BBC. \u00c0 bien des \u00e9gards, cela donne raison \u00e0 Virginia.\u00bb<\/p>\n<p><b>Prot\u00e9ger la monarchie \u00e0 un moment d\u00e9licat<\/b><\/p>\n<p>Le prince a fait l\u2019objet d\u2019articles dans les tablo\u00efds depuis au moins 2007, lorsqu\u2019il a vendu sa maison pr\u00e8s du ch\u00e2teau de Windsor pour 20\u00a0% de plus que le prix demand\u00e9 de 15\u00a0millions de livres. L\u2019acheteur aurait \u00e9t\u00e9 Timour Kouliba\u00efev, gendre de Noursoultan Nazarba\u00efev, alors pr\u00e9sident du Kazakhstan, ce qui a suscit\u00e9 des inqui\u00e9tudes quant \u00e0 une tentative d\u2019achat d\u2019influence au Royaume-Uni.<\/p>\n<p>L\u2019ann\u00e9e derni\u00e8re, une affaire judiciaire a r\u00e9v\u00e9l\u00e9 la relation d\u2019Andrew avec un homme d\u2019affaires, soup\u00e7onn\u00e9 d\u2019espionnage chinois, interdit de s\u00e9jour au Royaume-Uni pour menace \u00e0 la s\u00e9curit\u00e9 nationale. Les autorit\u00e9s craignaient que cet homme ait abus\u00e9 de son influence sur Andrew, selon des documents judiciaires.<\/p>\n<p>Alors que le palais a annonc\u00e9 qu\u2019Andrew avait d\u00e9cid\u00e9 de renoncer \u00e0 ses titres royaux, la commentatrice royale Jennie Bond a d\u00e9clar\u00e9 que le roi et le prince William avaient exerc\u00e9 une \u00ab\u00e9norme pression\u00bb sur lui.<\/p>\n<p>\u00abOn pourrait dire qu\u2019il a renonc\u00e9 \u00e0 ses titres, mais je pense qu\u2019il a \u00e9t\u00e9 pouss\u00e9 \u00e0 le faire, a soutenu Mme\u00a0Bond \u00e0 la BBC. Je ne pense pas que ce soit une d\u00e9cision qu\u2019Andrew, un homme plut\u00f4t arrogant et tr\u00e8s attach\u00e9 \u00e0 son statut, aurait accept\u00e9 de prendre sans trop de pression.\u00bb<\/p>\n<p>Alors que le poids cumul\u00e9 des scandales concernant Andrew exigeait une r\u00e9ponse de la famille royale, les r\u00e9v\u00e9lations de cette semaine surviennent \u00e0 un moment particuli\u00e8rement d\u00e9licat pour le roi, qui se pr\u00e9pare \u00e0 une visite d\u2019\u00c9tat au Vatican, o\u00f9 il devrait prier aux c\u00f4t\u00e9s du pape L\u00e9on XIV.<\/p>\n<p>Cette visite est tr\u00e8s importante pour Charles, qui a fait du rapprochement des religions un \u00e9l\u00e9ment essentiel de son \u00abmantra\u00bb, a fait valoir George Gross, expert en th\u00e9ologie et en monarchie au King\u2019s College de Londres.<\/p>\n<p>\u00abJe pense que c\u2019\u00e9tait le moyen le plus rapide, vraiment le plus rapide, de r\u00e9duire encore davantage son statut sans avoir \u00e0 passer par le Parlement, a expliqu\u00e9 M.\u00a0Gross. M\u00eame si le Parlement avait approuv\u00e9, cela prend du temps.\u00bb<\/p>\n<p>Charles pourrait \u00e9galement avoir \u00e9t\u00e9 motiv\u00e9 par le d\u00e9sir de prot\u00e9ger le travail de la reine Camilla, qui a fait de la lutte contre les violences conjugales l\u2019un de ses principaux dossiers, et de la duchesse d\u2019\u00c9dimbourg, qui s\u2019est employ\u00e9e \u00e0 lutter contre les violences sexuelles dans les zones de guerre comme le Congo.<\/p>\n<p>Le roi esp\u00e8re que cette d\u00e9cision permettra enfin de tracer une ligne claire entre Andrew et le reste de la famille royale, a d\u00e9clar\u00e9 M.\u00a0Prescott.<\/p>\n","protected":false},"excerpt":{"rendered":"Apr\u00e8s la diffusion cette semaine de courriels r\u00e9v\u00e9lant que le prince Andrew \u00e9tait rest\u00e9 en contact avec Jeffrey&hellip;\n","protected":false},"author":2,"featured_media":472921,"comment_status":"","ping_status":"","sticky":false,"template":"","format":"standard","meta":{"footnotes":""},"categories":[1588],"tags":[11,1777,674,25179,49480,1854,12,473,1853,1851,1850,1852],"class_list":{"0":"post-472920","1":"post","2":"type-post","3":"status-publish","4":"format-standard","5":"has-post-thumbnail","7":"category-royaume-uni","8":"tag-actualites","9":"tag-eu","10":"tag-europe","11":"tag-https-lactualite-com-sujet-culture-arts","12":"tag-https-lactualite-com-sujet-insolite","13":"tag-https-lactualite-com-sujet-international","14":"tag-news","15":"tag-royaume-uni","16":"tag-royaume-uni-de-grande-bretagne-et-dirlande-du-nord","17":"tag-uk","18":"tag-united-kingdom","19":"tag-united-kingdom-of-great-britain-and-northern-ireland"},"share_on_mastodon":{"url":"https:\/\/pubeurope.com\/@fr\/115396238614587456","error":""},"_links":{"self":[{"href":"https:\/\/www.europesays.com\/fr\/wp-json\/wp\/v2\/posts\/472920","targetHints":{"allow":["GET"]}}],"collection":[{"href":"https:\/\/www.europesays.com\/fr\/wp-json\/wp\/v2\/posts"}],"about":[{"href":"https:\/\/www.europesays.com\/fr\/wp-json\/wp\/v2\/types\/post"}],"author":[{"embeddable":true,"href":"https:\/\/www.europesays.com\/fr\/wp-json\/wp\/v2\/users\/2"}],"replies":[{"embeddable":true,"href":"https:\/\/www.europesays.com\/fr\/wp-json\/wp\/v2\/comments?post=472920"}],"version-history":[{"count":0,"href":"https:\/\/www.europesays.com\/fr\/wp-json\/wp\/v2\/posts\/472920\/revisions"}],"wp:featuredmedia":[{"embeddable":true,"href":"https:\/\/www.europesays.com\/fr\/wp-json\/wp\/v2\/media\/472921"}],"wp:attachment":[{"href":"https:\/\/www.europesays.com\/fr\/wp-json\/wp\/v2\/media?parent=472920"}],"wp:term":[{"taxonomy":"category","embeddable":true,"href":"https:\/\/www.europesays.com\/fr\/wp-json\/wp\/v2\/categories?post=472920"},{"taxonomy":"post_tag","embeddable":true,"href":"https:\/\/www.europesays.com\/fr\/wp-json\/wp\/v2\/tags?post=472920"}],"curies":[{"name":"wp","href":"https:\/\/api.w.org\/{rel}","templated":true}]}}