{"id":472924,"date":"2025-10-18T17:01:14","date_gmt":"2025-10-18T17:01:14","guid":{"rendered":"https:\/\/www.europesays.com\/fr\/472924\/"},"modified":"2025-10-18T17:01:14","modified_gmt":"2025-10-18T17:01:14","slug":"manifestations-no-kings-contre-trump-a-travers-leurope","status":"publish","type":"post","link":"https:\/\/www.europesays.com\/fr\/472924\/","title":{"rendered":"Manifestations &lsquo;No Kings&rsquo; contre Trump \u00e0 travers l&rsquo;Europe"},"content":{"rendered":"<p>\n         Publi\u00e9 le<br \/>\n            18\/10\/2025 &#8211; 18:53 UTC+2\n            <\/p>\n<p>          <img decoding=\"async\" class=\"c-ad__placeholder__logo\" src=\"https:\/\/static.euronews.com\/website\/images\/logos\/logo-euronews-stacked-outlined-72x72-grey-9.svg\" width=\"72\" height=\"72\" alt=\"\" loading=\"lazy\"\/><br \/>\n          PUBLICIT\u00c9<\/p>\n<p>Des centaines de personnes se sont rassembl\u00e9es samedi dans plusieurs grandes villes europ\u00e9ennes pour manifester contre la pr\u00e9sidence de Donald Trump.<\/p>\n<p>Principalement compos\u00e9s de citoyens am\u00e9ricains vivant \u00e0 l&rsquo;\u00e9tranger, ces rassemblements ont co\u00efncid\u00e9 avec les manifestations \u00ab No Kings \u00bb pr\u00e9vues aux \u00c9tats-Unis, qui devraient attirer de grandes foules \u00e0 Washington et dans d&rsquo;autres villes.<\/p>\n<p>\u00c0 Madrid, quelques centaines de personnes ont scand\u00e9 des slogans et brandi des pancartes lors du rassemblement organis\u00e9 par les Democrats Abroad.<\/p>\n<p>Plusieurs centaines de personnes se sont \u00e9galement r\u00e9unies dans le centre de Paris en soutien au mouvement \u00ab No Kings \u00bb. Des manifestations similaires ont eu lieu \u00e0 Berlin, Lisbonne et Rome, entre autres.<\/p>\n<p><strong>Les manifestations ont \u00e9t\u00e9 qualifi\u00e9es de \u00ab rassemblements de la haine anti-Am\u00e9rique \u00bb par le Parti r\u00e9publicain du pr\u00e9sident.<\/strong><\/p>\n<p>Ces manifestations surviennent dans le contexte d&rsquo;une fermeture partielle du gouvernement qui non seulement a entra\u00een\u00e9 la fermeture de programmes et de services f\u00e9d\u00e9raux, mais met \u00e9galement \u00e0 l&rsquo;\u00e9preuve l&rsquo;\u00e9quilibre des pouvoirs alors qu&rsquo;un ex\u00e9cutif agressif confronte le Congr\u00e8s et les tribunaux, ce que les organisateurs estiment \u00eatre une d\u00e9rive vers l&rsquo;autoritarisme am\u00e9ricain.<\/p>\n<p>Donald Trump lui-m\u00eame est actuellement loin de Washington, dans sa r\u00e9sidence de Mar-a-Lago en Floride.<\/p>\n<p>Alors que les manifestations pr\u00e9c\u00e9dentes cette ann\u00e9e \u2014 contre les coupures d&rsquo;Elon Musk au printemps, puis pour contre-carrer le d\u00e9fil\u00e9 militaire de Trump en juin \u2014 ont attir\u00e9 des foules, les organisateurs affirment que celle-ci construit un mouvement d&rsquo;opposition plus unifi\u00e9.<\/p>\n<p>Sources additionnelles<strong> \u2022 AP<\/strong><\/p>\n","protected":false},"excerpt":{"rendered":"Publi\u00e9 le 18\/10\/2025 &#8211; 18:53 UTC+2 PUBLICIT\u00c9 Des centaines de personnes se sont rassembl\u00e9es samedi dans plusieurs grandes&hellip;\n","protected":false},"author":2,"featured_media":472925,"comment_status":"","ping_status":"","sticky":false,"template":"","format":"standard","meta":{"footnotes":""},"categories":[1586],"tags":[11,28351,75,1777,674,1011,27,6319,12,25],"class_list":{"0":"post-472924","1":"post","2":"type-post","3":"status-publish","4":"format-standard","5":"has-post-thumbnail","7":"category-europe","8":"tag-actualites","9":"tag-democrates","10":"tag-donald-trump","11":"tag-eu","12":"tag-europe","13":"tag-fr","14":"tag-france","15":"tag-les-republicains","16":"tag-news","17":"tag-republique-francaise"},"share_on_mastodon":{"url":"https:\/\/pubeurope.com\/@fr\/115396247087243905","error":""},"_links":{"self":[{"href":"https:\/\/www.europesays.com\/fr\/wp-json\/wp\/v2\/posts\/472924","targetHints":{"allow":["GET"]}}],"collection":[{"href":"https:\/\/www.europesays.com\/fr\/wp-json\/wp\/v2\/posts"}],"about":[{"href":"https:\/\/www.europesays.com\/fr\/wp-json\/wp\/v2\/types\/post"}],"author":[{"embeddable":true,"href":"https:\/\/www.europesays.com\/fr\/wp-json\/wp\/v2\/users\/2"}],"replies":[{"embeddable":true,"href":"https:\/\/www.europesays.com\/fr\/wp-json\/wp\/v2\/comments?post=472924"}],"version-history":[{"count":0,"href":"https:\/\/www.europesays.com\/fr\/wp-json\/wp\/v2\/posts\/472924\/revisions"}],"wp:featuredmedia":[{"embeddable":true,"href":"https:\/\/www.europesays.com\/fr\/wp-json\/wp\/v2\/media\/472925"}],"wp:attachment":[{"href":"https:\/\/www.europesays.com\/fr\/wp-json\/wp\/v2\/media?parent=472924"}],"wp:term":[{"taxonomy":"category","embeddable":true,"href":"https:\/\/www.europesays.com\/fr\/wp-json\/wp\/v2\/categories?post=472924"},{"taxonomy":"post_tag","embeddable":true,"href":"https:\/\/www.europesays.com\/fr\/wp-json\/wp\/v2\/tags?post=472924"}],"curies":[{"name":"wp","href":"https:\/\/api.w.org\/{rel}","templated":true}]}}