{"id":472926,"date":"2025-10-18T17:02:13","date_gmt":"2025-10-18T17:02:13","guid":{"rendered":"https:\/\/www.europesays.com\/fr\/472926\/"},"modified":"2025-10-18T17:02:13","modified_gmt":"2025-10-18T17:02:13","slug":"immigration-20-etats-europeens-veulent-relancer-les-retours-volontaires-ou-forces-vers-lafghanistan-la-france-sabstient","status":"publish","type":"post","link":"https:\/\/www.europesays.com\/fr\/472926\/","title":{"rendered":"Immigration : 20 \u00c9tats europ\u00e9ens veulent relancer les retours \u00ab\u00a0volontaires ou forc\u00e9s\u00a0\u00bb vers l\u2019Afghanistan, la France s&rsquo;abstient"},"content":{"rendered":"<p>                                            Monde\n                                                                            <\/p>\n<p>\n                                            Vingt pays europ\u00e9ens, dont dix-neuf membres de l\u2019UE, demandent \u00e0 la Commission europ\u00e9enne de rouvrir le dossier des expulsions vers l\u2019Afghanistan. Ils plaident pour la reprise des retours, y compris forc\u00e9s, des Afghans en situation irr\u00e9guli\u00e8re, en priorit\u00e9 ceux jug\u00e9s dangereux.                                        <\/p>\n<p>                                                Publi\u00e9 le 18 octobre 2025 \u00e0 18h25                                                                                            <\/p>\n<p>                                            <img loading=\"lazy\" width=\"1024\" height=\"684\" src=\"https:\/\/www.europesays.com\/fr\/wp-content\/uploads\/2025\/10\/SIPA_sipa60049178_000002-1-1.jpg\" class=\"attachment-post-thumbnail size-post-thumbnail wp-post-image\" alt=\"Dix-neuf pays de l'UE et la Norv\u00e8ge exigent le retour des Afghans volontairement ou de force. \u00a9 Alicia Windzio\/DPA\/SIPA\" decoding=\"async\"  \/><\/p>\n<p>                                            Dix-neuf pays de l&rsquo;UE et la Norv\u00e8ge exigent le retour des Afghans volontairement ou de force. \u00a9 Alicia Windzio\/DPA\/SIPA<\/p>\n<p class=\"p1\">Vingt \u00c9tats europ\u00e9ens \u2014 dix-neuf membres de l\u2019Union et <a href=\"https:\/\/www.valeursactuelles.com\/monde\/naval-group-la-norvege-opte-pour-des-fregates-britanniques-plutot-que-francaises\" target=\"_blank\" rel=\"noopener\">la Norv\u00e8ge<\/a> \u2014 exhortent la Commission europ\u00e9enne \u00e0 remettre en t\u00eate de son agenda <a href=\"https:\/\/www.valeursactuelles.com\/societe\/droit-dasile-le-moteur-principal-de-lexplosion-de-limmigration-afghane-en-france\" target=\"_blank\" rel=\"noopener\">le retour des ressortissants afghans en situation irr\u00e9guli\u00e8re<\/a>, y compris par la contrainte pour les personnes jug\u00e9es dangereuses ou condamn\u00e9es, rapporte <a href=\"https:\/\/fr.euronews.com\/my-europe\/2025\/10\/18\/dix-neuf-pays-de-lue-et-la-norvege-exigent-le-retour-des-afghans-volontairement-ou-de-forc\" target=\"_blank\" rel=\"nofollow noopener\">Euronews<\/a> le 18 octobre 2025. Dans <a href=\"http:\/\/chrome-extension:\/\/efaidnbmnnnibpcajpcglclefindmkaj\/https:\/\/www.euractiv.com\/content\/uploads\/sites\/2\/2025\/10\/AFGHANISTAN-1.pdf\" target=\"_blank\" rel=\"nofollow noopener\">une lettre<\/a> adress\u00e9e au commissaire europ\u00e9en charg\u00e9 des Affaires int\u00e9rieures et de la Migration, Magnus Brunner, ils demandent aussi d\u2019ouvrir des discussions avec les talibans afin d\u2019aboutir \u00e0 une politique de retours.<\/p>\n<p><a href=\"https:\/\/www.valeursactuelles.com\/faits-divers\/paris-un-afghan-tue-au-couteau-rue-marx-dormoy-dans-le-petit-kaboul\" class=\"h-flex h-align-items-center h-border-tb h-ptb-15\" target=\"_blank\" rel=\"noopener\">A\u00a0LIRE\u00a0Paris : encore un Afghan tu\u00e9 au couteau rue Marx-Dormoy dans le \u00ab Petit Kaboul \u00bb<\/a>                    <img decoding=\"async\" src=\"https:\/\/www.europesays.com\/fr\/wp-content\/uploads\/2025\/10\/1760806933_297_maxresdefault.jpg\" alt=\"Vid\u00e9o YouTube\" style=\"width: 100%; height: auto; display: block;\"\/><\/p>\n<p>                        Chargement\u2026                    <\/p>\n<p class=\"p1\">Port\u00e9e par la ministre belge de l\u2019<a href=\"https:\/\/www.valeursactuelles.com\/clubvaleurs\/societe\/immigration-la-france-est-le-premier-pays-de-destination-des-demandeurs-dasile-de-lue-en-fevrier-2025\" target=\"_blank\" rel=\"noopener\">Asile et de la Migration<\/a>, Anneleen Van Bossuyt, l\u2019initiative est soutenue par l\u2019Autriche, la Bulgarie, Chypre, la R\u00e9publique tch\u00e8que, l\u2019Estonie, la Finlande, l\u2019Allemagne, la Gr\u00e8ce, la Hongrie, l\u2019Irlande, l\u2019Italie, la Lituanie, le Luxembourg, Malte, les Pays-Bas, la Pologne, la Slovaquie, la Su\u00e8de et la Norv\u00e8ge. Pour ces gouvernements, l\u2019impossibilit\u00e9, depuis la prise de pouvoir des talibans en 2021, d\u2019ex\u00e9cuter des \u00e9loignements faute d\u2019accord de r\u00e9admission \u00ab sape la confiance du public dans la politique d\u2019asile \u00bb et pose un enjeu de s\u00e9curit\u00e9, y compris pour des personnes condamn\u00e9es.<\/p>\n<p class=\"p1\">\u00ab L\u2019organisation des retours volontaires et forc\u00e9s vers l\u2019Afghanistan est un d\u00e9fi europ\u00e9en commun qui exige une r\u00e9ponse coh\u00e9rente et collective \u00bb, indique la lettre. \u00ab Nous avons une fen\u00eatre d\u2019opportunit\u00e9 pour agir \u00bb, a de son c\u00f4t\u00e9 d\u00e9clar\u00e9 Anneleen Van Bossuyt, dans un communiqu\u00e9 partag\u00e9 avec <a href=\"https:\/\/www.euractiv.com\/news\/belgium-rallies-eu-support-to-greenlight-afghans-deportations\/\" target=\"_blank\" rel=\"nofollow noopener\">Euractiv<\/a>. \u00ab Il est temps d\u2019apporter une r\u00e9ponse ferme et coordonn\u00e9e, afin que l\u2019Union europ\u00e9enne puisse reprendre le contr\u00f4le de la migration et de notre s\u00e9curit\u00e9. \u00bb<\/p>\n<p>L\u2019Allemagne m\u00e8ne la charge<a href=\"https:\/\/www.valeursactuelles.com\/societe\/droit-dasile-le-moteur-principal-de-lexplosion-de-limmigration-afghane-en-france\" class=\"h-flex h-align-items-center h-border-tb h-ptb-15\" target=\"_blank\" rel=\"noopener\">A\u00a0LIRE\u00a0Droit d\u2019asile : le moteur principal de l\u2019explosion de l\u2019immigration afghane en France<\/a><\/p>\n<p class=\"p1\">Les signataires proposent de confier \u00e0 Frontex un r\u00f4le accru dans l\u2019organisation et le financement des retours volontaires via le programme europ\u00e9en de r\u00e9int\u00e9gration. S\u2019agissant des retours forc\u00e9s, ils souhaitent prioriser les profils \u00ab dangereux ou criminels \u00bb et \u00e9voquent une mission conjointe en Afghanistan associant la Commission, le SEAE et les \u00c9tats membres volontaires.<\/p>\n<p class=\"p1\">La d\u00e9marche intervient alors que Berlin, sous le gouvernement conservateur de Friedrich Merz, a d\u00e9j\u00e0 affr\u00e9t\u00e9 en juillet un vol d\u2019\u00e9loignement avec 81 Afghans, une premi\u00e8re salu\u00e9e par certains partenaires comme un signal \u00e0 suivre. L\u2019Allemagne serait, selon des sources europ\u00e9ennes, proche d\u2019un arrangement technique avec Kaboul pour encadrer ces retours, les Afghans constituant l\u2019un des premiers contingents de demandeurs d\u2019asile outre-Rhin.<\/p>\n<p class=\"p1\">Mais l\u2019option des renvois vers l\u2019Afghanistan reste \u00e2prement contest\u00e9e au niveau international. Le Haut-Commissariat de l\u2019ONU pour les r\u00e9fugi\u00e9s maintient un \u00ab avis de non-retour \u00bb en raison de risques g\u00e9n\u00e9ralis\u00e9s de violations graves des droits humains, a rappel\u00e9 sa porte-parole Ravina Shamdasani. Un responsable du Bureau des droits de l\u2019homme de l\u2019ONU, Arafat Jamal, a de son c\u00f4t\u00e9 soulign\u00e9 la persistance de \u00ab violations continues \u00bb depuis 2021. Diplomatiquement, seuls quelques \u00c9tats, dont la Russie, reconnaissent officiellement le r\u00e9gime taliban, compliquant toute n\u00e9gociation formelle de r\u00e9admission.<\/p>\n","protected":false},"excerpt":{"rendered":"Monde Vingt pays europ\u00e9ens, dont dix-neuf membres de l\u2019UE, demandent \u00e0 la Commission europ\u00e9enne de rouvrir le dossier&hellip;\n","protected":false},"author":2,"featured_media":472927,"comment_status":"","ping_status":"","sticky":false,"template":"","format":"standard","meta":{"footnotes":""},"categories":[1586],"tags":[11,598,2196,1777,674,1779,1011,27,1251,12,48734,25,1778,364],"class_list":{"0":"post-472926","1":"post","2":"type-post","3":"status-publish","4":"format-standard","5":"has-post-thumbnail","7":"category-europe","8":"tag-actualites","9":"tag-afghanistan","10":"tag-commission-europeenne","11":"tag-eu","12":"tag-europe","13":"tag-european-union","14":"tag-fr","15":"tag-france","16":"tag-migrants","17":"tag-news","18":"tag-remigration","19":"tag-republique-francaise","20":"tag-ue","21":"tag-union-europeenne"},"share_on_mastodon":{"url":"https:\/\/pubeurope.com\/@fr\/115396250852830677","error":""},"_links":{"self":[{"href":"https:\/\/www.europesays.com\/fr\/wp-json\/wp\/v2\/posts\/472926","targetHints":{"allow":["GET"]}}],"collection":[{"href":"https:\/\/www.europesays.com\/fr\/wp-json\/wp\/v2\/posts"}],"about":[{"href":"https:\/\/www.europesays.com\/fr\/wp-json\/wp\/v2\/types\/post"}],"author":[{"embeddable":true,"href":"https:\/\/www.europesays.com\/fr\/wp-json\/wp\/v2\/users\/2"}],"replies":[{"embeddable":true,"href":"https:\/\/www.europesays.com\/fr\/wp-json\/wp\/v2\/comments?post=472926"}],"version-history":[{"count":0,"href":"https:\/\/www.europesays.com\/fr\/wp-json\/wp\/v2\/posts\/472926\/revisions"}],"wp:featuredmedia":[{"embeddable":true,"href":"https:\/\/www.europesays.com\/fr\/wp-json\/wp\/v2\/media\/472927"}],"wp:attachment":[{"href":"https:\/\/www.europesays.com\/fr\/wp-json\/wp\/v2\/media?parent=472926"}],"wp:term":[{"taxonomy":"category","embeddable":true,"href":"https:\/\/www.europesays.com\/fr\/wp-json\/wp\/v2\/categories?post=472926"},{"taxonomy":"post_tag","embeddable":true,"href":"https:\/\/www.europesays.com\/fr\/wp-json\/wp\/v2\/tags?post=472926"}],"curies":[{"name":"wp","href":"https:\/\/api.w.org\/{rel}","templated":true}]}}