{"id":472929,"date":"2025-10-18T17:04:12","date_gmt":"2025-10-18T17:04:12","guid":{"rendered":"https:\/\/www.europesays.com\/fr\/472929\/"},"modified":"2025-10-18T17:04:12","modified_gmt":"2025-10-18T17:04:12","slug":"cyclisme-tour-de-guangxi-victor-lafay-on-aurait-pu-faire-mieux","status":"publish","type":"post","link":"https:\/\/www.europesays.com\/fr\/472929\/","title":{"rendered":"Cyclisme. Tour de Guangxi &#8211; Victor Lafay : \u00abOn aurait pu faire mieux&#8230;\u00bb"},"content":{"rendered":"<p>D\u00e9cid\u00e9ment,\u00a0<strong><a href=\"https:\/\/www.cyclismactu.net\/..\/news-route-victor-lafay-je-ne-suis-pas-sur-de-courir-nouveau-annee-prochaine-90039.html\" target=\"_blank\" rel=\"noopener\">Victor Lafay<\/a><\/strong> est dans son jardin dans la mont\u00e9e de Nongla Scenic Area. D\u00e9j\u00e0 tr\u00e8s fort l&rsquo;an pass\u00e9 sur les pentes du juge de paix principal du\u00a0<strong><a href=\"https:\/\/www.cyclismactu.net\/..\/news-cyclisme-route-tour-de-guangxi-paul-double-5e-etape-reine-et-victor-lafay-encore-si-pres-90637.html\" target=\"_blank\" rel=\"noopener\">Gree-Tour de Guangxi<\/a><\/strong>, m\u00eame si la victoire lui avait \u00e9chapp\u00e9 sur le fil apr\u00e8s avoir craqu\u00e9 dans les derni\u00e8res rampes, le puncheur fran\u00e7ais a remis \u00e7a ce samedi dans cette ascension qui lui va comme un gant. Plus patient, il a attendu les 300 derniers m\u00e8tres pour produire son effort et devancer tous les favoris&#8230; sauf un. Malheureusement pour le coureur de la <strong><a href=\"https:\/\/www.cyclismactu.net\/..\/\" target=\"_blank\" rel=\"noopener\">Decathlon AG2R La Mondiale<\/a><\/strong>, <strong>Paul Double<\/strong> (Jayco AlUla) s&rsquo;\u00e9tait fait la malle bien plus t\u00f4t et n&rsquo;a plus jamais \u00e9t\u00e9 revu par le peloton, le Britannique r\u00e9alisant un sacr\u00e9 num\u00e9ro pour tenir jusqu&rsquo;\u00e0 la ligne. 4e en 2024, 2e en 2025, le Lyonnais de 29 ans a donc fait mieux cette ann\u00e9e et signe\u00a0son premier top 3 en World Tour&#8230; depuis sa victoire d&rsquo;\u00e9tape du\u00a0<strong>Tour de France<\/strong>\u00a0\u00e0 Bilbao le 2 juillet 2023.<\/p>\n<p>Vid\u00e9o &#8211;  Lire la suite de l&rsquo;article&#13;<\/p>\n<p>\u00a0<\/p>\n<p>&#13;<br \/>\n\u00ab\u00a0On va tout donner pour aller chercher la victoire dimanche\u00a0\u00bb&#13;<\/p>\n<p>De quoi forc\u00e9ment satisfaire <strong>Victor Lafay<\/strong>, qui termine bien cette nouvelle saison gal\u00e8re, encore une fois perturb\u00e9e par son probl\u00e8me au genou. Celui qui occupe \u00e9galement la 2e place du classement g\u00e9n\u00e9ral \u00e0 15 secondes de <strong>Paul Double<\/strong> avant la derni\u00e8re \u00e9tape dimanche est revenu sur sa performance du jour dans le communiqu\u00e9 de son \u00e9quipe. \u00ab\u00a0On savait qu\u2019il y avait un bon r\u00e9sultat \u00e0 aller chercher aujourd\u2019hui avec cette derni\u00e8re ascension qui correspondait bien \u00e0 mes qualit\u00e9s et \u00e0 celles d\u2019Aur\u00e9lien (Paret-Peintre). L\u2019\u00e9quipe a fait un tr\u00e8s bon travail pour nous placer au pied de l\u2019ascension mais malheureusement Aur\u00e9lien a chut\u00e9.\u00a0\u00bb<\/p>\n<p>&#13;<\/p>\n<p>\u00ab\u00a0Je me suis concentr\u00e9 sur la course, j\u2019ai suivi les mouvements de mes adversaires et j\u2019ai pu compter sur le soutien de Nans (Peters) pour maintenir le rythme sur la partie moins raide. Je savais que je devais produire mon effort \u00e0 300 m\u00e8tres de la ligne et pas avant. J&rsquo;ai donc attendu et c\u2019est ce qui m\u2019a permis d\u2019aller chercher cette deuxi\u00e8me place. J\u2019en suis satisfait m\u00eame si je pense qu\u2019on aurait pu faire encore mieux collectivement avec plus de chance. Je suis deuxi\u00e8me au classement g\u00e9n\u00e9ral \u00e0 la veille de la derni\u00e8re \u00e9tape, on va tout donner pour aller chercher la victoire demain\u00a0\u00bb, a-t-il expliqu\u00e9 avant de revenir sur sa possible retraite en fin de saison.<\/p>\n<p>&#13;<\/p>\n<p>\u00ab\u00a0Je ne sais pas. C&rsquo;est peut-\u00eatre plus facile d&rsquo;arr\u00eater quand on est au top de sa forme que quand on est en difficult\u00e9 et qu&rsquo;on est d\u00e9j\u00e0 oubli\u00e9.\u00a0Ce serait bien de partir au sommet. Si j&rsquo;arr\u00eate, ce sera pour me consacrer \u00e0 d&rsquo;autres projets sportifs, alors autant ne pas \u00eatre physiquement ruin\u00e9. Je voulais prendre une d\u00e9cision avant, mais les circonstances ont fait que \u00e7a a pris un peu de temps. Donc je suis vraiment \u00e0 50-50\u00a0\u00bb, a-t-il conclu.<\/p>\n<p>Gree-Tour de Guangxi &#8211; Classement de la 5\u00e8 \u00e9tape Gree-Tour de Guangxi &#8211; Classement g\u00e9n\u00e9ral provisoire apr\u00e8s la 5\u00e8 \u00e9tape<\/p>\n","protected":false},"excerpt":{"rendered":"D\u00e9cid\u00e9ment,\u00a0Victor Lafay est dans son jardin dans la mont\u00e9e de Nongla Scenic Area. D\u00e9j\u00e0 tr\u00e8s fort l&rsquo;an pass\u00e9&hellip;\n","protected":false},"author":2,"featured_media":472930,"comment_status":"","ping_status":"","sticky":false,"template":"","format":"standard","meta":{"footnotes":""},"categories":[2],"tags":[11,207,211,1011,27,12,25,209,210,59625,212,208,213],"class_list":{"0":"post-472929","1":"post","2":"type-post","3":"status-publish","4":"format-standard","5":"has-post-thumbnail","7":"category-actualites","8":"tag-actualites","9":"tag-cyclisme","10":"tag-ffc","11":"tag-fr","12":"tag-france","13":"tag-news","14":"tag-republique-francaise","15":"tag-route","16":"tag-tour-de-france","17":"tag-tour-de-guangxi","18":"tag-uci","19":"tag-velo","20":"tag-world-tour"},"share_on_mastodon":{"url":"https:\/\/pubeurope.com\/@fr\/115396258293068312","error":""},"_links":{"self":[{"href":"https:\/\/www.europesays.com\/fr\/wp-json\/wp\/v2\/posts\/472929","targetHints":{"allow":["GET"]}}],"collection":[{"href":"https:\/\/www.europesays.com\/fr\/wp-json\/wp\/v2\/posts"}],"about":[{"href":"https:\/\/www.europesays.com\/fr\/wp-json\/wp\/v2\/types\/post"}],"author":[{"embeddable":true,"href":"https:\/\/www.europesays.com\/fr\/wp-json\/wp\/v2\/users\/2"}],"replies":[{"embeddable":true,"href":"https:\/\/www.europesays.com\/fr\/wp-json\/wp\/v2\/comments?post=472929"}],"version-history":[{"count":0,"href":"https:\/\/www.europesays.com\/fr\/wp-json\/wp\/v2\/posts\/472929\/revisions"}],"wp:featuredmedia":[{"embeddable":true,"href":"https:\/\/www.europesays.com\/fr\/wp-json\/wp\/v2\/media\/472930"}],"wp:attachment":[{"href":"https:\/\/www.europesays.com\/fr\/wp-json\/wp\/v2\/media?parent=472929"}],"wp:term":[{"taxonomy":"category","embeddable":true,"href":"https:\/\/www.europesays.com\/fr\/wp-json\/wp\/v2\/categories?post=472929"},{"taxonomy":"post_tag","embeddable":true,"href":"https:\/\/www.europesays.com\/fr\/wp-json\/wp\/v2\/tags?post=472929"}],"curies":[{"name":"wp","href":"https:\/\/api.w.org\/{rel}","templated":true}]}}