{"id":472935,"date":"2025-10-18T17:08:13","date_gmt":"2025-10-18T17:08:13","guid":{"rendered":"https:\/\/www.europesays.com\/fr\/472935\/"},"modified":"2025-10-18T17:08:13","modified_gmt":"2025-10-18T17:08:13","slug":"gros-coup-dur-un-international-francais-sort-sur-blessure-avant-la-tournee","status":"publish","type":"post","link":"https:\/\/www.europesays.com\/fr\/472935\/","title":{"rendered":"gros coup dur, un international fran\u00e7ais sort sur blessure avant la tourn\u00e9e"},"content":{"rendered":"<p>Un nouveau coup dur pour le Stade Rochelais. En ce d\u00e9but de saison, le club \u00e0 la caravelle n\u2019est pas \u00e9pargn\u00e9 par les blessures, notamment au niveau de sa premi\u00e8re-ligne. L\u2019infirmerie a vu un nouvel \u00e9l\u00e9ment l\u2019int\u00e9grer apr\u00e8s Louis Penverne ou Uini Atonio. Nomm\u00e9 capitaine pour la r\u00e9ception de Montauban, Pierre Bourgarit a \u00e9t\u00e9 contraint de rapidement quitter la pelouse.<\/p>\n<p>Bourgarit touch\u00e9<\/p>\n<p>Apr\u00e8s une m\u00eal\u00e9e, le talonneur s\u2019est plaint du haut de la cuisse et a \u00e9t\u00e9 remplac\u00e9. De mauvaise augure \u00e0 quelques jours de l\u2019annonce de la liste de Fabien Galthi\u00e9 pour la tourn\u00e9e de novembre du XV de France. En l\u2019absence de Peato Mauvaka, le Rochelais avait une belle carte \u00e0 jouer.<\/p>\n<p>Partagez cette info avec vos amis et vos proches en cliquant ici<br \/>Pour r\u00e9sumer<\/p>\n<p>Capitaine face \u00e0 Montauban, un international fran\u00e7ais du Stade Rochelais a \u00e9t\u00e9 contraint de c\u00e9der sa place d\u00e8s les premi\u00e8res minutes. Le tout \u00e0 quelques jours de l\u2019annonce de la liste de Fabien Galthi\u00e9 pour la tourn\u00e9e de novembre.<\/p>\n<p> <img decoding=\"async\" width=\"76\" height=\"76\" loading=\"lazy\" src=\"https:\/\/www.europesays.com\/fr\/wp-content\/uploads\/2025\/04\/avatar-quinze.png\" alt=\"Arnaud D\u00e9chelotte\"\/><\/p>\n","protected":false},"excerpt":{"rendered":"Un nouveau coup dur pour le Stade Rochelais. En ce d\u00e9but de saison, le club \u00e0 la caravelle&hellip;\n","protected":false},"author":2,"featured_media":472936,"comment_status":"","ping_status":"","sticky":false,"template":"","format":"standard","meta":{"footnotes":""},"categories":[1416],"tags":[1011,27,479,1468,60,478],"class_list":{"0":"post-472935","1":"post","2":"type-post","3":"status-publish","4":"format-standard","5":"has-post-thumbnail","7":"category-rugby","8":"tag-fr","9":"tag-france","10":"tag-rugby","11":"tag-rugby-football","12":"tag-sports","13":"tag-top-14"},"share_on_mastodon":{"url":"https:\/\/pubeurope.com\/@fr\/115396274733597910","error":""},"_links":{"self":[{"href":"https:\/\/www.europesays.com\/fr\/wp-json\/wp\/v2\/posts\/472935","targetHints":{"allow":["GET"]}}],"collection":[{"href":"https:\/\/www.europesays.com\/fr\/wp-json\/wp\/v2\/posts"}],"about":[{"href":"https:\/\/www.europesays.com\/fr\/wp-json\/wp\/v2\/types\/post"}],"author":[{"embeddable":true,"href":"https:\/\/www.europesays.com\/fr\/wp-json\/wp\/v2\/users\/2"}],"replies":[{"embeddable":true,"href":"https:\/\/www.europesays.com\/fr\/wp-json\/wp\/v2\/comments?post=472935"}],"version-history":[{"count":0,"href":"https:\/\/www.europesays.com\/fr\/wp-json\/wp\/v2\/posts\/472935\/revisions"}],"wp:featuredmedia":[{"embeddable":true,"href":"https:\/\/www.europesays.com\/fr\/wp-json\/wp\/v2\/media\/472936"}],"wp:attachment":[{"href":"https:\/\/www.europesays.com\/fr\/wp-json\/wp\/v2\/media?parent=472935"}],"wp:term":[{"taxonomy":"category","embeddable":true,"href":"https:\/\/www.europesays.com\/fr\/wp-json\/wp\/v2\/categories?post=472935"},{"taxonomy":"post_tag","embeddable":true,"href":"https:\/\/www.europesays.com\/fr\/wp-json\/wp\/v2\/tags?post=472935"}],"curies":[{"name":"wp","href":"https:\/\/api.w.org\/{rel}","templated":true}]}}