{"id":472937,"date":"2025-10-18T17:09:12","date_gmt":"2025-10-18T17:09:12","guid":{"rendered":"https:\/\/www.europesays.com\/fr\/472937\/"},"modified":"2025-10-18T17:09:12","modified_gmt":"2025-10-18T17:09:12","slug":"atp-wta-iva-jovic-35e-mondiale-a-17-ans-certains-joueurs-passent-inapercus-mais-sinner-et-sabalenka-ont-quelque-chose-de-special-ce-nest-pas-que-tu-as-peur-mais-cest-different-quand-ils","status":"publish","type":"post","link":"https:\/\/www.europesays.com\/fr\/472937\/","title":{"rendered":"ATP &#8211; WTA > Iva Jovic (35e mondiale \u00e0 17 ans) : \u00ab\u00a0Certains joueurs passent inaper\u00e7us, mais Sinner et Sabalenka ont quelque chose de sp\u00e9cial. Ce n&rsquo;est pas que tu as peur, mais c&rsquo;est diff\u00e9rent quand ils sont pr\u00e8s de toi\u00a0\u00bb"},"content":{"rendered":"<p>R\u00e9v\u00e9lation de cette saison 2025 sur le circuit f\u00e9minin, Iva Jovic, laur\u00e9ate du WTA 500 de Guadalajara en septembre dernier, s\u2019est r\u00e9cem\u00adment exprim\u00e9e pour le site d\u2019in\u00adfor\u00adma\u00adtions, <a href=\"https:\/\/rg.org\/news\/tennis\/iva-jovic-djokovic-inspiration-wta-career\" data-wpel-link=\"external\" target=\"_blank\" rel=\"nofollow external noopener\">RG.org<\/a>. <\/p>\n<p>Si la jeune am\u00e9ri\u00adcaine est notam\u00adment revenue sur l\u2019une de ses rencontres avec son idole, Novak Djokovic, elle s\u2019est dite impres\u00adsionn\u00e9e par l\u2019aura d\u2019Aryna Sabalenka et Jannik Sinner.\u00a0<\/p>\n<p><strong>\u00ab\u202fCertains joueurs passent inaper\u00e7us, mais d\u2019autres ont cette \u00e9nergie qui fait que l\u2019on se dit \u00ab\u202fwaouh, je sais que tu es l\u00e0\u202f\u00bb. Ils ont une sorte d\u2019aura. Sabalenka a cette aura, tout comme Sinner. Tous les grands joueurs ont quelque chose de sp\u00e9cial. Ce n\u2019est pas que tu as peur, mais c\u2019est diff\u00e9\u00adrent quand ils sont pr\u00e8s de\u00a0toi.\u202f\u00bb<\/strong><\/p>\n<p class=\"post-published-date\" style=\"color: silver; font-size: 75%; text-align: left;\">Publi\u00e9 le samedi 18 octobre 2025 \u00e0 15:45<\/p>\n","protected":false},"excerpt":{"rendered":"R\u00e9v\u00e9lation de cette saison 2025 sur le circuit f\u00e9minin, Iva Jovic, laur\u00e9ate du WTA 500 de Guadalajara en&hellip;\n","protected":false},"author":2,"featured_media":472938,"comment_status":"","ping_status":"","sticky":false,"template":"","format":"standard","meta":{"footnotes":""},"categories":[1415],"tags":[7615,105,1011,27,2127,60,1467],"class_list":{"0":"post-472937","1":"post","2":"type-post","3":"status-publish","4":"format-standard","5":"has-post-thumbnail","7":"category-tennis","8":"tag-aryna-sabalenka","9":"tag-djokovic","10":"tag-fr","11":"tag-france","12":"tag-sinner","13":"tag-sports","14":"tag-tennis"},"share_on_mastodon":{"url":"https:\/\/pubeurope.com\/@fr\/115396277907978835","error":""},"_links":{"self":[{"href":"https:\/\/www.europesays.com\/fr\/wp-json\/wp\/v2\/posts\/472937","targetHints":{"allow":["GET"]}}],"collection":[{"href":"https:\/\/www.europesays.com\/fr\/wp-json\/wp\/v2\/posts"}],"about":[{"href":"https:\/\/www.europesays.com\/fr\/wp-json\/wp\/v2\/types\/post"}],"author":[{"embeddable":true,"href":"https:\/\/www.europesays.com\/fr\/wp-json\/wp\/v2\/users\/2"}],"replies":[{"embeddable":true,"href":"https:\/\/www.europesays.com\/fr\/wp-json\/wp\/v2\/comments?post=472937"}],"version-history":[{"count":0,"href":"https:\/\/www.europesays.com\/fr\/wp-json\/wp\/v2\/posts\/472937\/revisions"}],"wp:featuredmedia":[{"embeddable":true,"href":"https:\/\/www.europesays.com\/fr\/wp-json\/wp\/v2\/media\/472938"}],"wp:attachment":[{"href":"https:\/\/www.europesays.com\/fr\/wp-json\/wp\/v2\/media?parent=472937"}],"wp:term":[{"taxonomy":"category","embeddable":true,"href":"https:\/\/www.europesays.com\/fr\/wp-json\/wp\/v2\/categories?post=472937"},{"taxonomy":"post_tag","embeddable":true,"href":"https:\/\/www.europesays.com\/fr\/wp-json\/wp\/v2\/tags?post=472937"}],"curies":[{"name":"wp","href":"https:\/\/api.w.org\/{rel}","templated":true}]}}