{"id":472939,"date":"2025-10-18T17:11:14","date_gmt":"2025-10-18T17:11:14","guid":{"rendered":"https:\/\/www.europesays.com\/fr\/472939\/"},"modified":"2025-10-18T17:11:14","modified_gmt":"2025-10-18T17:11:14","slug":"alex-marquez-voit-les-aprilia-favorites-mais-garde-lespoir","status":"publish","type":"post","link":"https:\/\/www.europesays.com\/fr\/472939\/","title":{"rendered":"\u00c1lex M\u00e1rquez voit les Aprilia favorites mais garde l&rsquo;espoir"},"content":{"rendered":"<p>Ducati vit un week-end difficile \u00e0 Phillip Island. La marque n&rsquo;a plac\u00e9 aucune moto en premi\u00e8re ligne pour la premi\u00e8re fois depuis le GP d&rsquo;Europe 2020 et aucun pilote parmi les premiers du sprint, ce qui est tout simplement du jamais-vu depuis l&rsquo;introduction de ce format en 2023.<\/p>\n<p>Entre l&rsquo;absence de Marc M\u00e1rquez, les difficult\u00e9s de Pecco Bagnaia, Franco Morbidelli et Ferm\u00edn Aldeguer, et les qualifications d\u00e9cevantes de Fabio Di Giannantonio, les espoirs de Ducati lors du sprint reposaient surtout sur \u00c1lex M\u00e1rquez, \u00ab\u00a0seulement\u00a0\u00bb sixi\u00e8me sur la grille mais en t\u00eate au premier virage. Le pilote Gresini a tr\u00e8s vite perdu des places, y compris au profit de Di Giannantonio en fin d&rsquo;\u00e9preuve, ce qui signifie qu&rsquo;il n&rsquo;a m\u00eame pas \u00e9t\u00e9 le meilleur repr\u00e9sentant de Ducati \u00e0 l&rsquo;arriv\u00e9e.<\/p>\n<p>Seulement sixi\u00e8me, M\u00e1rquez a mis en cause sa s\u00e9lection de pneus, entre un medium \u00e0 l&rsquo;avant qui lui a donn\u00e9 <a href=\"https:\/\/fr.motorsport.com\/motogp\/news\/mauvais-choix-pneu-compromis-sprint-quartararo\/10768681\/\" target=\"_blank\" rel=\"noopener\">d&rsquo;aussi mauvaises sensations qu&rsquo;\u00e0 Fabio Quatararo<\/a> et un tendre \u00e0 l&rsquo;arri\u00e8re qui pose des difficult\u00e9s sur la Ducati. \u00ab\u00a0J&rsquo;ai choisi le pneu medium \u00e0 l&rsquo;avant et ce n&rsquo;\u00e9tait pas le bon choix\u00a0\u00bb, a reconnu l&rsquo;Espagnol. \u00ab\u00a0J&rsquo;ai eu beaucoup de graining et d\u00e8s le deuxi\u00e8me ou troisi\u00e8me tour, j&rsquo;ai r\u00e9alis\u00e9 que ce n&rsquo;\u00e9tait pas le bon choix.\u00a0\u00bb<\/p>\n<p>\u00ab\u00a0On a aussi essay\u00e9 des r\u00e9glages diff\u00e9rents lors du sprint, pour \u00e9viter une chute comme en qualifications. Le tendre \u00e0 l&rsquo;arri\u00e8re g\u00e9n\u00e8re beaucoup de probl\u00e8mes sur notre moto et on souffre pas mal. On a essay\u00e9 quelque chose pour \u00e7a et ce n&rsquo;\u00e9tait pas mieux. Je pense que dans l&rsquo;ensemble, la moto s&rsquo;est d\u00e9grad\u00e9e dans d&rsquo;autres domaines.\u00a0\u00bb<\/p>\n<p>\u00ab\u00a0J&rsquo;ai juste essay\u00e9 de survivre. On a ce souci, on a trop de grip \u00e0 l&rsquo;arri\u00e8re, \u00e7a pousse vers l&rsquo;avant et quand on a des bosses, la moto bouge beaucoup.\u00a0\u00bb<\/p>\n<p>   <img decoding=\"async\" draggable=\"false\" src=\"https:\/\/www.europesays.com\/fr\/wp-content\/uploads\/2025\/10\/1760807474_930_alex-marquez-gresini-racing.jpg\" alt=\"Alex Marquez, Gresini Racing\" width=\"1200\" height=\"800\" loading=\"lazy\"\/> <\/p>\n<p class=\"title\">\u00c1lex M\u00e1rquez<\/p>\n<p class=\"photographer\">Photo de: Gold and Goose Photography \/ LAT Images \/ via Getty Images<\/p>\n<p>\u00c1lex M\u00e1rquez reste le mieux plac\u00e9 pour faire briller Ducati en course principale. S&rsquo;il a l&rsquo;espoir d&rsquo;\u00eatre plus dans le rythme avec des pneus diff\u00e9rents, il pense qu&rsquo;il lui sera tr\u00e8s difficile de se mesurer aux repr\u00e9sentants d&rsquo;Aprilia, malgr\u00e9 le <a href=\"https:\/\/fr.motorsport.com\/motogp\/news\/bezzecchi-penalise-australie-accrochage-marquez\/10767755\/\" target=\"_blank\" rel=\"noopener\">double long-lap<\/a> de Marco Bezzecchi vainqueur du sprint ce samedi.<\/p>\n<p>\u00ab\u00a0Je pense que les Aprilia sont favorites, c&rsquo;est tout. Elles ont quelque chose en plus. Si on peut choisir, le medium sera meilleur pour nous demain, parce qu&rsquo;il \u00e9quilibre un peu plus notre moto. Oui, Marco a un double long-lap, mais je pense quand m\u00eame quand m\u00eame qu&rsquo;il pourra revenir sur le groupe de t\u00eate.\u00a0\u00bb<\/p>\n<p>\u00a0\u00bb Ce sera int\u00e9ressant \u00e0 voir, on va essayer d&rsquo;imprimer le rythme et d&rsquo;\u00eatre l\u00e0 parce que pendant le week-end, le rythme \u00e9tait l\u00e0. Je pense qu&rsquo;on a de bonnes options.\u00a0\u00bb<\/p>\n<p>Lire aussi :<\/p>\n<p>            Votre avis nous int\u00e9resse !<\/p>\n<p class=\"mt-auto\">Qu&rsquo;aimeriez-vous voir sur Motorsport.com ?<\/p>\n<p>            <a href=\"#\" class=\"ms-link text-link font-bold\">R\u00e9pondez \u00e0 notre enqu\u00eate de 5 minutes.<\/a><\/p>\n<p class=\"mt-1 font-info text-body\">&#8211; L&rsquo;\u00e9quipe Motorsport.com<\/p>\n","protected":false},"excerpt":{"rendered":"Ducati vit un week-end difficile \u00e0 Phillip Island. La marque n&rsquo;a plac\u00e9 aucune moto en premi\u00e8re ligne pour&hellip;\n","protected":false},"author":2,"featured_media":472940,"comment_status":"","ping_status":"","sticky":false,"template":"","format":"standard","meta":{"footnotes":""},"categories":[1413],"tags":[1011,27,56962,3452,1457,1456,1458,56963,60,7896,59626],"class_list":{"0":"post-472939","1":"post","2":"type-post","3":"status-publish","4":"format-standard","5":"has-post-thumbnail","7":"category-moto","8":"tag-fr","9":"tag-france","10":"tag-gp-daustralie","11":"tag-gresini-racing","12":"tag-moto","13":"tag-motocycle","14":"tag-motogp","15":"tag-phillip-island-grand-prix-circuit","16":"tag-sports","17":"tag-u00c1lex-mu00e1rquez","18":"tag-u00c1lex-mu00e1rquez-voit-les-aprilia-favorites-mais-garde-lespoir"},"share_on_mastodon":{"url":"https:\/\/pubeurope.com\/@fr\/115396286332133391","error":""},"_links":{"self":[{"href":"https:\/\/www.europesays.com\/fr\/wp-json\/wp\/v2\/posts\/472939","targetHints":{"allow":["GET"]}}],"collection":[{"href":"https:\/\/www.europesays.com\/fr\/wp-json\/wp\/v2\/posts"}],"about":[{"href":"https:\/\/www.europesays.com\/fr\/wp-json\/wp\/v2\/types\/post"}],"author":[{"embeddable":true,"href":"https:\/\/www.europesays.com\/fr\/wp-json\/wp\/v2\/users\/2"}],"replies":[{"embeddable":true,"href":"https:\/\/www.europesays.com\/fr\/wp-json\/wp\/v2\/comments?post=472939"}],"version-history":[{"count":0,"href":"https:\/\/www.europesays.com\/fr\/wp-json\/wp\/v2\/posts\/472939\/revisions"}],"wp:featuredmedia":[{"embeddable":true,"href":"https:\/\/www.europesays.com\/fr\/wp-json\/wp\/v2\/media\/472940"}],"wp:attachment":[{"href":"https:\/\/www.europesays.com\/fr\/wp-json\/wp\/v2\/media?parent=472939"}],"wp:term":[{"taxonomy":"category","embeddable":true,"href":"https:\/\/www.europesays.com\/fr\/wp-json\/wp\/v2\/categories?post=472939"},{"taxonomy":"post_tag","embeddable":true,"href":"https:\/\/www.europesays.com\/fr\/wp-json\/wp\/v2\/tags?post=472939"}],"curies":[{"name":"wp","href":"https:\/\/api.w.org\/{rel}","templated":true}]}}