{"id":472943,"date":"2025-10-18T17:13:11","date_gmt":"2025-10-18T17:13:11","guid":{"rendered":"https:\/\/www.europesays.com\/fr\/472943\/"},"modified":"2025-10-18T17:13:11","modified_gmt":"2025-10-18T17:13:11","slug":"futur-acte-pour-thomas-champion-actualite","status":"publish","type":"post","link":"https:\/\/www.europesays.com\/fr\/472943\/","title":{"rendered":"Futur act\u00e9 pour Thomas Champion &#8211; Actualit\u00e9"},"content":{"rendered":"<p style=\"text-align: justify;\"><strong>D\u00e9barqu\u00e9 au sein de la formation St-Michel-Preference Home-Auber 93 l\u2019hiver dernier, <strong><a href=\"https:\/\/www.directvelo.com\/coureur\/21240\/thomas-champion\" target=\"_blank\" rel=\"noopener\">Thomas Champion<\/a><\/strong>\u00a0a d\u00e9cid\u00e9 de rempiler pour une nouvelle saison au sein de la Conti francilienne.<br \/>Cette ann\u00e9e, l\u2019ancien coureur de la Cofidis &#8211; durant quatre saisons, de 2021 \u00e0 2024 &#8211; s\u2019est class\u00e9 2e au sommet du Mont Bouquet lors de l\u2019Etoile de Bess\u00e8ges, dont il a pris la 9e place du classement g\u00e9n\u00e9ral final. Le longiligne grimpeur de 26 ans a \u00e9galement termin\u00e9 5e du Tour Alsace, 9e de la Classica Camp de Morvedre et 10e du Tour du Limousin.<br \/>Pour rappel, <strong><a href=\"https:\/\/www.directvelo.com\/actualite\/122750\/thomas-champion-du-cytomegalovirus-au-top-10-sur-le-tour-alsace\" target=\"_blank\" rel=\"noopener\">Thomas Champion a longuement \u00e9t\u00e9 frein\u00e9 par un virus durant la saison<\/a><\/strong>.<br \/>Retrouvez toutes les infos mercato de l\u2019intersaison 2025-2026 <strong><a href=\"https:\/\/www.directvelo.com\/mutations\/2026\" target=\"_blank\" rel=\"noopener\">en cliquant ici<\/a><\/strong>.\u00a0 <\/strong><\/p>\n","protected":false},"excerpt":{"rendered":"D\u00e9barqu\u00e9 au sein de la formation St-Michel-Preference Home-Auber 93 l\u2019hiver dernier, Thomas Champion\u00a0a d\u00e9cid\u00e9 de rempiler pour une&hellip;\n","protected":false},"author":2,"featured_media":472944,"comment_status":"","ping_status":"","sticky":false,"template":"","format":"standard","meta":{"footnotes":""},"categories":[1411],"tags":[834,828,836,829,837,827,83,826,824,823,1154,207,814,817,815,816,822,821,832,211,839,1011,27,820,818,819,835,831,830,833,838,60,212,208,825],"class_list":{"0":"post-472943","1":"post","2":"type-post","3":"status-publish","4":"format-standard","5":"has-post-thumbnail","7":"category-cyclisme","8":"tag-attaque","9":"tag-belgique","10":"tag-braquet","11":"tag-bretagne","12":"tag-chute","13":"tag-competition","14":"tag-coupe-de-france","15":"tag-coureur","16":"tag-course-cyclisme","17":"tag-course-cycliste","18":"tag-cycling","19":"tag-cyclisme","20":"tag-direct","21":"tag-direct-velo","22":"tag-directvelo","23":"tag-directvelo-com","24":"tag-epreuve","25":"tag-epreuve-cycliste","26":"tag-federation-francaise-de-cyclisme","27":"tag-ffc","28":"tag-flandres","29":"tag-fr","30":"tag-france","31":"tag-live","32":"tag-live-course","33":"tag-live-epreuve","34":"tag-peloton","35":"tag-radio-peloton","36":"tag-radio-tour","37":"tag-ravitaillement","38":"tag-relance","39":"tag-sports","40":"tag-uci","41":"tag-velo","42":"tag-velos"},"share_on_mastodon":{"url":"https:\/\/pubeurope.com\/@fr\/115396293795354844","error":""},"_links":{"self":[{"href":"https:\/\/www.europesays.com\/fr\/wp-json\/wp\/v2\/posts\/472943","targetHints":{"allow":["GET"]}}],"collection":[{"href":"https:\/\/www.europesays.com\/fr\/wp-json\/wp\/v2\/posts"}],"about":[{"href":"https:\/\/www.europesays.com\/fr\/wp-json\/wp\/v2\/types\/post"}],"author":[{"embeddable":true,"href":"https:\/\/www.europesays.com\/fr\/wp-json\/wp\/v2\/users\/2"}],"replies":[{"embeddable":true,"href":"https:\/\/www.europesays.com\/fr\/wp-json\/wp\/v2\/comments?post=472943"}],"version-history":[{"count":0,"href":"https:\/\/www.europesays.com\/fr\/wp-json\/wp\/v2\/posts\/472943\/revisions"}],"wp:featuredmedia":[{"embeddable":true,"href":"https:\/\/www.europesays.com\/fr\/wp-json\/wp\/v2\/media\/472944"}],"wp:attachment":[{"href":"https:\/\/www.europesays.com\/fr\/wp-json\/wp\/v2\/media?parent=472943"}],"wp:term":[{"taxonomy":"category","embeddable":true,"href":"https:\/\/www.europesays.com\/fr\/wp-json\/wp\/v2\/categories?post=472943"},{"taxonomy":"post_tag","embeddable":true,"href":"https:\/\/www.europesays.com\/fr\/wp-json\/wp\/v2\/tags?post=472943"}],"curies":[{"name":"wp","href":"https:\/\/api.w.org\/{rel}","templated":true}]}}