{"id":472946,"date":"2025-10-18T17:15:20","date_gmt":"2025-10-18T17:15:20","guid":{"rendered":"https:\/\/www.europesays.com\/fr\/472946\/"},"modified":"2025-10-18T17:15:20","modified_gmt":"2025-10-18T17:15:20","slug":"florent-peyre-demande-en-mariage-par-sa-compagne-virginie-stref-il-explique-pourquoi-il-a-dit-non-video","status":"publish","type":"post","link":"https:\/\/www.europesays.com\/fr\/472946\/","title":{"rendered":"Florent Peyre demand\u00e9 en mariage par sa compagne Virginie Stref, il explique pourquoi il a dit non (VIDEO)"},"content":{"rendered":"<p>C\u2019est le genre d\u2019histoire qui aurait pu faire l\u2019objet d\u2019un \u00e9pisode des Myst\u00e8res de l\u2019amour. Une s\u00e9rie dans laquelle a jou\u00e9 Virginie Stref, la compagne du <a href=\"https:\/\/www.programme-tv.net\/news\/series-tv\/365848-commandant-saint-barth-florent-peyre-confie-s-etre-inspire-d-une-immense-star-pour-son-role-et-non-ce-n-est-pas-magnum\/\" data-api-deeplink=\"teleloisirs:\/\/news\/365848\" rel=\"nofollow noopener\" target=\"_blank\">com\u00e9dien<\/a> Florent Peyre. Ce dernier, pourtant toujours amoureux d\u2019elle, a refus\u00e9 ses deux demandes en mariage. \u201cElle continue de vous demander en mariage ou pas\u00a0?\u201d, lui a demand\u00e9 \u00c9ric Dussart lors de son passage dans On refait la t\u00e9l\u00e9 sur RTL ce samedi 18 octobre. \u201cNon, \u00e7a y est, elle a arr\u00eat\u00e9. Elle a demand\u00e9 deux fois. J\u2019ai dit \u2018non\u2019. Je ne sais pas pourquoi\u201d, a r\u00e9pondu l\u2019artiste de 45 ans <a href=\"https:\/\/www.programme-tv.net\/news\/loisirs\/389377-je-suis-allee-voir-florent-peyre-dans-la-comedie-musicale-les-producteurs-et-le-moins-que-l-on-puisse-dire-c-est-qu-il-met-le-feu-aux-planches\/\" data-api-deeplink=\"teleloisirs:\/\/news\/389377\" rel=\"nofollow noopener\" target=\"_blank\">actuellement \u00e0 l\u2019affiche du Th\u00e9\u00e2tre de Paris dans Les Producteurs, mis en sc\u00e8ne par Alexis Michalik<\/a>. \u201cJe ne sais pas, toute cette journ\u00e9e, <b>j\u2019aurais l\u2019impression de faire de la promo en fait<\/b>. Passer la journ\u00e9e \u00e0 faire des photos avec les gens\u201d, s\u2019est-il justifi\u00e9.<\/p>\n<p>                        Pourquoi Florent Peyre a-t-il refus\u00e9 deux fois la demande en mariage de Virginie Stref ?<\/p>\n<p>\u201cIl y a \u00e7a et l\u2019id\u00e9e qu\u2019il y a un peu trop de pression ce jour-l\u00e0 et que vous n\u2019avez pas envie de \u00e7a ?\u201d, lui a demand\u00e9 de pr\u00e9ciser le pr\u00e9sentateur de l\u2019\u00e9mission de RTL. \u201cHormis le fait de c\u00e9l\u00e9brer son amour devant toute sa famille, ses proches et que \u00e7a fait une grande f\u00eate lors de laquelle vous dites \u00e0 tout le monde : \u2018On s\u2019aime, on vous aime\u2019. C\u2019est un grand moment d\u2019amour, je ne le nie pas\u201d, a lanc\u00e9 Florent Peyre, avant de nuancer. \u00ab\u00a0Mais l\u2019organisation, et la journ\u00e9e, quand je vois mes potes courir apr\u00e8s le tonton qu\u2019on n\u2019a pas vu depuis 100 ans avec qui il faut faire la photo. Tout \u00e7a, \u00e7a me\u2026\u00a0\u00bb, a-t-il d\u00e9plor\u00e9. \u201cMariez-vous en cachette\u2026\u201d, a alors sugg\u00e9r\u00e9 \u00c9ric Dussart, tenant visiblement \u00e0 ce mariage apr\u00e8s plus d\u2019une d\u00e9cennie d\u2019amour. \u201cOui, mais si vous vous mariez en cachette, apr\u00e8s vos parents vous disent : \u2018Mais pourquoi t\u2019as pas invit\u00e9 tonton Jeannot ?&rsquo;\u201d, a conclu son invit\u00e9 estimant qu\u2019il <b>\u201cfaut faire un gros mariage\u201d<\/b>, afin d\u2019\u00e9viter \u201cle drame\u201d. Sur les ondes de RTL, Florent Peyre a aussi \u00e9t\u00e9 interrog\u00e9 sur son choix de ne pas avoir de deuxi\u00e8me enfant pour des raisons \u00e9cologiques. Le p\u00e8re de Marius, n\u00e9 en 2017, semble toutefois plus flexible \u00e0 ce sujet. \u201cTout change\u201d, pr\u00e9vient-il.<\/p>\n<p>            Bient\u00f4t un deuxi\u00e8me enfant ? D\u2019abord r\u00e9ticent, Florent Peyre h\u00e9site un peu<\/p>\n<p>Florent Peyre consid\u00e9rait avec sa compagne qu\u2019<a href=\"https:\/\/www.programme-tv.net\/news\/people\/365296-nul-n-est-parfait-florent-peyre-commandant-saint-barth-ne-veut-pas-de-second-enfant-il-explique-les-raisons-de-ce-choix\/\" data-api-deeplink=\"teleloisirs:\/\/news\/365296\" rel=\"nofollow noopener\" target=\"_blank\">\u201cun seul enfant, c\u2019\u00e9tait bien\u201d<\/a>. \u201cParce qu\u2019effectivement si vous faites un deuxi\u00e8me enfant, vous rajoutez un consommateur sur cette pauvre plan\u00e8te. Apr\u00e8s, l\u2019autre argument, qui va dans le sens contraire, c\u2019est que selon l\u2019\u00e9ducation qu\u2019on lui donne, on rajoute une personne qui peut \u0153uvrer (en faveur de l\u2019\u00e9cologie, ndlr)\u201d, a-t-il d\u00e9taill\u00e9. Donc, \u201cpourquoi pas ?\u201d, dit-il, m\u00eame si son fils, Marius, estime qu\u2019ils sont bien tous les trois. Affaire \u00e0 suivre\u2026<\/p>\n<p>Article \u00e9crit en collaboration avec 6Medias<\/p>\n","protected":false},"excerpt":{"rendered":"C\u2019est le genre d\u2019histoire qui aurait pu faire l\u2019objet d\u2019un \u00e9pisode des Myst\u00e8res de l\u2019amour. Une s\u00e9rie dans&hellip;\n","protected":false},"author":2,"featured_media":472947,"comment_status":"","ping_status":"","sticky":false,"template":"","format":"standard","meta":{"footnotes":""},"categories":[1359],"tags":[244,58,59,11889,18287,59627,1011,27,1930,973],"class_list":{"0":"post-472946","1":"post","2":"type-post","3":"status-publish","4":"format-standard","5":"has-post-thumbnail","7":"category-people","8":"tag-commentaire","9":"tag-divertissement","10":"tag-entertainment","11":"tag-eric-dussart","12":"tag-extraits","13":"tag-florent-peyre","14":"tag-fr","15":"tag-france","16":"tag-mariage","17":"tag-people"},"share_on_mastodon":{"url":"https:\/\/pubeurope.com\/@fr\/115396301964437698","error":""},"_links":{"self":[{"href":"https:\/\/www.europesays.com\/fr\/wp-json\/wp\/v2\/posts\/472946","targetHints":{"allow":["GET"]}}],"collection":[{"href":"https:\/\/www.europesays.com\/fr\/wp-json\/wp\/v2\/posts"}],"about":[{"href":"https:\/\/www.europesays.com\/fr\/wp-json\/wp\/v2\/types\/post"}],"author":[{"embeddable":true,"href":"https:\/\/www.europesays.com\/fr\/wp-json\/wp\/v2\/users\/2"}],"replies":[{"embeddable":true,"href":"https:\/\/www.europesays.com\/fr\/wp-json\/wp\/v2\/comments?post=472946"}],"version-history":[{"count":0,"href":"https:\/\/www.europesays.com\/fr\/wp-json\/wp\/v2\/posts\/472946\/revisions"}],"wp:featuredmedia":[{"embeddable":true,"href":"https:\/\/www.europesays.com\/fr\/wp-json\/wp\/v2\/media\/472947"}],"wp:attachment":[{"href":"https:\/\/www.europesays.com\/fr\/wp-json\/wp\/v2\/media?parent=472946"}],"wp:term":[{"taxonomy":"category","embeddable":true,"href":"https:\/\/www.europesays.com\/fr\/wp-json\/wp\/v2\/categories?post=472946"},{"taxonomy":"post_tag","embeddable":true,"href":"https:\/\/www.europesays.com\/fr\/wp-json\/wp\/v2\/tags?post=472946"}],"curies":[{"name":"wp","href":"https:\/\/api.w.org\/{rel}","templated":true}]}}