{"id":472952,"date":"2025-10-18T17:19:11","date_gmt":"2025-10-18T17:19:11","guid":{"rendered":"https:\/\/www.europesays.com\/fr\/472952\/"},"modified":"2025-10-18T17:19:11","modified_gmt":"2025-10-18T17:19:11","slug":"qui-sont-les-invites-de-lea-salame-ce-samedi-18-octobre-2025","status":"publish","type":"post","link":"https:\/\/www.europesays.com\/fr\/472952\/","title":{"rendered":"Qui sont les invit\u00e9s de L\u00e9a Salam\u00e9 ce samedi 18 octobre 2025?"},"content":{"rendered":"<p>    L\u00e9a Salam\u00e9, sur France 2, dans \u00abQuelle \u00e9poque!\u00bb.<br \/>\n                St\u00e9phane GRANGIER &#8211; France T\u00e9l\u00e9visions<\/p>\n<p>\n    Patrick Fiori et Benjamin Biolay pour leurs nouveaux albums, Alain Jupp\u00e9 et Am\u00e9lie Nothomb pour leurs derniers livres&#8230; La journaliste et son \u00e9quipe re\u00e7oivent du beau monde ce soir sur France 2.<\/p>\n<p class=\"fig-paragraph\">L\u2019heure est venue pour\u00a0<a href=\"http:\/\/tvmag.lefigaro.fr\/programme-tv\/people\/je-commente-avec-elle-la-declaration-d-amour-a-sa-fille-du-pere-de-lea-salame-20251018\" target=\"_blank\" data-fig-type=\"Article\" rel=\"noopener\" data-gtm-custom-categorie=\"navigation\" data-gtm-custom-action=\"crossclick\" data-gtm-custom-label=\"Contextuel\" data-gtm-event=\"customEventSPE\" data-fig-domain=\"TVMAG\">L\u00e9a Salam\u00e9<\/a>, aux prises depuis des semaines avec les difficult\u00e9s inh\u00e9rentes \u00e0 la pr\u00e9sentation d\u2019un JT, de se d\u00e9tendre un peu. Dans son talk-show du samedi soir, qu\u2019elle anime depuis plus de trois ans, elle re\u00e7oit comme chaque samedi, une foule d\u2019invit\u00e9s de toutes ob\u00e9diences et de tous les milieux.<\/p>\n<p class=\"fig-paragraph\">D\u2019abord\u00a0<a href=\"http:\/\/tvmag.lefigaro.fr\/programme-tv\/actu-tele\/j-aimerais-au-moins-le-faire-une-fois-patrick-fiori-pret-a-rejoindre-the-voice-adulte-20250918\" data-fig-type=\"Article\" data-gtm-custom-categorie=\"navigation\" data-gtm-custom-action=\"crossclick\" data-gtm-custom-label=\"Contextuel\" data-gtm-event=\"customEventSPE\" data-fig-domain=\"TVMAG\" target=\"_blank\" rel=\"noopener\"><strong>Patrick Fiori<\/strong><\/a> . Le chanteur corse viendra pr\u00e9senter Corsu Mezu Mezu 3, son nouvel album, r\u00e9alis\u00e9 en collaboration avec Fr\u00e9d\u00e9ric Poggi, membre du groupe Voce Ventu, mais aussi avec Aliz\u00e9e, grande absente des studios depuis le succ\u00e8s de Moi&#8230; Lolita. Un disque qui tient d\u2019autant plus \u00e0 c\u0153ur de l\u2019artiste s\u2019est adjoint la contribution de deux des coachs de \u00abThe Voice Kids\u00bb, Matt Pokora et Santa, ainsi que Francis Cabrel, J\u00e9r\u00e9my Fr\u00e9rot, V\u00e9ronique Sanson et Marc Lavoine. \u00c0 noter, Corsu Mezu Mezu f\u00eatera ses dix ans en mai 2026, \u00e0 Marseille, lors d\u2019un concert exceptionnel auquel se joindra \u00e9galement Florent Pagny. Une sacr\u00e9e bande.<\/p>\n<p class=\"fig-body-link\">\n            \u00c0 lire aussi<br \/>\n        <a class=\"fig-body-link__link\" href=\"http:\/\/tvmag.lefigaro.fr\/programme-tv\/actu-tele\/j-aimerais-au-moins-le-faire-une-fois-patrick-fiori-pret-a-rejoindre-the-voice-adulte-20250918\" data-fig-type=\"Article\" data-gtm-custom-categorie=\"navigation\" data-gtm-custom-action=\"crossclick\" data-gtm-custom-label=\"Contextuel\" data-gtm-event=\"customEventSPE\" data-fig-domain=\"TVMAG\" target=\"_blank\" rel=\"noopener\">\u00abJ\u2019aimerais au moins le faire une fois\u00bb\u00a0: Patrick Fiori, pr\u00eat \u00e0 rejoindre \u00abThe Voice\u00bb adulte<br \/>\n    <\/a>\n<\/p>\n<p>                                    <a class=\"fig-a11y-skip a11y-hidden\" href=\"#fig-a11y-skip-main-inarticle\"><br \/>\n        Passer la publicit\u00e9<br \/>\n    <\/a><\/p>\n<p>Le plus s\u00e9duisant des crooners<\/p>\n<p class=\"fig-paragraph\">Dans un registre diff\u00e9rent, L\u00e9a Salam\u00e9 et Hugo Cl\u00e9ment, accueilleront en plateau le crooner le plus s\u00e9duisant de tous les temps\u00a0<a href=\"http:\/\/www.lefigaro.fr\/musique\/benjamin-biolay-il-ne-faut-pas-etre-dans-l-autocelebration-20251015\" target=\"_blank\" data-fig-type=\"Article\" rel=\"noopener\" data-gtm-custom-categorie=\"navigation\" data-gtm-custom-action=\"crossclick\" data-gtm-custom-label=\"Contextuel\" data-gtm-event=\"customEventSPE\" data-fig-domain=\"LEFIGARO\"><strong>Benjamin Biolay<\/strong><\/a> . Le chanteur revient avec un nouvel album intitul\u00e9 Le disque bleu, un diptyque tr\u00e8s inspir\u00e9, dans lequel il embrasse une vari\u00e9t\u00e9 de styles qui traduit son app\u00e9tit insatiable de musique.<\/p>\n<p class=\"fig-body-link\">\n            \u00c0 lire aussi<br \/>\n        <a class=\"fig-body-link__link fig-premium-mark\" href=\"http:\/\/www.lefigaro.fr\/musique\/benjamin-biolay-il-ne-faut-pas-etre-dans-l-autocelebration-20251015\" data-fig-type=\"Article\" data-gtm-custom-categorie=\"navigation\" data-gtm-custom-action=\"crossclick\" data-gtm-custom-label=\"Contextuel\" data-gtm-event=\"customEventSPE\" data-fig-domain=\"LEFIGARO\" target=\"_blank\" rel=\"noopener\">Benjamin Biolay\u00a0: \u00abIl ne faut pas \u00eatre dans l\u2019autoc\u00e9l\u00e9bration\u00bb<br \/>\n    <\/a>\n<\/p>\n<p class=\"fig-paragraph\">Le Disque bleu est le fruit d\u2019une plus grande discipline. Mais ma passion est intacte. Je me suis rendu compte qu\u2019\u00e9crire des chansons est mon activit\u00e9 pr\u00e9f\u00e9r\u00e9e. Un soir, au Br\u00e9sil, \u00e0 un moment o\u00f9 je sentais qu\u2019une chanson arrivait, les musiciens sont all\u00e9s faire la f\u00eate, mais je suis rest\u00e9 dans ma chambre. Le lendemain matin, j\u2019avais fini la chanson et je me suis dit\u00a0: \u00ab Voil\u00e0, je n\u2019ai pas fait la f\u00eate, mais j\u2019ai un morceau.\u00a0\u00bb, d\u00e9clarait-il r\u00e9cemment dans nos colonnes.<\/p>\n<p class=\"fig-body-link\">\n            \u00c0 lire aussi<br \/>\n        <a class=\"fig-body-link__link fig-premium-mark\" href=\"http:\/\/www.lefigaro.fr\/livres\/frederic-beigbeder-plus-que-le-courage-de-nicolas-demorand-il-faut-saluer-son-exemplarite-20250411\" data-fig-type=\"Article\" data-gtm-custom-categorie=\"navigation\" data-gtm-custom-action=\"crossclick\" data-gtm-custom-label=\"Contextuel\" data-gtm-event=\"customEventSPE\" data-fig-domain=\"LEFIGARO\" target=\"_blank\" rel=\"noopener\">Fr\u00e9d\u00e9ric Beigbeder\u00a0: \u00abPlus que le courage de Nicolas Demorand, il faut saluer son exemplarit\u00e9\u00bb<br \/>\n    <\/a>\n<\/p>\n<p class=\"fig-paragraph\">Du c\u00f4t\u00e9 de l\u2019info, L\u00e9a Salam\u00e9 retrouvera ses anciens coll\u00e8gues de France Inter\u00a0<a href=\"http:\/\/www.lefigaro.fr\/livres\/frederic-beigbeder-plus-que-le-courage-de-nicolas-demorand-il-faut-saluer-son-exemplarite-20250411\" target=\"_blank\" data-fig-type=\"Article\" rel=\"noopener\" data-gtm-custom-categorie=\"navigation\" data-gtm-custom-action=\"crossclick\" data-gtm-custom-label=\"Contextuel\" data-gtm-event=\"customEventSPE\" data-fig-domain=\"LEFIGARO\"><strong>Nicolas Demorand<\/strong><\/a> \u00a0et Sonia Devillers, ainsi que le petit nouveau de la bande,\u00a0<a href=\"http:\/\/tvmag.lefigaro.fr\/programme-tv\/actu-tele\/mais-taisez-vous-un-peu-jean-luc-melenchon-s-enerve-contre-benjamin-duhamel-sur-france-inter-20251013\" target=\"_blank\" data-fig-type=\"Article\" rel=\"noopener\" data-gtm-custom-categorie=\"navigation\" data-gtm-custom-action=\"crossclick\" data-gtm-custom-label=\"Contextuel\" data-gtm-event=\"customEventSPE\" data-fig-domain=\"TVMAG\"><strong>Benjamin Duhamel<\/strong><\/a>, qui lui a succ\u00e9d\u00e9 \u00e0 l\u2019interview politique de la matinale de la radio publique. Il y a fort \u00e0 parier que l\u2019on reviendra avec humour sur le cas Jean-Luc M\u00e9lenchon.<\/p>\n<p class=\"fig-body-link\">\n            \u00c0 lire aussi<br \/>\n        <a class=\"fig-body-link__link\" href=\"http:\/\/tvmag.lefigaro.fr\/programme-tv\/actu-tele\/alain-juppe-ne-me-calculait-pas-lea-salame-raconte-son-pire-souvenir-de-carriere-20250703\" data-fig-type=\"Article\" data-gtm-custom-categorie=\"navigation\" data-gtm-custom-action=\"crossclick\" data-gtm-custom-label=\"Contextuel\" data-gtm-event=\"customEventSPE\" data-fig-domain=\"TVMAG\" target=\"_blank\" rel=\"noopener\">\u00abAlain Jupp\u00e9 ne me calculait pas\u00bb\u00a0: L\u00e9a Salam\u00e9 raconte son pire souvenir de carri\u00e8re<br \/>\n    <\/a>\n<\/p>\n<p class=\"fig-paragraph\">Plus s\u00e9rieusement, la journaliste s\u2019entretiendra ensuite avec l\u2019ancien maire de Bordeaux et ancien Premier ministre\u00a0<a href=\"http:\/\/tvmag.lefigaro.fr\/programme-tv\/actu-tele\/alain-juppe-ne-me-calculait-pas-lea-salame-raconte-son-pire-souvenir-de-carriere-20250703\" target=\"_blank\" data-fig-type=\"Article\" rel=\"noopener\" data-gtm-custom-categorie=\"navigation\" data-gtm-custom-action=\"crossclick\" data-gtm-custom-label=\"Contextuel\" data-gtm-event=\"customEventSPE\" data-fig-domain=\"TVMAG\"><strong>Alain Jupp\u00e9<\/strong><\/a>, dont elle a d\u00e9clar\u00e9 qu\u2019il \u00e9tait son pire souvenir d\u2019interview. L\u2019homme politique de 80 ans, tr\u00e8s rare \u00e0 la t\u00e9l\u00e9vision, \u00e9voquera son livre L\u2019heure du choix, pour une d\u00e9claration d\u2019ind\u00e9pendance des Europ\u00e9ens, publi\u00e9 il y a quelques jours aux \u00e9ditions Tallandier.<\/p>\n<p class=\"fig-paragraph\">Viendront enfin\u00a0<a href=\"http:\/\/www.lefigaro.fr\/livres\/l-hommage-bouleversant-d-amelie-nothomb-rendu-a-sa-mere-20250920\" target=\"_blank\" data-fig-type=\"Article\" rel=\"noopener\" data-gtm-custom-categorie=\"navigation\" data-gtm-custom-action=\"crossclick\" data-gtm-custom-label=\"Contextuel\" data-gtm-event=\"customEventSPE\" data-fig-domain=\"LEFIGARO\"><strong>Am\u00e9lie Nothomb<\/strong><\/a>, pour son nouveau roman Tant mieux, publi\u00e9 chez Albin Michel, Karine Joly et Greg Rozier, champions du monde de Freefly.<\/p>\n","protected":false},"excerpt":{"rendered":"L\u00e9a Salam\u00e9, sur France 2, dans \u00abQuelle \u00e9poque!\u00bb. St\u00e9phane GRANGIER &#8211; France T\u00e9l\u00e9visions Patrick Fiori et Benjamin Biolay&hellip;\n","protected":false},"author":2,"featured_media":472953,"comment_status":"","ping_status":"","sticky":false,"template":"","format":"standard","meta":{"footnotes":""},"categories":[1356],"tags":[58,59,1011,27,594,3806,252,1364],"class_list":{"0":"post-472952","1":"post","2":"type-post","3":"status-publish","4":"format-standard","5":"has-post-thumbnail","7":"category-television","8":"tag-divertissement","9":"tag-entertainment","10":"tag-fr","11":"tag-france","12":"tag-france-2","13":"tag-lea-salame","14":"tag-television","15":"tag-tv"},"share_on_mastodon":{"url":"https:\/\/pubeurope.com\/@fr\/115396317429584851","error":""},"_links":{"self":[{"href":"https:\/\/www.europesays.com\/fr\/wp-json\/wp\/v2\/posts\/472952","targetHints":{"allow":["GET"]}}],"collection":[{"href":"https:\/\/www.europesays.com\/fr\/wp-json\/wp\/v2\/posts"}],"about":[{"href":"https:\/\/www.europesays.com\/fr\/wp-json\/wp\/v2\/types\/post"}],"author":[{"embeddable":true,"href":"https:\/\/www.europesays.com\/fr\/wp-json\/wp\/v2\/users\/2"}],"replies":[{"embeddable":true,"href":"https:\/\/www.europesays.com\/fr\/wp-json\/wp\/v2\/comments?post=472952"}],"version-history":[{"count":0,"href":"https:\/\/www.europesays.com\/fr\/wp-json\/wp\/v2\/posts\/472952\/revisions"}],"wp:featuredmedia":[{"embeddable":true,"href":"https:\/\/www.europesays.com\/fr\/wp-json\/wp\/v2\/media\/472953"}],"wp:attachment":[{"href":"https:\/\/www.europesays.com\/fr\/wp-json\/wp\/v2\/media?parent=472952"}],"wp:term":[{"taxonomy":"category","embeddable":true,"href":"https:\/\/www.europesays.com\/fr\/wp-json\/wp\/v2\/categories?post=472952"},{"taxonomy":"post_tag","embeddable":true,"href":"https:\/\/www.europesays.com\/fr\/wp-json\/wp\/v2\/tags?post=472952"}],"curies":[{"name":"wp","href":"https:\/\/api.w.org\/{rel}","templated":true}]}}