{"id":472954,"date":"2025-10-18T17:20:13","date_gmt":"2025-10-18T17:20:13","guid":{"rendered":"https:\/\/www.europesays.com\/fr\/472954\/"},"modified":"2025-10-18T17:20:13","modified_gmt":"2025-10-18T17:20:13","slug":"sa-derniere-chanson-affole-la-toile-elle-reagit","status":"publish","type":"post","link":"https:\/\/www.europesays.com\/fr\/472954\/","title":{"rendered":"sa derni\u00e8re chanson affole la toile, elle r\u00e9agit"},"content":{"rendered":"<p>Par <a class=\"author_recette\" id=\"author_name\" href=\"https:\/\/www.nextplz.fr\/auteur\/julie-pacheco\" rel=\"nofollow noopener\" target=\"_blank\">Julie<br \/>\nPacheco<\/a> &#8211;<br \/>\nPubli\u00e9 le 18 Oct 2025 \u00e0<br \/>\n15:30<\/p>\n<p class=\"article-intro excerpt\">Depuis la sortie de la r\u00e9\u00e9dition<br \/>\nde son album, une chanson a sem\u00e9 le trouble parmi les fans d\u2019H\u00e9l\u00e9na<br \/>\nBailly. Loin de toi (jamais), titre m\u00e9lancolique et intime, a<br \/>\nrelanc\u00e9 les sp\u00e9culations autour de sa relation avec Pierre<br \/>\nGarnier.<\/p>\n<p>Avant d\u2019\u00eatre la chanteuse qu\u2019on conna\u00eet aujourd\u2019hui, H\u00e9l\u00e9na<br \/>\nBailly s\u2019est r\u00e9v\u00e9l\u00e9e gr\u00e2ce \u00e0 la Star Academy 2023.<br \/>\nD\u00a0\u00bbailleurs, la jeune femme n&rsquo;avait jamais chant\u00e9 devant qui que ce<br \/>\nsoit avant de s&rsquo;inscrire au programme. De quoi en \u00e9tonner plus<br \/>\nd&rsquo;eux. Mais, H\u00e9l\u00e9na est la preuve qu&rsquo;avec du travail et du<br \/>\nl\u00e2ch\u00e9-prise, tout est possible. C\u2019est au ch\u00e2teau de la Star Ac<br \/>\nqu\u2019elle a rencontr\u00e9 Pierre Garnier, alors inconnu du grand public.<br \/>\nTous deux ont partag\u00e9 des semaines d\u2019apprentissage, de rires et de<br \/>\nmusique, devant les cam\u00e9ras et les t\u00e9l\u00e9spectateurs. <a href=\"https:\/\/www.nextplz.fr\/people\/497302-helena-bailly-retrouve-pierre-garnier-la-reaction-emouvante-de-la-maman-de-la-jeune-femme-elle-etait-presque-en\" rel=\"nofollow noopener\" target=\"_blank\"><br \/>\nLeur complicit\u00e9 a imm\u00e9diatement saut\u00e9 aux yeux<\/a>. Lors de la<br \/>\ngrande tourn\u00e9e, sold\u00e9e \u00e0 guichets ferm\u00e9s, cette alchimie s\u2019est<br \/>\nconfirm\u00e9e, nourrissant les rumeurs d\u2019une romance. Mais \u00e0 chaque<br \/>\ninterview, les deux anciens acad\u00e9miciens ont proclam\u00e9 le m\u00eame<br \/>\nmessage : entre eux, il n\u2019y a qu\u2019une belle amiti\u00e9.<\/p>\n<p>Une chanson qui s\u00e8me le doute<\/p>\n<p>C\u2019est pourtant l\u2019une des nouvelles chansons d\u2019H\u00e9l\u00e9na Bailly,<br \/>\nissue de la r\u00e9\u00e9dition de H\u00e9l\u00e9, qui a rallum\u00e9 la curiosit\u00e9<br \/>\ndu public. Dans Loin de toi (jamais), la chanteuse \u00e9voque<br \/>\nla distance, le manque et un \u00ab\u00a0je t\u2019aime\u00a0\u00bb murmur\u00e9 apr\u00e8s<br \/>\nl\u2019avoir chant\u00e9. Mais, les paroles de sa chanson ne s&rsquo;arr\u00eate pas l\u00e0<br \/>\n: \u00ab\u00a0\u00c0 peine on se retrouve que d\u00e9j\u00e0 on se perd. Parfois m\u00eame<br \/>\npour se voir faut passer la fronti\u00e8re du risque\u00a0\u00bb,<br \/>\ninterpr\u00e8te-t-elle. Tr\u00e8s vite, les internautes y ont vu un message<br \/>\ncach\u00e9 pour Pierre Garnier, imaginant que l\u2019artiste avait choisi la<br \/>\nmusique pour exprimer ce qu\u2019elle n\u2019avait jamais dit ouvertement.<br \/>\nD&rsquo;ailleurs, de nombreuses rumeurs affirment qu&rsquo;ils ont \u00e9t\u00e9 vu main<br \/>\ndans la main. Un comportement qui prouverait leur union<br \/>\nsecr\u00e8te.<\/p>\n<p>Une mise au clair toute en<br \/>\npudeur<\/p>\n<p>Consciente de l\u2019effervescence autour du morceau, <a href=\"https:\/\/www.instagram.com\/helena_blly\/?hl=fr\" target=\"_blank\" rel=\"nofollow noopener\">H\u00e9l\u00e9na Bailly<\/a> a accept\u00e9 de r\u00e9pondre aux questions du<br \/>\nParisien juste avant sa tourn\u00e9e des Z\u00e9niths. Sa r\u00e9ponse,<br \/>\naussi douce qu\u2019\u00e9nigmatique, n\u2019a pas totalement dissip\u00e9 le myst\u00e8re :<br \/>\n\u00ab\u00a0Que j\u2019aie une relation ou pas, elle est forc\u00e9ment \u00e0 distance<br \/>\naujourd\u2019hui vu mon agenda. Mais pour moi, c\u2019est une chanson qui<br \/>\nparle de tous les amours.\u00a0\u00bb Puis elle a confi\u00e9, plus \u00e9mue :<br \/>\n\u00ab\u00a0Quand je l\u2019ai fait \u00e9couter \u00e0 mon fr\u00e8re, il a \u00e9t\u00e9 extr\u00eamement<br \/>\ntouch\u00e9.\u00a0\u00bb Une mani\u00e8re de rappeler que ses textes puisent dans<br \/>\nl\u2019intime, sans forc\u00e9ment d\u00e9signer quelqu\u2019un.<\/p>\n<p>Une fid\u00e9lit\u00e9 rare dans le<br \/>\nmilieu<\/p>\n<p>Au-del\u00e0 des rumeurs, H\u00e9l\u00e9na Bailly reste attach\u00e9e aux rencontres<br \/>\nhumaines qu\u2019a offertes la Star Academy. Parmi elles, celle<br \/>\navec Marl\u00e8ne Schaff, devenue professeure d\u2019expression sc\u00e9nique<br \/>\napr\u00e8s avoir \u00e9t\u00e9 r\u00e9p\u00e9titrice. Les deux femmes ont gard\u00e9 un lien<br \/>\nsinc\u00e8re. \u00ab\u00a0Je suis \u00e9videmment fi\u00e8re de son parcours, mais c\u2019est<br \/>\nl\u2019humain qui a parl\u00e9. On est devenues amies, tout simplement\u00a0\u00bb,<br \/>\na confi\u00e9 Marl\u00e8ne \u00e0 Cosmopolitan. Tandis que les fans<br \/>\ncontinuent de scruter chaque parole de ses chansons, H\u00e9l\u00e9na, elle,<br \/>\navance, fid\u00e8le \u00e0 ceux qui l\u2019ont accompagn\u00e9e depuis le ch\u00e2teau.<\/p>\n<p><script async src=\"\/\/www.instagram.com\/embed.js\"><\/script><\/p>\n","protected":false},"excerpt":{"rendered":"Par Julie Pacheco &#8211; Publi\u00e9 le 18 Oct 2025 \u00e0 15:30 Depuis la sortie de la r\u00e9\u00e9dition de&hellip;\n","protected":false},"author":2,"featured_media":472955,"comment_status":"","ping_status":"","sticky":false,"template":"","format":"standard","meta":{"footnotes":""},"categories":[1355],"tags":[58,59,1011,27,1361,873],"class_list":{"0":"post-472954","1":"post","2":"type-post","3":"status-publish","4":"format-standard","5":"has-post-thumbnail","7":"category-musique","8":"tag-divertissement","9":"tag-entertainment","10":"tag-fr","11":"tag-france","12":"tag-music","13":"tag-musique"},"share_on_mastodon":{"url":"https:\/\/pubeurope.com\/@fr\/115396321364732181","error":""},"_links":{"self":[{"href":"https:\/\/www.europesays.com\/fr\/wp-json\/wp\/v2\/posts\/472954","targetHints":{"allow":["GET"]}}],"collection":[{"href":"https:\/\/www.europesays.com\/fr\/wp-json\/wp\/v2\/posts"}],"about":[{"href":"https:\/\/www.europesays.com\/fr\/wp-json\/wp\/v2\/types\/post"}],"author":[{"embeddable":true,"href":"https:\/\/www.europesays.com\/fr\/wp-json\/wp\/v2\/users\/2"}],"replies":[{"embeddable":true,"href":"https:\/\/www.europesays.com\/fr\/wp-json\/wp\/v2\/comments?post=472954"}],"version-history":[{"count":0,"href":"https:\/\/www.europesays.com\/fr\/wp-json\/wp\/v2\/posts\/472954\/revisions"}],"wp:featuredmedia":[{"embeddable":true,"href":"https:\/\/www.europesays.com\/fr\/wp-json\/wp\/v2\/media\/472955"}],"wp:attachment":[{"href":"https:\/\/www.europesays.com\/fr\/wp-json\/wp\/v2\/media?parent=472954"}],"wp:term":[{"taxonomy":"category","embeddable":true,"href":"https:\/\/www.europesays.com\/fr\/wp-json\/wp\/v2\/categories?post=472954"},{"taxonomy":"post_tag","embeddable":true,"href":"https:\/\/www.europesays.com\/fr\/wp-json\/wp\/v2\/tags?post=472954"}],"curies":[{"name":"wp","href":"https:\/\/api.w.org\/{rel}","templated":true}]}}