{"id":472960,"date":"2025-10-18T17:24:12","date_gmt":"2025-10-18T17:24:12","guid":{"rendered":"https:\/\/www.europesays.com\/fr\/472960\/"},"modified":"2025-10-18T17:24:12","modified_gmt":"2025-10-18T17:24:12","slug":"il-touche-beaucoup-les-abdos-ou-les-epaules-pour-voir-sils-sont-muscles-jarry-mis-en-cause-sur-un-tournage","status":"publish","type":"post","link":"https:\/\/www.europesays.com\/fr\/472960\/","title":{"rendered":"\u00ab\u00a0Il touche beaucoup les abdos ou les \u00e9paules pour voir s\u2019ils sont muscl\u00e9s\u00a0\u00bb\u2026 Jarry mis en cause sur un tournage"},"content":{"rendered":"<p>Ces derniers temps, tout r\u00e9ussi \u00e0 l\u2019humoriste <a href=\"https:\/\/www.20minutes.fr\/arts-stars\/people\/4100410-20240709-jarry-bord-larmes-derniere-tout-monde-veut-prendre-place\" target=\"_blank\" class=\"c-link c-link--is-underlined\" rel=\"noopener\">Jarry<\/a>. Il remplit les salles de sa tourn\u00e9e, est \u00e0 l&rsquo;affiche du film \u00ab Le Jour J \u00bb, va bient\u00f4t pr\u00e9senter <a href=\"https:\/\/www.20minutes.fr\/arts-stars\/television\/4162153-20250705-tf1-jarry-revient-chaine-comme-imposteur\" target=\"_blank\" class=\"c-link c-link--is-underlined\" rel=\"noopener\">\u00ab\u00a0The Imposter\u00a0\u00bb sur TF1<\/a> et planche sur l\u2019adaptation en s\u00e9rie de la com\u00e9die Maison de retraite. Mais c\u2019est justement sur le tournage de ce film sorti en\u00a02022 que le com\u00e9dien aurait abus\u00e9 de son statut aupr\u00e8s de techniciennes, costumi\u00e8res et autres collaborateurs d\u2019apr\u00e8s des t\u00e9moins interrog\u00e9s par <a href=\"https:\/\/www.mediapart.fr\/journal\/france\/171025\/blagues-racistes-propos-sexualisants-et-denigrement-l-humoriste-jarry-cree-le-malaise-sur-le-tournage-d-un\" rel=\"nofollow noopener\" target=\"_blank\" class=\"c-link c-link--is-underlined\">le site Mediapart<\/a>.<\/p>\n<p>Des blagues et des gestes tendancieux<\/p>\n<p>Un t\u00e9moin interrog\u00e9 (et qui a requis l\u2019anonymat comme l\u2019ensemble des t\u00e9moins de l\u2019enqu\u00eate Mediapart), note que l\u2019humoriste \u00ab\u00a0est tr\u00e8s tactile\u00a0\u00bb avec les jeunes com\u00e9diens et qu\u2019\u00ab\u00a0il touche beaucoup les abdos ou les \u00e9paules pour voir s\u2019ils sont muscl\u00e9s\u00a0\u00bb. Selon une autre technicienne pr\u00e9sente sur le tournage de Maison de retraite, \u00ab\u00a0Tout tourne autour du cul, il fait des vannes tendancieuses en permanence, et \u00e7a finit par \u00eatre d\u00e9gradant, voire humiliant pour les gens\u00a0\u00bb.<\/p>\n<p>D\u2019autres accusent le com\u00e9dien de <a href=\"https:\/\/www.20minutes.fr\/dossier\/racisme\" class=\"c-link c-link--is-underlined\" target=\"_blank\" rel=\"noopener\">propos racistes<\/a> quand par exemple il surnomme un jeune com\u00e9dien noir \u00ab\u00a0Kirikou\u00a0\u00bb ou tente des blagues du genre \u00ab\u00a0Il faut vite tourner, sinon on te verra plus.\u00a0\u00bb<\/p>\n<\/p>\n<p>Contact\u00e9 par Mediapart, Jarry n\u2019a pas souhait\u00e9 r\u00e9pondre aux questions des journalistes, pr\u00e9f\u00e9rant leur adresser ce message \u00ab\u00a0J\u2019esp\u00e8re vous avoir un jour dans ma salle pour comprendre ma qu\u00eate de rassembler les gens quels que soient leur sexe, religion, couleur de peau\u00a0! Le vivre-ensemble qui donne un sens \u00e0 la vie. Prenez sinc\u00e8rement soin de vous\u00a0\u00bb. L\u2019enqu\u00eate du m\u00e9dia d\u2019investigation ne fait \u00e9tat d\u2019aucune plainte \u00e0 l\u2019encontre de l\u2019humoriste.<\/p>\n","protected":false},"excerpt":{"rendered":"Ces derniers temps, tout r\u00e9ussi \u00e0 l\u2019humoriste Jarry. Il remplit les salles de sa tourn\u00e9e, est \u00e0 l&rsquo;affiche&hellip;\n","protected":false},"author":2,"featured_media":472961,"comment_status":"","ping_status":"","sticky":false,"template":"","format":"standard","meta":{"footnotes":""},"categories":[8],"tags":[650,251,58,59,1011,27,28742,21026,252,7434],"class_list":{"0":"post-472960","1":"post","2":"type-post","3":"status-publish","4":"format-standard","5":"has-post-thumbnail","7":"category-divertissement","8":"tag-cinema","9":"tag-culture","10":"tag-divertissement","11":"tag-entertainment","12":"tag-fr","13":"tag-france","14":"tag-harcelement-sexuel","15":"tag-mediapart","16":"tag-television","17":"tag-violences-sexuelles-et-sexistes"},"share_on_mastodon":{"url":"https:\/\/pubeurope.com\/@fr\/115396337023865599","error":""},"_links":{"self":[{"href":"https:\/\/www.europesays.com\/fr\/wp-json\/wp\/v2\/posts\/472960","targetHints":{"allow":["GET"]}}],"collection":[{"href":"https:\/\/www.europesays.com\/fr\/wp-json\/wp\/v2\/posts"}],"about":[{"href":"https:\/\/www.europesays.com\/fr\/wp-json\/wp\/v2\/types\/post"}],"author":[{"embeddable":true,"href":"https:\/\/www.europesays.com\/fr\/wp-json\/wp\/v2\/users\/2"}],"replies":[{"embeddable":true,"href":"https:\/\/www.europesays.com\/fr\/wp-json\/wp\/v2\/comments?post=472960"}],"version-history":[{"count":0,"href":"https:\/\/www.europesays.com\/fr\/wp-json\/wp\/v2\/posts\/472960\/revisions"}],"wp:featuredmedia":[{"embeddable":true,"href":"https:\/\/www.europesays.com\/fr\/wp-json\/wp\/v2\/media\/472961"}],"wp:attachment":[{"href":"https:\/\/www.europesays.com\/fr\/wp-json\/wp\/v2\/media?parent=472960"}],"wp:term":[{"taxonomy":"category","embeddable":true,"href":"https:\/\/www.europesays.com\/fr\/wp-json\/wp\/v2\/categories?post=472960"},{"taxonomy":"post_tag","embeddable":true,"href":"https:\/\/www.europesays.com\/fr\/wp-json\/wp\/v2\/tags?post=472960"}],"curies":[{"name":"wp","href":"https:\/\/api.w.org\/{rel}","templated":true}]}}