{"id":472964,"date":"2025-10-18T17:26:11","date_gmt":"2025-10-18T17:26:11","guid":{"rendered":"https:\/\/www.europesays.com\/fr\/472964\/"},"modified":"2025-10-18T17:26:11","modified_gmt":"2025-10-18T17:26:11","slug":"du-triple-a-a-a-la-lente-degradation-de-la-france-par-les-grandes-agences-de-notation-liberation","status":"publish","type":"post","link":"https:\/\/www.europesays.com\/fr\/472964\/","title":{"rendered":"Du \u00abtriple A\u00bb \u00e0 A+, la lente d\u00e9gradation de la France par les grandes agences de notation \u2013 Lib\u00e9ration"},"content":{"rendered":"<p class=\"sc-cPiKLX AiZTS text-element\">Pass\u00e9e du convoit\u00e9 \u00abtriple A\u00bb, qu\u2019elle d\u00e9tenait jusqu\u2019en janvier 2012, \u00e0 un simple A+, <a href=\"https:\/\/www.liberation.fr\/economie\/sp-abaisse-dun-cran-la-note-de-la-france-incertitude-elevee-sur-les-finances-publiques-20251017_ESEKRQWROFCV7BNPGBNFFOGM4E\/\" target=\"_blank\" rel=\"noopener\" title=\"https:\/\/www.liberation.fr\/economie\/sp-abaisse-dun-cran-la-note-de-la-france-incertitude-elevee-sur-les-finances-publiques-20251017_ESEKRQWROFCV7BNPGBNFFOGM4E\/\">depuis le 17 octobre 2025<\/a>, la France a vu sa note financi\u00e8re d\u00e9grad\u00e9e \u00e0 quatre reprises par Standard &amp; Poor\u2019s (S&amp;P), la principale des agences de notation qui \u00e9valuent la capacit\u00e9 des pays \u00e0 rembourser leurs dettes. <a href=\"https:\/\/www.liberation.fr\/futurs\/2012\/01\/14\/triple-a-la-france-n-est-plus-au-standard_788352\/\" target=\"_blank\" rel=\"noopener\" title=\"https:\/\/www.liberation.fr\/futurs\/2012\/01\/14\/triple-a-la-france-n-est-plus-au-standard_788352\/\">La premi\u00e8re est intervenue le 13 janvier 2012<\/a>, dans le contexte de la <a href=\"https:\/\/www.liberation.fr\/economie\/standards-and-poors-degrade-la-note-de-la-france-20240531_HJSVPGSULZEMRPEDWW7PZHTD2Q\/\" target=\"_blank\" rel=\"noopener\" title=\"https:\/\/www.liberation.fr\/economie\/standards-and-poors-degrade-la-note-de-la-france-20240531_HJSVPGSULZEMRPEDWW7PZHTD2Q\/\">crise de la dette en zone euro.<\/a> Durant celle-ci, la capacit\u00e9 de plusieurs pays partageant l\u2019euro, comme la Gr\u00e8ce et l\u2019Italie, \u00e0 rembourser leurs dettes est mise en doute, entra\u00eenant une perte de confiance dans l\u2019avenir de la monnaie unique. Si la France, alors dirig\u00e9e par Nicolas Sarkozy, ne fait pas partie des pays les plus en difficult\u00e9, elle peine d\u00e9j\u00e0 \u00e0 r\u00e9duire son d\u00e9ficit public et s\u2019endette \u00e0 des conditions moins favorables que l\u2019Allemagne.  <\/p>\n<p class=\"sc-cPiKLX AiZTS text-element\">Redout\u00e9e depuis plusieurs mois, objet de fortes controverses politiques, la perte du triple A est v\u00e9cue comme un d\u00e9classement symbolique du pays. Ses cons\u00e9quences sont cependant limit\u00e9es sur le plan financier. La nouvelle note du pays (AA+) reste bonne et les taux d\u2019int\u00e9r\u00eat de la France, toujours consid\u00e9r\u00e9e comme une valeur s\u00fbre, ne divergent pas significativement de ceux de l\u2019Allemagne. <\/p>\n<p class=\"sc-cPiKLX AiZTS text-element\">La deuxi\u00e8me d\u00e9gradation intervient le 8 novembre 2013. <a href=\"https:\/\/www.liberation.fr\/futurs\/2013\/11\/08\/la-france-perd-encore-de-son-credit-aupres-de-standard-amp-poor-s_945789\/\" target=\"_blank\" rel=\"noopener\" title=\"https:\/\/www.liberation.fr\/futurs\/2013\/11\/08\/la-france-perd-encore-de-son-credit-aupres-de-standard-amp-poor-s_945789\/\">La France passe de AA+ \u00e0 AA,<\/a> la troisi\u00e8me note sur l\u2019\u00e9chelle de S&amp;P. Bien que le nouveau pr\u00e9sident, le socialiste Fran\u00e7ois Hollande, se soit engag\u00e9 dans une politique de l\u2019offre, l\u2019agence juge que ses premi\u00e8res r\u00e9formes fiscales et sociales \u00abn\u2019augmenteront pas substantiellement les perspectives de croissance de la France \u00e0 moyen terme\u00bb, et pointe \u00e9galement le niveau \u00e9lev\u00e9 de ch\u00f4mage dans le pays. Revers politique pour le pouvoir et symbolique pour le pays, la mesure, l\u00e0 encore, est sans effet majeur sur la capacit\u00e9 d\u2019emprunt de la France. <\/p>\n<p class=\"sc-cPiKLX AiZTS text-element\">Les deux d\u00e9gradations suivantes se succ\u00e8dent rapidement sous le deuxi\u00e8me quinquennat d\u2019Emmanuel Macron, alors que les finances publiques ont durablement souffert de la crise du Covid et des baisses fiscales d\u00e9cid\u00e9es par le gouvernement. La premi\u00e8re baisse, de AA \u00e0 AA-, intervient le 31 mai 2024 et sanctionne, selon S&amp;P, un \u00abd\u00e9ficit budg\u00e9taire [&#8230;] en 2023 [&#8230;] nettement plus \u00e9lev\u00e9 que ce que nous avions pr\u00e9vu\u00bb. La seconde, \u00e0 A+, ce vendredi 17 octobre 2025, vise non seulement cette situation budg\u00e9taire, gu\u00e8re am\u00e9lior\u00e9e, mais aussi <a href=\"https:\/\/www.liberation.fr\/economie\/selon-lofce-la-crise-politique-pese-sur-leconomie-francaise-20251015_5HCXN3UQANAORE4TWSICT3U5MY\/\" target=\"_blank\" rel=\"noopener\" title=\"https:\/\/www.liberation.fr\/economie\/selon-lofce-la-crise-politique-pese-sur-leconomie-francaise-20251015_5HCXN3UQANAORE4TWSICT3U5MY\/\">l\u2019instabilit\u00e9 politique<\/a> provoqu\u00e9e par la dissolution de l\u2019Assembl\u00e9e nationale qu\u2019a d\u00e9cid\u00e9e en juin 2024 le chef de l\u2019Etat. <\/p>\n<p class=\"sc-cPiKLX AiZTS text-element\">En parall\u00e8le, la note de la France a aussi \u00e9t\u00e9 d\u00e9grad\u00e9e par les autres grandes agences de notation. Elle pointe d\u00e9sormais au quatri\u00e8me rang aupr\u00e8s de Moody\u2019s et au cinqui\u00e8me chez Fitch. D\u2019abord objets de d\u00e9bats politiques passionn\u00e9s, suscitant aussi <a href=\"https:\/\/www.liberation.fr\/economie\/et-si-on-notait-les-agences-de-notation-les-moodys-et-sp-ont-aussi-une-dette-a-notre-egard-20240425_4SEGG7XLTBAJPADQ3ZBSNDN4W4\/\" target=\"_blank\" rel=\"noopener\" title=\"https:\/\/www.liberation.fr\/economie\/et-si-on-notait-les-agences-de-notation-les-moodys-et-sp-ont-aussi-une-dette-a-notre-egard-20240425_4SEGG7XLTBAJPADQ3ZBSNDN4W4\/\">des mises en question des biais et de la fiabilit\u00e9 des agences<\/a> de notation, ces d\u00e9gradations se sont peu \u00e0 peu banalis\u00e9es. Parmi les \u00e9conomies europ\u00e9ennes de taille comparable \u00e0 la France, seule l\u2019Allemagne d\u00e9tient encore son triple A. Le Royaume-Uni est not\u00e9 \u00abAA\u00bb, l\u2019Italie BBB+, le huiti\u00e8me rang dans la notation de S&amp;P. Mais, contrairement \u00e0 Paris, Rome a r\u00e9cemment vu cette note relev\u00e9e. <\/p>\n","protected":false},"excerpt":{"rendered":"Pass\u00e9e du convoit\u00e9 \u00abtriple A\u00bb, qu\u2019elle d\u00e9tenait jusqu\u2019en janvier 2012, \u00e0 un simple A+, depuis le 17 octobre&hellip;\n","protected":false},"author":2,"featured_media":472965,"comment_status":"","ping_status":"","sticky":false,"template":"","format":"standard","meta":{"footnotes":""},"categories":[6],"tags":[25548,35,7993,33,34,1011,27],"class_list":{"0":"post-472964","1":"post","2":"type-post","3":"status-publish","4":"format-standard","5":"has-post-thumbnail","7":"category-economie","8":"tag-budget-public","9":"tag-business","10":"tag-dette-publique","11":"tag-economie","12":"tag-economy","13":"tag-fr","14":"tag-france"},"share_on_mastodon":{"url":"https:\/\/pubeurope.com\/@fr\/115396345060134052","error":""},"_links":{"self":[{"href":"https:\/\/www.europesays.com\/fr\/wp-json\/wp\/v2\/posts\/472964","targetHints":{"allow":["GET"]}}],"collection":[{"href":"https:\/\/www.europesays.com\/fr\/wp-json\/wp\/v2\/posts"}],"about":[{"href":"https:\/\/www.europesays.com\/fr\/wp-json\/wp\/v2\/types\/post"}],"author":[{"embeddable":true,"href":"https:\/\/www.europesays.com\/fr\/wp-json\/wp\/v2\/users\/2"}],"replies":[{"embeddable":true,"href":"https:\/\/www.europesays.com\/fr\/wp-json\/wp\/v2\/comments?post=472964"}],"version-history":[{"count":0,"href":"https:\/\/www.europesays.com\/fr\/wp-json\/wp\/v2\/posts\/472964\/revisions"}],"wp:featuredmedia":[{"embeddable":true,"href":"https:\/\/www.europesays.com\/fr\/wp-json\/wp\/v2\/media\/472965"}],"wp:attachment":[{"href":"https:\/\/www.europesays.com\/fr\/wp-json\/wp\/v2\/media?parent=472964"}],"wp:term":[{"taxonomy":"category","embeddable":true,"href":"https:\/\/www.europesays.com\/fr\/wp-json\/wp\/v2\/categories?post=472964"},{"taxonomy":"post_tag","embeddable":true,"href":"https:\/\/www.europesays.com\/fr\/wp-json\/wp\/v2\/tags?post=472964"}],"curies":[{"name":"wp","href":"https:\/\/api.w.org\/{rel}","templated":true}]}}