{"id":472966,"date":"2025-10-18T17:27:16","date_gmt":"2025-10-18T17:27:16","guid":{"rendered":"https:\/\/www.europesays.com\/fr\/472966\/"},"modified":"2025-10-18T17:27:16","modified_gmt":"2025-10-18T17:27:16","slug":"le-chef-humanitaire-de-lonu-evoque-une-tache-enorme","status":"publish","type":"post","link":"https:\/\/www.europesays.com\/fr\/472966\/","title":{"rendered":"Le chef humanitaire de l\u2019ONU \u00e9voque \u00ab\u00a0une t\u00e2che \u00e9norme\u00a0\u00bb"},"content":{"rendered":"<p>Une \u00ab\u00a0t\u00e2che \u00e9norme\u00a0\u00bb attend les associations d\u2019aide humanitaire pour pouvoir faire parvenir l\u2019aide d\u2019urgence n\u00e9cessaire dans la bande de <a href=\"https:\/\/www.20minutes.fr\/monde\/gaza\/\" class=\"c-link c-link--is-underlined\" target=\"_blank\" rel=\"noopener\">Gaza<\/a>, a plaid\u00e9 samedi le chef des op\u00e9rations humanitaires de l\u2019<a href=\"https:\/\/www.20minutes.fr\/monde\/onu\/\" class=\"c-link c-link--is-underlined\" target=\"_blank\" rel=\"noopener\">ONU<\/a> Tom Fletcher lors d\u2019une visite dans le territoire palestinien d\u00e9vast\u00e9 par deux ans de guerre.<\/p>\n<p>En parall\u00e8le, les autorit\u00e9s isra\u00e9liennes ont annonc\u00e9 samedi avoir identifi\u00e9 la d\u00e9pouille d\u2019un otage retenu \u00e0 Gaza remise la veille dans le cadre de l\u2019accord de cessez-le-feu entre <a href=\"https:\/\/www.20minutes.fr\/monde\/israel\/\" class=\"c-link c-link--is-underlined\" target=\"_blank\" rel=\"noopener\">Isra\u00ebl<\/a> et le <a href=\"https:\/\/www.20minutes.fr\/monde\/hamas\/\" class=\"c-link c-link--is-underlined\" target=\"_blank\" rel=\"noopener\">Hamas<\/a>.<\/p>\n<p>Lors d\u2019une visite \u00e0 Gaza-ville, M.\u00a0Fletcher a dit constater l\u2019ampleur des destructions. \u00ab\u00a0J\u2019\u00e9tais ici il y a sept ou huit mois. La plupart de ces b\u00e2timents \u00e9taient encore debout. Mais l\u00e0, c\u2019est absolument \u00e9pouvantable de voir une vaste partie de la ville devenue un terrain vague\u00a0\u00bb, a-t-il dit \u00e0 l\u2019AFP dans le quartier de Cheikh Radouane.<\/p>\n<p>Des secours mobilis\u00e9s pour retrouver les corps<\/p>\n<p>\u00ab\u00a0Nous avons maintenant un plan massif de 60 jours pour intensifier l\u2019approvisionnement alimentaire, distribuer un million de repas par jour, commencer \u00e0 reconstruire le secteur de la sant\u00e9, installer des tentes pour l\u2019hiver, remettre des centaines de milliers d\u2019enfants \u00e0 l\u2019\u00e9cole\u00a0\u00bb, a-t-il d\u00e9taill\u00e9.<\/p>\n<p>M.\u00a0Fletcher, qui est entr\u00e9 vendredi dans la bande de Gaza a estim\u00e9 que l\u2019Ocha (bureau de coordination de l\u2019aide humanitaire de l\u2019ONU) devra faire face \u00e0 \u00ab\u00a0une t\u00e2che \u00e9norme [\u2026] mais nous le devons aux gens ici qui ont travers\u00e9 tant de choses\u00a0\u00bb.<\/p>\n<\/p>\n<p>A travers Gaza, les secours s\u2019activent pour retrouver des corps de <a href=\"https:\/\/www.20minutes.fr\/monde\/palestine\/\" class=\"c-link c-link--is-underlined\" target=\"_blank\" rel=\"noopener\">Palestiniens <\/a>ensevelis sous les gravats, tandis que le Hamas cherche \u00e0 retrouver des d\u00e9pouilles d\u2019otages isra\u00e9liens qu\u2019il doit remettre \u00e0 la <a href=\"https:\/\/www.20minutes.fr\/monde\/croix-rouge\/\" class=\"c-link c-link--is-underlined\" target=\"_blank\" rel=\"noopener\">Croix-Rouge<\/a> dans le cadre de l\u2019accord de cessez-le-feu.<\/p>\n<p>Par ailleurs, pour aider \u00e0 la recherche des corps, isra\u00e9liens comme palestiniens, une \u00e9quipe de 81 membres de l\u2019Afad, l\u2019agence turque de gestion des catastrophes, attend depuis vendredi \u00e0 la fronti\u00e8re c\u00f4t\u00e9 \u00e9gyptien, selon un haut responsable turc \u00e0 l\u2019AFP.<\/p>\n<p>Le plan de Trump pr\u00e9voit une aide imm\u00e9diate<\/p>\n<p>Le Programme alimentaire mondial a appel\u00e9 vendredi \u00e0 l\u2019ouverture de tous les points de passage, contr\u00f4l\u00e9s par Isra\u00ebl, vers le territoire palestinien pour \u00ab\u00a0l\u2019inonder de nourriture\u00a0\u00bb.<\/p>\n<p>Le plan n\u00e9goci\u00e9 sous l\u2019\u00e9gide de <a href=\"https:\/\/www.20minutes.fr\/dossier\/donald_trump\" class=\"c-link c-link--is-underlined\" target=\"_blank\" rel=\"noopener\">Donald Trump <\/a>pr\u00e9voit que \u00ab\u00a0d\u00e8s l\u2019acceptation de cet accord, une aide compl\u00e8te sera imm\u00e9diatement achemin\u00e9e dans la bande de Gaza\u00a0\u00bb.<\/p>\n<p>Une \u00e9tape ult\u00e9rieure du plan visant \u00e0 la paix pr\u00e9voit \u00e9galement le d\u00e9sarmement du Hamas et l\u2019amnistie ou l\u2019exil de ses combattants et la poursuite du retrait isra\u00e9lien, des points qui restent sujets \u00e0 discussion.<\/p>\n<p>L\u2019attaque du 7\u00a0octobre a entra\u00een\u00e9 du c\u00f4t\u00e9 isra\u00e9lien la mort de 1.221 personnes, en majorit\u00e9 des civils, selon un bilan \u00e9tabli par l\u2019AFP \u00e0 partir de donn\u00e9es officielles. L\u2019offensive isra\u00e9lienne men\u00e9e en repr\u00e9sailles a fait 67.967 morts \u00e0 Gaza, en majorit\u00e9 des civils, selon les chiffres du minist\u00e8re de la Sant\u00e9 du Hamas.<\/p>\n","protected":false},"excerpt":{"rendered":"Une \u00ab\u00a0t\u00e2che \u00e9norme\u00a0\u00bb attend les associations d\u2019aide humanitaire pour pouvoir faire parvenir l\u2019aide d\u2019urgence n\u00e9cessaire dans la bande&hellip;\n","protected":false},"author":2,"featured_media":472967,"comment_status":"","ping_status":"","sticky":false,"template":"","format":"standard","meta":{"footnotes":""},"categories":[5],"tags":[47,11,3259,1011,27,665,3519,14,664,74,12,3521,3518,28],"class_list":{"0":"post-472966","1":"post","2":"type-post","3":"status-publish","4":"format-standard","5":"has-post-thumbnail","7":"category-international","8":"tag-actualite","9":"tag-actualites","10":"tag-conflit-israelo-palestinien","11":"tag-fr","12":"tag-france","13":"tag-gaza","14":"tag-hamas","15":"tag-international","16":"tag-israel","17":"tag-monde","18":"tag-news","19":"tag-onu","20":"tag-palestine","21":"tag-world"},"share_on_mastodon":{"url":"https:\/\/pubeurope.com\/@fr\/115396348772615258","error":""},"_links":{"self":[{"href":"https:\/\/www.europesays.com\/fr\/wp-json\/wp\/v2\/posts\/472966","targetHints":{"allow":["GET"]}}],"collection":[{"href":"https:\/\/www.europesays.com\/fr\/wp-json\/wp\/v2\/posts"}],"about":[{"href":"https:\/\/www.europesays.com\/fr\/wp-json\/wp\/v2\/types\/post"}],"author":[{"embeddable":true,"href":"https:\/\/www.europesays.com\/fr\/wp-json\/wp\/v2\/users\/2"}],"replies":[{"embeddable":true,"href":"https:\/\/www.europesays.com\/fr\/wp-json\/wp\/v2\/comments?post=472966"}],"version-history":[{"count":0,"href":"https:\/\/www.europesays.com\/fr\/wp-json\/wp\/v2\/posts\/472966\/revisions"}],"wp:featuredmedia":[{"embeddable":true,"href":"https:\/\/www.europesays.com\/fr\/wp-json\/wp\/v2\/media\/472967"}],"wp:attachment":[{"href":"https:\/\/www.europesays.com\/fr\/wp-json\/wp\/v2\/media?parent=472966"}],"wp:term":[{"taxonomy":"category","embeddable":true,"href":"https:\/\/www.europesays.com\/fr\/wp-json\/wp\/v2\/categories?post=472966"},{"taxonomy":"post_tag","embeddable":true,"href":"https:\/\/www.europesays.com\/fr\/wp-json\/wp\/v2\/tags?post=472966"}],"curies":[{"name":"wp","href":"https:\/\/api.w.org\/{rel}","templated":true}]}}