{"id":472972,"date":"2025-10-18T17:30:54","date_gmt":"2025-10-18T17:30:54","guid":{"rendered":"https:\/\/www.europesays.com\/fr\/472972\/"},"modified":"2025-10-18T17:30:54","modified_gmt":"2025-10-18T17:30:54","slug":"elles-avaient-detourne-20-000-euros-via-des-cb-volees-2-ados-arretees","status":"publish","type":"post","link":"https:\/\/www.europesays.com\/fr\/472972\/","title":{"rendered":"elles avaient d\u00e9tourn\u00e9 20 000 euros via des CB vol\u00e9es, 2 ados arr\u00eat\u00e9es"},"content":{"rendered":"\n<p>Elles ont reconnu les faits. Que la police estime \u00e0 ce jour \u00e0 31 (ndlr, et elle continue \u00e0 en recenser). Deux jeunes filles de 16 ans viennent d&rsquo;\u00eatre interpell\u00e9es \u00e0 Saint-\u00c9tienne. L&rsquo;une d&rsquo;elles a \u00e9t\u00e9 plac\u00e9e en centre \u00e9ducatif. L&rsquo;autre, tr\u00e8s d\u00e9favorablement connue des services, \u00e9crou\u00e9e. Les deux adolescentes ont \u00e9t\u00e9 prises en flagrant d\u00e9lit de vol \u00e0 la tire, sur la ligne de tram T1, apr\u00e8s un minutieux travail d&rsquo;enqu\u00eate.<\/p>\n<p>Leur mode op\u00e9ratoire \u00e9tait r\u00f4d\u00e9. Elles ciblaient des personnes plut\u00f4t \u00e2g\u00e9es aux stations de tramway. Pr\u00e9textant un bugg des distributeurs, elles demandaient de leur payer un ticket de STAS, en \u00e9change de monnaie. Lorsque la victime s&rsquo;ex\u00e9cutait, les suspectes regardaient discr\u00e8tement le code de carte bleue.<\/p>\n<p>La suite ? Elles profitaient du trajet en tramway pour subtiliser la carte et se rendaient au distributeur le plus proche pour retirer le maximum d&rsquo;argent liquide possible. Le pr\u00e9judice est pour l&rsquo;heure estim\u00e9 \u00e0 plus de 20 000 euros. Il pourrait encore grimper.<\/p>\n","protected":false},"excerpt":{"rendered":"Elles ont reconnu les faits. Que la police estime \u00e0 ce jour \u00e0 31 (ndlr, et elle continue&hellip;\n","protected":false},"author":2,"featured_media":202675,"comment_status":"","ping_status":"","sticky":false,"template":"","format":"standard","meta":{"footnotes":""},"categories":[9653],"tags":[1111,11,2430,59630,59629,1777,674,1011,27,12,1072,25,4001,2221,2692],"class_list":{"0":"post-472972","1":"post","2":"type-post","3":"status-publish","4":"format-standard","5":"has-post-thumbnail","7":"category-saint-etienne","8":"tag-actu","9":"tag-actualites","10":"tag-auvergne-rhone-alpes","11":"tag-carte_bancaire","12":"tag-cb","13":"tag-eu","14":"tag-europe","15":"tag-fr","16":"tag-france","17":"tag-news","18":"tag-police","19":"tag-republique-francaise","20":"tag-saint-etienne","21":"tag-tram","22":"tag-vols"},"share_on_mastodon":{"url":"https:\/\/pubeurope.com\/@fr\/115396364401848391","error":""},"_links":{"self":[{"href":"https:\/\/www.europesays.com\/fr\/wp-json\/wp\/v2\/posts\/472972","targetHints":{"allow":["GET"]}}],"collection":[{"href":"https:\/\/www.europesays.com\/fr\/wp-json\/wp\/v2\/posts"}],"about":[{"href":"https:\/\/www.europesays.com\/fr\/wp-json\/wp\/v2\/types\/post"}],"author":[{"embeddable":true,"href":"https:\/\/www.europesays.com\/fr\/wp-json\/wp\/v2\/users\/2"}],"replies":[{"embeddable":true,"href":"https:\/\/www.europesays.com\/fr\/wp-json\/wp\/v2\/comments?post=472972"}],"version-history":[{"count":0,"href":"https:\/\/www.europesays.com\/fr\/wp-json\/wp\/v2\/posts\/472972\/revisions"}],"wp:featuredmedia":[{"embeddable":true,"href":"https:\/\/www.europesays.com\/fr\/wp-json\/wp\/v2\/media\/202675"}],"wp:attachment":[{"href":"https:\/\/www.europesays.com\/fr\/wp-json\/wp\/v2\/media?parent=472972"}],"wp:term":[{"taxonomy":"category","embeddable":true,"href":"https:\/\/www.europesays.com\/fr\/wp-json\/wp\/v2\/categories?post=472972"},{"taxonomy":"post_tag","embeddable":true,"href":"https:\/\/www.europesays.com\/fr\/wp-json\/wp\/v2\/tags?post=472972"}],"curies":[{"name":"wp","href":"https:\/\/api.w.org\/{rel}","templated":true}]}}