{"id":472977,"date":"2025-10-18T17:35:12","date_gmt":"2025-10-18T17:35:12","guid":{"rendered":"https:\/\/www.europesays.com\/fr\/472977\/"},"modified":"2025-10-18T17:35:12","modified_gmt":"2025-10-18T17:35:12","slug":"drean-de-retour-ollivon-en-deuxieme-ligne-decouvrez-la-composition-de-toulon-pour-affronter-le-racing-92","status":"publish","type":"post","link":"https:\/\/www.europesays.com\/fr\/472977\/","title":{"rendered":"Dr\u00e9an de retour, Ollivon en deuxi\u00e8me ligne\u2026 D\u00e9couvrez la composition de Toulon pour affronter le Racing 92"},"content":{"rendered":"<p class=\"fs-5 \">On l\u2019avait quitt\u00e9 sur une civi\u00e8re, \u00e0 Jean-Dauger, le 28 septembre dernier. Commotionn\u00e9 lors de cette rencontre perdue face \u00e0 Bayonne et \u00e9loign\u00e9 des terrains depuis, l\u2019ailier et facteur X du RCT Ga\u00ebl Dr\u00e9an fera son retour sur le pr\u00e9 ce dimanche 19 octobre, face au Racing 92. Son coach, Pierre Mignoni, a d\u00e9cid\u00e9 de le titulariser sur l\u2019aile droite.<\/p>\n<p class=\"fs-5 \">Une semaine apr\u00e8s la large d\u00e9faite conc\u00e9d\u00e9e \u00e0 Clermont (27-10), les retours de plusieurs autres cadres de l\u2019effectif sont d\u2019ailleurs \u00e0 noter. Jean-Baptiste Gros, Lewis Ludlam, Paolo Garbisi, Setariki Tuicuvu et Juan Ignacio Brex figurent par exemple dans le XV de d\u00e9part.<\/p>\n<p>                                                                                Sinzelle et Ametlla encha\u00eenent<\/p>\n<p class=\"fs-5 \">Forfait lors du d\u00e9placement \u00e0 Marcel-Michelin, l\u2019habituel troisi\u00e8me ligne Charles Ollivon retrouve \u00e9galement une place de titulaire\u2026 Mais cette fois au poste de deuxi\u00e8me ligne. Une position plus inhabituelle pour lui, m\u00eame s\u2019il l\u2019avait d\u00e9j\u00e0 occup\u00e9 par le pass\u00e9. Ce choix du staff a notamment \u00e9t\u00e9 motiv\u00e9 par les absences de Matthias Halagahu, op\u00e9r\u00e9 du pied, et de Corentin M\u00e9zou, qui se remet d\u2019une blessure \u00e0 un doigt. David Ribbans restera n\u00e9anmoins le capitaine de la formation varoise ce week-end encore.<\/p>\n<p class=\"fs-5 \">Enfin, on peut signaler la nouvelle titularisation du centre J\u00e9r\u00e9my Sinzelle, qui encha\u00eene pour la premi\u00e8re fois de la saison, ainsi que la reconduction du tout jeune pilier L\u00e9o Ametlla (21 ans) sur le banc des rempla\u00e7ants.<\/p>\n","protected":false},"excerpt":{"rendered":"On l\u2019avait quitt\u00e9 sur une civi\u00e8re, \u00e0 Jean-Dauger, le 28 septembre dernier. Commotionn\u00e9 lors de cette rencontre perdue&hellip;\n","protected":false},"author":2,"featured_media":472978,"comment_status":"","ping_status":"","sticky":false,"template":"","format":"standard","meta":{"footnotes":""},"categories":[9619],"tags":[1111,11,1777,674,1011,27,12,882,3461,25,2310],"class_list":{"0":"post-472977","1":"post","2":"type-post","3":"status-publish","4":"format-standard","5":"has-post-thumbnail","7":"category-toulon","8":"tag-actu","9":"tag-actualites","10":"tag-eu","11":"tag-europe","12":"tag-fr","13":"tag-france","14":"tag-news","15":"tag-provence-alpes-cote-dazur","16":"tag-rct","17":"tag-republique-francaise","18":"tag-toulon"},"share_on_mastodon":{"url":"https:\/\/pubeurope.com\/@fr\/115396380148547890","error":""},"_links":{"self":[{"href":"https:\/\/www.europesays.com\/fr\/wp-json\/wp\/v2\/posts\/472977","targetHints":{"allow":["GET"]}}],"collection":[{"href":"https:\/\/www.europesays.com\/fr\/wp-json\/wp\/v2\/posts"}],"about":[{"href":"https:\/\/www.europesays.com\/fr\/wp-json\/wp\/v2\/types\/post"}],"author":[{"embeddable":true,"href":"https:\/\/www.europesays.com\/fr\/wp-json\/wp\/v2\/users\/2"}],"replies":[{"embeddable":true,"href":"https:\/\/www.europesays.com\/fr\/wp-json\/wp\/v2\/comments?post=472977"}],"version-history":[{"count":0,"href":"https:\/\/www.europesays.com\/fr\/wp-json\/wp\/v2\/posts\/472977\/revisions"}],"wp:featuredmedia":[{"embeddable":true,"href":"https:\/\/www.europesays.com\/fr\/wp-json\/wp\/v2\/media\/472978"}],"wp:attachment":[{"href":"https:\/\/www.europesays.com\/fr\/wp-json\/wp\/v2\/media?parent=472977"}],"wp:term":[{"taxonomy":"category","embeddable":true,"href":"https:\/\/www.europesays.com\/fr\/wp-json\/wp\/v2\/categories?post=472977"},{"taxonomy":"post_tag","embeddable":true,"href":"https:\/\/www.europesays.com\/fr\/wp-json\/wp\/v2\/tags?post=472977"}],"curies":[{"name":"wp","href":"https:\/\/api.w.org\/{rel}","templated":true}]}}