{"id":472985,"date":"2025-10-18T17:39:10","date_gmt":"2025-10-18T17:39:10","guid":{"rendered":"https:\/\/www.europesays.com\/fr\/472985\/"},"modified":"2025-10-18T17:39:10","modified_gmt":"2025-10-18T17:39:10","slug":"la-prochaine-se-fera-au-milieu-des-wagons","status":"publish","type":"post","link":"https:\/\/www.europesays.com\/fr\/472985\/","title":{"rendered":"la prochaine se fera au milieu des wagons"},"content":{"rendered":"<p>            Par<br \/>\n        <strong><br \/>\n            <a href=\"https:\/\/actu.fr\/auteur\/jessie-leclerc\" title=\"Consulter tous les articles de Jessie Leclerc\" rel=\"nofollow noopener\" target=\"_blank\">Jessie Leclerc<\/a><br \/>\n        <\/strong><\/p>\n<p>        Publi\u00e9 le<\/p>\n<p>            18 oct. 2025 \u00e0 17h20        <\/p>\n<p>Apr\u00e8s un premier \u00e9v\u00e9nement remarqu\u00e9 sur le rooftop des Docks 76, l\u2019association rouennaise <strong>Hors Club<\/strong> revient avec une nouvelle exp\u00e9rience insolite. Le vendredi 24\u00a0octobre 2025, la bande de cinq amis embarque les f\u00eatards pour <strong>une soir\u00e9e musicale in\u00e9dite<\/strong> au beau milieu de wagons anciens,<strong> \u00e0 Sotteville-l\u00e8s-Rouen (Seine-Maritime)<\/strong>. Les rails <a href=\"https:\/\/actu.fr\/normandie\/sotteville-les-rouen_76681\/pres-de-rouen-le-pacific-vapeur-club-porte-le-projet-d-un-musee-vivant-du-train_53359716.html\" rel=\"nofollow noopener\" target=\"_blank\">du Pacific Vapeur Club<\/a> se transformeront alors en dancefloor, le temps d\u2019une soir\u00e9e \u00e9lectro pas comme les autres.<\/p>\n<p>Cinq amis, une id\u00e9e un peu folle<\/p>\n<p class=\" wall-content\">Tout est parti d\u2019une discussion entre cinq copains. Trois d\u2019entre eux t\u00e9moignent.<\/p>\n<p class=\" wall-content\"><strong>Antoine<\/strong>, 35\u00a0ans, DJ et producteur depuis une vingtaine d\u2019ann\u00e9es, r\u00eavait d\u2019organiser des soir\u00e9es diff\u00e9rentes. \u00c0 ses c\u00f4t\u00e9s, <strong>Nicolas<\/strong>, 35\u00a0ans \u00e9galement, restaurateur et ancien <a href=\"https:\/\/actu.fr\/normandie\/saint-etienne-du-rouvray_76575\/faire-la-fete-devrait-etre-simple-un-service-de-location-de-materiel-festif-a-ouvert-pres-de-rouen_62861797.html\" rel=\"nofollow noopener\" target=\"_blank\">organisateur d\u2019\u00e9v\u00e9nements<\/a> et <strong>John<\/strong>, 44\u00a0ans, entrepreneur touche-\u00e0-tout, partagent le m\u00eame go\u00fbt pour les projets d\u00e9cal\u00e9s.<\/p>\n<p class=\" wall-content\">\u00ab\u2009De base je voulais faire un truc dans un parking, puis on en a parl\u00e9 entre nous et on c\u2019est dit pourquoi pas\u2009\u00bb, explique Antoine. Ainsi, na\u00eet Hors Club.<\/p>\n<p class=\" wall-content\">\u00ab\u2009On a vraiment cette envie de monter<strong> des soir\u00e9es qui sortent des sentiers battus<\/strong>, dans des lieux improbables, l\u00e0 o\u00f9 personne ne nous attend\u2009\u00bb, vend Nicolas.<\/p>\n<p class=\" wall-content\">Et tout s\u2019encha\u00eene tr\u00e8s vite. En juin dernier, en quelques semaines, ils se lancent et transforment le toit <a href=\"https:\/\/actu.fr\/normandie\/rouen_76540\/restaurants-et-vetements-decouvrez-les-nombreuses-nouvelles-enseignes-des-centres-commerciaux-de-rouen_63202420.html\" rel=\"nofollow noopener\" target=\"_blank\">des Docks 76<\/a> en un clubbing \u00e0 ciel ouvert. \u00ab\u2009Quand Audrey, la directrice des Docks nous a donn\u00e9 le feu vert, on a fonc\u00e9\u2009\u00bb, se rem\u00e9more John.<\/p>\n<p class=\" wall-content\">Fort de son succ\u00e8s, le collectif\u00a0signe son Acte 2 avec un d\u00e9cor encore plus \u00e9tonnant. <strong>Une vieille gare et ses wagons d\u2019\u00e9poque<\/strong>.<\/p>\n<p>Votre r\u00e9gion, votre actu !<\/p>\n<p>Recevez chaque jour les infos qui comptent pour vous.<\/p>\n<p>\t<a href=\"https:\/\/actu.fr\/newsletter\" class=\"ac-btn ac-btn--corner ac-btn--medium ac-btn--blue800\" rel=\"nofollow noopener\" target=\"_blank\">S&rsquo;incrire<\/a><br \/>\nDans chaque wagon, une ambiance diff\u00e9rente<\/p>\n<p class=\" wall-content\">\u00c0 l\u2019arri\u00e8re d\u2019une locomotive \u00e0 vapeur qui n\u2019est pas sans rappeler l\u2019Orient Express ou le Poudlard Express, <strong>plusieurs voitures vintages<\/strong> se suivront pour former un dr\u00f4le de train. \u00c0 l\u2019int\u00e9rieur de chacune d\u2019entre elles, une exp\u00e9rience diff\u00e9rente.<\/p>\n<blockquote class=\"ac-article-quote wall-content\">\n<p>Le but c&rsquo;est que ce soit vivant, que les gens circulent. Ce n&rsquo;est pas qu&rsquo;une sc\u00e8ne, mais une vraie exp\u00e9rience.<\/p>\n<p>    <strong>Antoine<\/strong><br \/>\n        Membre de l&rsquo;association Hors Club    <\/p><\/blockquote>\n<p class=\" wall-content\">Le <strong>wagon cin\u00e9ma<\/strong>, avec sa capacit\u00e9 d\u2019environ 70 places, diffusera des films et des documentaires, le wagon postal sera consacr\u00e9 <a href=\"https:\/\/actu.fr\/normandie\/rouen_76540\/dcouvrez-le-plus-beau-et-le-plus-grand-salon-de-tatouage-de-rouen_59602891.html\" rel=\"nofollow noopener\" target=\"_blank\">aux artistes tatoueurs<\/a> et le <strong>wagon dansant<\/strong> vibrera au rythme de la disco, puis de la techno. Pour hydrater tout le monde, un <strong>wagon bar<\/strong> des ann\u00e9es 60 accueillera \u00e9galement le public.<\/p>\n<p class=\" wall-content\"><a href=\"https:\/\/www.instagram.com\/p\/DO0l42rCLFL\/embed\" title=\"Ouvrir le lien sur Instagram\" rel=\"nofollow noopener\" target=\"_blank\">Visualiser le contenu sur Instagram<\/a><\/p>\n<p class=\" wall-content\">En dehors des wagons, il sera aussi possible de profiter de deux stands alimentaires et <a href=\"https:\/\/actu.fr\/normandie\/rouen_76540\/a-rouen-la-friperie-mad-vintage-ferme-en-centre-ville-et-ouvre-son-depot-au-public_63200395.html\" rel=\"nofollow noopener\" target=\"_blank\">d\u2019une friperie<\/a>. \u00ab\u2009Tout comme <strong>un mini-festival<\/strong>\u2009\u00bb, se r\u00e9jouit Nicolas.<\/p>\n<p>Une grande sc\u00e8ne 100\u2009% f\u00e9minine<\/p>\n<p class=\" wall-content\">Au centre de la gare, la sc\u00e8ne principale laissera place \u00e0 Melody et Ethel, deux<a href=\"https:\/\/actu.fr\/normandie\/rouen_76540\/dj-techno-electro-a-rouen-ils-font-decouvrir-des-pepites-locales-dans-leur-appartement_63056482.html\" rel=\"nofollow noopener\" target=\"_blank\"> DJs pleines d\u2019\u00e9nergie<\/a>. \u00ab\u2009Le monde de la nuit, surtout en club, est super masculin. Nous, on veut montrer que les femmes aussi ont leur place\u2009\u00bb, confie Nicolas.<\/p>\n<p class=\" wall-content\">Les wagons ne sont pas accessibles aux personnes \u00e0 mobilit\u00e9 r\u00e9duite. Mais le site, goudronn\u00e9, l\u2019est. \u00ab\u2009On essaye d\u2019\u00eatre inclusif. Le sol n\u2019est pas parfait, mais \u00e7a peut le faire. Ce n\u2019est pas pire que les rues pav\u00e9es de Rouen\u2009\u00bb, affirme John.<\/p>\n<p>500\u00a0personnes attendues<\/p>\n<p class=\" wall-content\">En tout, <strong>environ 500\u00a0personnes<\/strong> sont attendues. \u00ab\u2009Et on l\u2019a vu la derni\u00e8re fois, ce qui est beau c\u2019est que \u00e7a touche toutes les g\u00e9n\u00e9rations, de 18 \u00e0 65\u00a0ans\u2009\u00bb, sourit John.<\/p>\n<p class=\" wall-content\">Le Hors Club r\u00e9fl\u00e9chi d\u00e9j\u00e0 \u00e0 d\u2019autres soir\u00e9es pour 2026. Tout est <strong>encore secret<\/strong>. \u00ab\u2009On se laisse un peu plus de temps, parce que l\u2019on vise des lieux plus grands et \u00e7a demande beaucoup de temps\u2009\u00bb, assure-t-il.<\/p>\n<p>Pacific Vapeur Club au 171 Rue Vincent Auriol, 76300 Sotteville-l\u00e8s-Rouen. Billets de 20 \u00e0 30\u00a0euros, disponibles <a href=\"https:\/\/shotgun.live\/fr\/events\/hors-club?fbclid=PAdGRleAM9AKRleHRuA2FlbQIxMQABp26Rcb2hRUI06xYZDkrui1QA4NLD3S3ZkCZf92EwJNk7OP42ETckzlLBqppp_aem_5A98PWpGmm_N4ZH5OdEjPg\" rel=\"nofollow noopener\" target=\"_blank\">en cliquant ici<\/a>. Possibilit\u00e9 de se garer sur le parking de l\u2019enseigne Intermarch\u00e9.Suivez l\u2019actualit\u00e9 de Rouen <a href=\"https:\/\/www.whatsapp.com\/channel\/0029VaKfnf99hXF2ddApFB1D\" rel=\"nofollow noopener\" target=\"_blank\">sur notre cha\u00eene WhatsApp<\/a> et <a href=\"https:\/\/www.tiktok.com\/@76actu.fr?lang=fr\" rel=\"nofollow noopener\" target=\"_blank\">sur notre compte TikTok<\/a><\/p>\n<p class=\" wall-content\">Personnalisez votre actualit\u00e9 en ajoutant vos villes et m\u00e9dias en favori avec <a href=\"https:\/\/moncompte.actu.fr\" title=\"D\u00e9couvez Mon Actu\" rel=\"nofollow noopener\" data-trk=\"{&quot;cta&quot;:{&quot;action&quot;:&quot;https:\\\/\\\/moncompte.actu.fr&quot;,&quot;category&quot;:&quot;mon compte&quot;,&quot;from&quot;:&quot;article footer&quot;,&quot;name&quot;:&quot;Mon actu&quot;,&quot;type&quot;:&quot;cta&quot;}}\" target=\"_blank\">Mon Actu<\/a>.<\/p>\n<p>                    <script async src=\"\/\/www.instagram.com\/embed.js\"><\/script><script async src=\"\/\/www.tiktok.com\/embed.js\"><\/script><\/p>\n","protected":false},"excerpt":{"rendered":"Par Jessie Leclerc Publi\u00e9 le 18 oct. 2025 \u00e0 17h20 Apr\u00e8s un premier \u00e9v\u00e9nement remarqu\u00e9 sur le rooftop&hellip;\n","protected":false},"author":2,"featured_media":472986,"comment_status":"","ping_status":"","sticky":false,"template":"","format":"standard","meta":{"footnotes":""},"categories":[9587],"tags":[1111,11,9086,1697,1777,674,1011,27,1757,1652,12,5161,25,9590],"class_list":{"0":"post-472985","1":"post","2":"type-post","3":"status-publish","4":"format-standard","5":"has-post-thumbnail","7":"category-rouen","8":"tag-actu","9":"tag-actualites","10":"tag-bon-plan-a-rouen","11":"tag-concert","12":"tag-eu","13":"tag-europe","14":"tag-fr","15":"tag-france","16":"tag-insolite","17":"tag-loisirs-culture","18":"tag-news","19":"tag-normandie","20":"tag-republique-francaise","21":"tag-rouen"},"share_on_mastodon":{"url":"https:\/\/pubeurope.com\/@fr\/115396395947768310","error":""},"_links":{"self":[{"href":"https:\/\/www.europesays.com\/fr\/wp-json\/wp\/v2\/posts\/472985","targetHints":{"allow":["GET"]}}],"collection":[{"href":"https:\/\/www.europesays.com\/fr\/wp-json\/wp\/v2\/posts"}],"about":[{"href":"https:\/\/www.europesays.com\/fr\/wp-json\/wp\/v2\/types\/post"}],"author":[{"embeddable":true,"href":"https:\/\/www.europesays.com\/fr\/wp-json\/wp\/v2\/users\/2"}],"replies":[{"embeddable":true,"href":"https:\/\/www.europesays.com\/fr\/wp-json\/wp\/v2\/comments?post=472985"}],"version-history":[{"count":0,"href":"https:\/\/www.europesays.com\/fr\/wp-json\/wp\/v2\/posts\/472985\/revisions"}],"wp:featuredmedia":[{"embeddable":true,"href":"https:\/\/www.europesays.com\/fr\/wp-json\/wp\/v2\/media\/472986"}],"wp:attachment":[{"href":"https:\/\/www.europesays.com\/fr\/wp-json\/wp\/v2\/media?parent=472985"}],"wp:term":[{"taxonomy":"category","embeddable":true,"href":"https:\/\/www.europesays.com\/fr\/wp-json\/wp\/v2\/categories?post=472985"},{"taxonomy":"post_tag","embeddable":true,"href":"https:\/\/www.europesays.com\/fr\/wp-json\/wp\/v2\/tags?post=472985"}],"curies":[{"name":"wp","href":"https:\/\/api.w.org\/{rel}","templated":true}]}}